 {"id":47500,"date":"2023-01-31T17:49:16","date_gmt":"2023-01-31T16:49:16","guid":{"rendered":"https:\/\/www.viena.es\/?p=47500"},"modified":"2023-02-08T16:06:28","modified_gmt":"2023-02-08T15:06:28","slug":"centimo-a-centimo-prevenimos-los-incendios","status":"publish","type":"post","link":"https:\/\/www.viena.es\/es\/blog\/sociedad\/centimo-a-centimo-prevenimos-los-incendios\/","title":{"rendered":"C\u00e9ntimo a C\u00e9ntimo, prevenimos los incendios"},"content":{"rendered":"\t\t<div data-elementor-type=\"wp-post\" data-elementor-id=\"47500\" class=\"elementor elementor-47500 elementor-47499\">\n\t\t\t\t\t\t<section class=\"elementor-section elementor-top-section elementor-element elementor-element-63110b9 elementor-section-boxed elementor-section-height-default elementor-section-height-default\" data-id=\"63110b9\" data-element_type=\"section\" data-e-type=\"section\">\n\t\t\t\t\t\t<div class=\"elementor-container elementor-column-gap-default\">\n\t\t\t\t\t<div class=\"elementor-column elementor-col-100 elementor-top-column elementor-element elementor-element-86a9052\" data-id=\"86a9052\" data-element_type=\"column\" data-e-type=\"column\">\n\t\t\t<div class=\"elementor-widget-wrap elementor-element-populated\">\n\t\t\t\t\t\t<div class=\"elementor-element elementor-element-347edfa elementor-widget elementor-widget-image\" data-id=\"347edfa\" data-element_type=\"widget\" data-e-type=\"widget\" data-widget_type=\"image.default\">\n\t\t\t\t<div class=\"elementor-widget-container\">\n\t\t\t\t\t\t\t\t\t\t\t\t\t\t\t<img fetchpriority=\"high\" decoding=\"async\" width=\"2560\" height=\"830\" src=\"https:\/\/www.viena.es\/wp-content\/uploads\/2023\/01\/BANNER-BLOG-XCN_CAST.jpg\" class=\"attachment-full size-full wp-image-47533 img-fluid \" alt=\"\" srcset=\"https:\/\/www.viena.es\/wp-content\/uploads\/2023\/01\/BANNER-BLOG-XCN_CAST.jpg 2560w, https:\/\/www.viena.es\/wp-content\/uploads\/2023\/01\/BANNER-BLOG-XCN_CAST-768x249.jpg 768w, https:\/\/www.viena.es\/wp-content\/uploads\/2023\/01\/BANNER-BLOG-XCN_CAST-1200x389.jpg 1200w, https:\/\/www.viena.es\/wp-content\/uploads\/2023\/01\/BANNER-BLOG-XCN_CAST-1536x498.jpg 1536w, https:\/\/www.viena.es\/wp-content\/uploads\/2023\/01\/BANNER-BLOG-XCN_CAST-2048x664.jpg 2048w\" sizes=\"(max-width: 2560px) 100vw, 2560px\" \/>\t\t\t\t\t\t\t\t\t\t\t\t\t\t\t<\/div>\n\t\t\t\t<\/div>\n\t\t\t\t\t<\/div>\n\t\t<\/div>\n\t\t\t\t\t<\/div>\n\t\t<\/section>\n\t\t\t\t<section class=\"elementor-section elementor-top-section elementor-element elementor-element-ad92109 elementor-section-boxed elementor-section-height-default elementor-section-height-default\" data-id=\"ad92109\" data-element_type=\"section\" data-e-type=\"section\">\n\t\t\t\t\t\t<div class=\"elementor-container elementor-column-gap-default\">\n\t\t\t\t\t<div class=\"elementor-column elementor-col-33 elementor-top-column elementor-element elementor-element-a8f67da\" data-id=\"a8f67da\" data-element_type=\"column\" data-e-type=\"column\">\n\t\t\t<div class=\"elementor-widget-wrap\">\n\t\t\t\t\t\t\t<\/div>\n\t\t<\/div>\n\t\t\t\t<div class=\"elementor-column elementor-col-33 elementor-top-column elementor-element elementor-element-5aa1a6b\" data-id=\"5aa1a6b\" data-element_type=\"column\" data-e-type=\"column\">\n\t\t\t<div class=\"elementor-widget-wrap elementor-element-populated\">\n\t\t\t\t\t\t<div class=\"elementor-element elementor-element-e51bbc5 elementor-widget elementor-widget-spacer\" data-id=\"e51bbc5\" data-element_type=\"widget\" data-e-type=\"widget\" data-widget_type=\"spacer.default\">\n\t\t\t\t<div class=\"elementor-widget-container\">\n\t\t\t\t\t\t\t<div class=\"elementor-spacer\">\n\t\t\t<div class=\"elementor-spacer-inner\"><\/div>\n\t\t<\/div>\n\t\t\t\t\t\t<\/div>\n\t\t\t\t<\/div>\n\t\t\t\t<div class=\"elementor-element elementor-element-8ad550f elementor-widget elementor-widget-heading\" data-id=\"8ad550f\" data-element_type=\"widget\" data-e-type=\"widget\" data-widget_type=\"heading.default\">\n\t\t\t\t<div class=\"elementor-widget-container\">\n\t\t\t\t\t<h4 class=\"elementor-heading-title elementor-size-default\">SOCIEDAD<\/h4>\t\t\t\t<\/div>\n\t\t\t\t<\/div>\n\t\t\t\t<div class=\"elementor-element elementor-element-dfae9a1 elementor-widget elementor-widget-heading\" data-id=\"dfae9a1\" data-element_type=\"widget\" data-e-type=\"widget\" data-widget_type=\"heading.default\">\n\t\t\t\t<div class=\"elementor-widget-container\">\n\t\t\t\t\t<h2 class=\"elementor-heading-title elementor-size-default\">C\u00c9NTIMO A C\u00c9NTIMO, PREVENIMOS LOS INCENDIOS<\/h2>\t\t\t\t<\/div>\n\t\t\t\t<\/div>\n\t\t\t\t<div class=\"elementor-element elementor-element-8f09734 elementor-widget elementor-widget-spacer\" data-id=\"8f09734\" data-element_type=\"widget\" data-e-type=\"widget\" data-widget_type=\"spacer.default\">\n\t\t\t\t<div class=\"elementor-widget-container\">\n\t\t\t\t\t\t\t<div class=\"elementor-spacer\">\n\t\t\t<div class=\"elementor-spacer-inner\"><\/div>\n\t\t<\/div>\n\t\t\t\t\t\t<\/div>\n\t\t\t\t<\/div>\n\t\t\t\t<div class=\"elementor-element elementor-element-1d43dc9 elementor-widget elementor-widget-text-editor\" data-id=\"1d43dc9\" data-element_type=\"widget\" data-e-type=\"widget\" data-widget_type=\"text-editor.default\">\n\t\t\t\t<div class=\"elementor-widget-container\">\n\t\t\t\t\t\t\t\t\t<h5><strong>Desde Viena, seguimos colaborando con iniciativas comprometidas con la sociedad y el medio ambiente<\/strong><\/h5><div><strong style=\"font-size: 1.25rem; text-align: start;\">\u00a0<\/strong><\/div>\t\t\t\t\t\t\t\t<\/div>\n\t\t\t\t<\/div>\n\t\t\t\t\t<\/div>\n\t\t<\/div>\n\t\t\t\t<div class=\"elementor-column elementor-col-33 elementor-top-column elementor-element elementor-element-6a8b9b5\" data-id=\"6a8b9b5\" data-element_type=\"column\" data-e-type=\"column\">\n\t\t\t<div class=\"elementor-widget-wrap\">\n\t\t\t\t\t\t\t<\/div>\n\t\t<\/div>\n\t\t\t\t\t<\/div>\n\t\t<\/section>\n\t\t\t\t<section class=\"elementor-section elementor-top-section elementor-element elementor-element-2e2e0d0 elementor-section-boxed elementor-section-height-default elementor-section-height-default\" data-id=\"2e2e0d0\" data-element_type=\"section\" data-e-type=\"section\">\n\t\t\t\t\t\t<div class=\"elementor-container elementor-column-gap-default\">\n\t\t\t\t\t<div class=\"elementor-column elementor-col-16 elementor-top-column elementor-element elementor-element-3074b28\" data-id=\"3074b28\" data-element_type=\"column\" data-e-type=\"column\">\n\t\t\t<div class=\"elementor-widget-wrap\">\n\t\t\t\t\t\t\t<\/div>\n\t\t<\/div>\n\t\t\t\t<div class=\"elementor-column elementor-col-66 elementor-top-column elementor-element elementor-element-6e0fc4e\" data-id=\"6e0fc4e\" data-element_type=\"column\" data-e-type=\"column\">\n\t\t\t<div class=\"elementor-widget-wrap elementor-element-populated\">\n\t\t\t\t\t\t<div class=\"elementor-element elementor-element-43bea23 elementor-widget elementor-widget-text-editor\" data-id=\"43bea23\" data-element_type=\"widget\" data-e-type=\"widget\" data-widget_type=\"text-editor.default\">\n\t\t\t\t<div class=\"elementor-widget-container\">\n\t\t\t\t\t\t\t\t\t<p>Juntamente con <strong>la entidad\u00a0<\/strong><a href=\"https:\/\/xcn.cat\/\"><strong>Xarxa per a la Conservaci\u00f3 de la Natura (xcn.cat)<\/strong><\/a><strong>,\u00a0<\/strong>este 2023 presentamos una nueva iniciativa de redondeo solidario bajo el reto\u00a0<strong>\u00abC\u00e9ntimo a c\u00e9ntimo, prevenimos los incendios\u00bb.<\/strong><\/p>\t\t\t\t\t\t\t\t<\/div>\n\t\t\t\t<\/div>\n\t\t\t\t<div class=\"elementor-element elementor-element-50105c0 elementor-widget elementor-widget-spacer\" data-id=\"50105c0\" data-element_type=\"widget\" data-e-type=\"widget\" data-widget_type=\"spacer.default\">\n\t\t\t\t<div class=\"elementor-widget-container\">\n\t\t\t\t\t\t\t<div class=\"elementor-spacer\">\n\t\t\t<div class=\"elementor-spacer-inner\"><\/div>\n\t\t<\/div>\n\t\t\t\t\t\t<\/div>\n\t\t\t\t<\/div>\n\t\t\t\t<div class=\"elementor-element elementor-element-f037afb elementor-widget-divider--view-line elementor-widget elementor-widget-divider\" data-id=\"f037afb\" data-element_type=\"widget\" data-e-type=\"widget\" data-widget_type=\"divider.default\">\n\t\t\t\t<div class=\"elementor-widget-container\">\n\t\t\t\t\t\t\t<div class=\"elementor-divider\">\n\t\t\t<span class=\"elementor-divider-separator\">\n\t\t\t\t\t\t<\/span>\n\t\t<\/div>\n\t\t\t\t\t\t<\/div>\n\t\t\t\t<\/div>\n\t\t\t\t<div class=\"elementor-element elementor-element-e1b499b elementor-widget elementor-widget-spacer\" data-id=\"e1b499b\" data-element_type=\"widget\" data-e-type=\"widget\" data-widget_type=\"spacer.default\">\n\t\t\t\t<div class=\"elementor-widget-container\">\n\t\t\t\t\t\t\t<div class=\"elementor-spacer\">\n\t\t\t<div class=\"elementor-spacer-inner\"><\/div>\n\t\t<\/div>\n\t\t\t\t\t\t<\/div>\n\t\t\t\t<\/div>\n\t\t\t\t<div class=\"elementor-element elementor-element-1b6fdb5 elementor-widget elementor-widget-text-editor\" data-id=\"1b6fdb5\" data-element_type=\"widget\" data-e-type=\"widget\" data-widget_type=\"text-editor.default\">\n\t\t\t\t<div class=\"elementor-widget-container\">\n\t\t\t\t\t\t\t\t\t<p>El a\u00f1o 2022 ha acabado y, con \u00e9l, finaliza tambi\u00e9n la\u00a0<strong>campa\u00f1a de redondeo solidario para mejorar\u00a0el bienestar de los j\u00f3venes con sufrimiento emocional en colaboraci\u00f3n con la entidad Salut Mental Catalunya<\/strong>\u00a0con la que Viena se ha asociado durante los \u00faltimos meses. Gracias a su trabajo y a tu ayuda hemos podido ofrecer acompa\u00f1amiento, orientaci\u00f3n y recursos.<\/p><p>Y ahora es el momento de iniciar un nuevo proyecto. En esta ocasi\u00f3n, os presentamos\u00a0<strong>la entidad\u00a0<\/strong><a href=\"https:\/\/xcn.cat\/\"><strong>Xarxa per a la Conservaci\u00f3 de la Natura (xcn.cat)<\/strong><\/a><strong>,\u00a0<\/strong>con quien nos asociamos<strong>\u00a0para concienciar acerca de la importancia de la prevenci\u00f3n de incendios en todo el territorio catal\u00e1n\u00a0<\/strong>bajo el reto<strong>\u00a0\u00abC\u00e9ntimo a c\u00e9ntimo, prevenimos los incendios\u00bb.<\/strong><\/p><p>\u00a0<\/p><h5 style=\"color: #000000; text-align: start;\"><span style=\"color: #ff6b00; font-size: 23px; text-align: center;\">\u00bfSab\u00edas que m\u00e1s de la mitad de la superficie de Catalunya son terrenos forestales pero que en muchos bosques no se realiza ning\u00fan tipo de gesti\u00f3n?<\/span><\/h5><p>Es una realidad que, unida al aumento de les temperaturas y a la disminuci\u00f3n de las precipitaciones,\u00a0<strong>supone un incremento del riesgo de incendio en estos espacios.<\/strong><\/p><p>Es necesario impulsar\u00a0<strong>estrategias de prevenci\u00f3n<\/strong>\u00a0y una de ellas es el <strong>uso de\u00a0reba\u00f1os para pastoreo<\/strong>\u00a0que controlen el crecimiento y la estructura de la vegetaci\u00f3n, combustible en la propagaci\u00f3n de incendios.<\/p><p>El dinero recaudado se dedicar\u00e1 a\u00a0<strong>proyectos con reba\u00f1os de 5 entidades sin \u00e1nimo de lucro en 5 espacios de<\/strong>\u00a0Catalunya clasificados como zonas de alto riesgo de peligro de incendio: el Garraf, la Ribera d\u2019Ebre, Alt Camp, Les Garrigues y la Serra de Llaberia.<\/p><p><span style=\"color: #000000; text-align: start;\">\u00a0<\/span><\/p><h5 style=\"color: #000000; text-align: start;\"><span style=\"color: #ff6b00; font-size: 23px; text-align: center;\">El pastoreo es una estrategia de prevenci\u00f3n muy valiosa para el entorno que controla el crecimiento de la vegetaci\u00f3n de forma natural<\/span><\/h5><p>As\u00ed lo sostiene un estudio realizado por una de las fundaciones beneficiarias de la iniciativa, la Fundaci\u00f3 Miranda, juntamente con la Universitat Aut\u00f2noma de Barcelona i el Parc del Garraf. Las conclusiones demuestran que\u00a0<strong>all\u00e1 donde pasturan animales\u00a0<\/strong>-en su caso, caballos-<strong>, la materia vegetal combustible se reduce en un 72%.<\/strong><b><\/b><span style=\"color: #ff6b00; font-size: 23px; text-align: center;\"><br \/><\/span><\/p><p>\u00a0<\/p><div id=\"attachment_46862\" style=\"width: 778px\" class=\"wp-caption alignnone\"><img decoding=\"async\" aria-describedby=\"caption-attachment-46862\" src=\"https:\/\/www.viena.es\/wp-content\/uploads\/2023\/01\/Autoria_Moli-del-Fort_ovelles-7-12-768x355.jpeg\" alt=\"\" \/><p id=\"caption-attachment-46862\" class=\"wp-caption-text\">Associaci\u00f3 Mol\u00ed del Fort<\/p><\/div>\t\t\t\t\t\t\t\t<\/div>\n\t\t\t\t<\/div>\n\t\t\t\t<div class=\"elementor-element elementor-element-1c014e8 elementor-widget elementor-widget-spacer\" data-id=\"1c014e8\" data-element_type=\"widget\" data-e-type=\"widget\" data-widget_type=\"spacer.default\">\n\t\t\t\t<div class=\"elementor-widget-container\">\n\t\t\t\t\t\t\t<div class=\"elementor-spacer\">\n\t\t\t<div class=\"elementor-spacer-inner\"><\/div>\n\t\t<\/div>\n\t\t\t\t\t\t<\/div>\n\t\t\t\t<\/div>\n\t\t\t\t<div class=\"elementor-element elementor-element-676c678 elementor-widget elementor-widget-text-editor\" data-id=\"676c678\" data-element_type=\"widget\" data-e-type=\"widget\" data-widget_type=\"text-editor.default\">\n\t\t\t\t<div class=\"elementor-widget-container\">\n\t\t\t\t\t\t\t\t\t<div><div><div><div><ul><li><h6><strong>\u00bfQu\u00e9 acciones se promover\u00e1n con la iniciativa\u00a0<\/strong><strong>\u00abC\u00e9ntimo a c\u00e9ntimo, prevenimos los incendios\u00bb?<\/strong><strong>\u00a0<\/strong><\/h6><\/li><\/ul><div><b>\u00a0<\/b><\/div><p>Gracias a tu implicaci\u00f3n y a la de todos los que participen en el redondeo solidario en los Establiments Viena durante el 2023, con la recaptaci\u00f3n conseguida se llevaran a cabo\u00a0<strong>actuaciones de prevenci\u00f3n de incendios y de gesti\u00f3n de la biodiversidad mediante el pastoreo de reba\u00f1os.<\/strong><\/p><p>Las acciones seran impulsadas por las siguientes\u00a0<strong>entidades sin \u00e1nimo de lucro<\/strong>:\u00a0<strong>Fundaci\u00f3 Miranda<\/strong>\u00a0(Sant Pere de Ribes, en el Garraf),\u00a0<strong>Associaci\u00f3 L\u2019Aube<\/strong>\u00a0(Mora d\u2019Ebre, en la Ribera d\u2019Ebre),\u00a0<strong>Associaci\u00f3 Mol\u00ed del Fort<\/strong>\u00a0(Mont-ral, en el Alt Camp),\u00a0<strong>Associaci\u00f3 Trenca<\/strong>\u00a0(Bovera, en Les Garrigues) y\u00a0<strong>Fundaci\u00f3 Pau Costa<\/strong>\u00a0(Cap\u00e7anes en el Prioritat, Pratdip en el Baix Camp y Tivissa en la Ribera d\u2019Ebre).<\/p><p>En total, su actuaci\u00f3n tendr\u00e1 impacto en m\u00e1s de 1300 hect\u00e1reas\u00a0<strong>en zonas con un riesgo alto o muy alto de peligro de incendios.<\/strong><b><\/b><\/p><\/div><\/div><\/div><\/div>\t\t\t\t\t\t\t\t<\/div>\n\t\t\t\t<\/div>\n\t\t\t\t<div class=\"elementor-element elementor-element-c9c4950 elementor-arrows-position-inside elementor-pagination-position-outside elementor-widget elementor-widget-image-carousel\" data-id=\"c9c4950\" data-element_type=\"widget\" data-e-type=\"widget\" data-settings=\"{&quot;speed&quot;:1000,&quot;image_spacing_custom&quot;:{&quot;unit&quot;:&quot;px&quot;,&quot;size&quot;:6,&quot;sizes&quot;:[]},&quot;navigation&quot;:&quot;both&quot;,&quot;autoplay&quot;:&quot;yes&quot;,&quot;pause_on_hover&quot;:&quot;yes&quot;,&quot;pause_on_interaction&quot;:&quot;yes&quot;,&quot;autoplay_speed&quot;:5000,&quot;infinite&quot;:&quot;yes&quot;,&quot;image_spacing_custom_tablet&quot;:{&quot;unit&quot;:&quot;px&quot;,&quot;size&quot;:&quot;&quot;,&quot;sizes&quot;:[]},&quot;image_spacing_custom_mobile&quot;:{&quot;unit&quot;:&quot;px&quot;,&quot;size&quot;:&quot;&quot;,&quot;sizes&quot;:[]}}\" data-widget_type=\"image-carousel.default\">\n\t\t\t\t<div class=\"elementor-widget-container\">\n\t\t\t\t\t\t\t<div class=\"elementor-image-carousel-wrapper swiper\" role=\"region\" aria-roledescription=\"carousel\" aria-label=\"Carrusel de im\u00e1genes\" dir=\"ltr\">\n\t\t\t<div class=\"elementor-image-carousel swiper-wrapper\" aria-live=\"off\">\n\t\t\t\t\t\t\t\t<div class=\"swiper-slide\" role=\"group\" aria-roledescription=\"slide\" aria-label=\"1 de 5\"><figure class=\"swiper-slide-inner\"><img decoding=\"async\" class=\"swiper-slide-image img-fluid \" src=\"https:\/\/www.viena.es\/wp-content\/uploads\/2023\/01\/Imatges-Autoria-Associacio-Trenca-20-425x425.jpeg\" alt=\"Fundaci\u00f3 Trenca\" \/><figcaption class=\"elementor-image-carousel-caption\"> Fundaci\u00f3 Trenca<\/figcaption><\/figure><\/div><div class=\"swiper-slide\" role=\"group\" aria-roledescription=\"slide\" aria-label=\"2 de 5\"><figure class=\"swiper-slide-inner\"><img decoding=\"async\" class=\"swiper-slide-image img-fluid \" src=\"https:\/\/www.viena.es\/wp-content\/uploads\/2023\/01\/Imatges-Cavalls-al-Garraf-1-\u00a9-Pau-Barrena-425x425.jpg\" alt=\"Fundaci\u00f3 Miranda | Pau Barrena\" \/><figcaption class=\"elementor-image-carousel-caption\">Fundaci\u00f3 Miranda | Pau Barrena<\/figcaption><\/figure><\/div><div class=\"swiper-slide\" role=\"group\" aria-roledescription=\"slide\" aria-label=\"3 de 5\"><figure class=\"swiper-slide-inner\"><img decoding=\"async\" class=\"swiper-slide-image img-fluid \" src=\"https:\/\/www.viena.es\/wp-content\/uploads\/2023\/01\/LAube_Autoria_Pere_Josep_Jimenez-16-425x425.jpg\" alt=\"Associaci\u00f3 Aube | Pere Josep Jimenez\" \/><figcaption class=\"elementor-image-carousel-caption\">Associaci\u00f3 Aube | Pere Josep Jimenez<\/figcaption><\/figure><\/div><div class=\"swiper-slide\" role=\"group\" aria-roledescription=\"slide\" aria-label=\"4 de 5\"><figure class=\"swiper-slide-inner\"><img decoding=\"async\" class=\"swiper-slide-image img-fluid \" src=\"https:\/\/www.viena.es\/wp-content\/uploads\/2023\/01\/IMG_20230111_102704-425x425.jpg\" alt=\"Fundaci\u00f3 Pau Costa | M. Pellicer\" \/><figcaption class=\"elementor-image-carousel-caption\">Fundaci\u00f3 Pau Costa | M. Pellicer<\/figcaption><\/figure><\/div><div class=\"swiper-slide\" role=\"group\" aria-roledescription=\"slide\" aria-label=\"5 de 5\"><figure class=\"swiper-slide-inner\"><img decoding=\"async\" class=\"swiper-slide-image img-fluid \" src=\"https:\/\/www.viena.es\/wp-content\/uploads\/2023\/01\/Autoria_Moli-del-Fort_ovelles-7-10-copia-425x425.jpg\" alt=\"Associaci\u00f3 Mol\u00ed del Fort\" \/><figcaption class=\"elementor-image-carousel-caption\">Associaci\u00f3 Mol\u00ed del Fort<\/figcaption><\/figure><\/div>\t\t\t<\/div>\n\t\t\t\t\t\t\t\t\t\t\t\t<div class=\"elementor-swiper-button elementor-swiper-button-prev\" role=\"button\" tabindex=\"0\">\n\t\t\t\t\t\t<i aria-hidden=\"true\" class=\"eicon-chevron-left\"><\/i>\t\t\t\t\t<\/div>\n\t\t\t\t\t<div class=\"elementor-swiper-button elementor-swiper-button-next\" role=\"button\" tabindex=\"0\">\n\t\t\t\t\t\t<i aria-hidden=\"true\" class=\"eicon-chevron-right\"><\/i>\t\t\t\t\t<\/div>\n\t\t\t\t\n\t\t\t\t\t\t\t\t\t<div class=\"swiper-pagination\"><\/div>\n\t\t\t\t\t\t\t\t\t<\/div>\n\t\t\t\t\t\t<\/div>\n\t\t\t\t<\/div>\n\t\t\t\t\t<\/div>\n\t\t<\/div>\n\t\t\t\t<div class=\"elementor-column elementor-col-16 elementor-top-column elementor-element elementor-element-09cd4da\" data-id=\"09cd4da\" data-element_type=\"column\" data-e-type=\"column\">\n\t\t\t<div class=\"elementor-widget-wrap\">\n\t\t\t\t\t\t\t<\/div>\n\t\t<\/div>\n\t\t\t\t\t<\/div>\n\t\t<\/section>\n\t\t\t\t<section class=\"elementor-section elementor-top-section elementor-element elementor-element-85fb044 elementor-section-boxed elementor-section-height-default elementor-section-height-default\" data-id=\"85fb044\" data-element_type=\"section\" data-e-type=\"section\">\n\t\t\t\t\t\t<div class=\"elementor-container elementor-column-gap-default\">\n\t\t\t\t\t<div class=\"elementor-column elementor-col-33 elementor-top-column elementor-element elementor-element-0cb8852\" data-id=\"0cb8852\" data-element_type=\"column\" data-e-type=\"column\">\n\t\t\t<div class=\"elementor-widget-wrap elementor-element-populated\">\n\t\t\t\t\t\t<div class=\"elementor-element elementor-element-918a703 elementor-widget elementor-widget-text-editor\" data-id=\"918a703\" data-element_type=\"widget\" data-e-type=\"widget\" data-widget_type=\"text-editor.default\">\n\t\t\t\t<div class=\"elementor-widget-container\">\n\t\t\t\t\t\t\t\t\t<p>Pagando con tarjeta en cualquiera de nuestros establecimientos Viena de Catalunya, puedes\u00a0<strong>redondear el importe de tu pedido y hacer una donaci\u00f3n.<\/strong><\/p><p>\u00a0Tambi\u00e9n puedes hacerla a trav\u00e9s de la\u00a0<a href=\"https:\/\/viena.worldcoo.com\/019c516a-f8a8-46e6-9eff-9181f302ac3e\">web<\/a>, donde podr\u00e1s consultar el estado de la recaudaci\u00f3n.<\/p>\t\t\t\t\t\t\t\t<\/div>\n\t\t\t\t<\/div>\n\t\t\t\t\t<\/div>\n\t\t<\/div>\n\t\t\t\t<div class=\"elementor-column elementor-col-66 elementor-top-column elementor-element elementor-element-64c9fff\" data-id=\"64c9fff\" data-element_type=\"column\" data-e-type=\"column\">\n\t\t\t<div class=\"elementor-widget-wrap elementor-element-populated\">\n\t\t\t\t\t\t<div class=\"elementor-element elementor-element-3149258 elementor-widget elementor-widget-spacer\" data-id=\"3149258\" data-element_type=\"widget\" data-e-type=\"widget\" data-widget_type=\"spacer.default\">\n\t\t\t\t<div class=\"elementor-widget-container\">\n\t\t\t\t\t\t\t<div class=\"elementor-spacer\">\n\t\t\t<div class=\"elementor-spacer-inner\"><\/div>\n\t\t<\/div>\n\t\t\t\t\t\t<\/div>\n\t\t\t\t<\/div>\n\t\t\t\t<div class=\"elementor-element elementor-element-fa002d5 elementor-widget elementor-widget-image\" data-id=\"fa002d5\" data-element_type=\"widget\" data-e-type=\"widget\" data-widget_type=\"image.default\">\n\t\t\t\t<div class=\"elementor-widget-container\">\n\t\t\t\t\t\t\t\t\t\t\t\t\t\t\t<img decoding=\"async\" width=\"1200\" height=\"659\" src=\"https:\/\/www.viena.es\/wp-content\/uploads\/2023\/01\/datafon.jpg\" class=\"attachment-full size-full wp-image-46897 img-fluid \" alt=\"\" srcset=\"https:\/\/www.viena.es\/wp-content\/uploads\/2023\/01\/datafon.jpg 1200w, https:\/\/www.viena.es\/wp-content\/uploads\/2023\/01\/datafon-768x422.jpg 768w\" sizes=\"(max-width: 1200px) 100vw, 1200px\" \/>\t\t\t\t\t\t\t\t\t\t\t\t\t\t\t<\/div>\n\t\t\t\t<\/div>\n\t\t\t\t\t<\/div>\n\t\t<\/div>\n\t\t\t\t\t<\/div>\n\t\t<\/section>\n\t\t\t\t<section class=\"elementor-section elementor-top-section elementor-element elementor-element-b9e16da elementor-section-stretched elementor-section-boxed elementor-section-height-default elementor-section-height-default\" data-id=\"b9e16da\" data-element_type=\"section\" data-e-type=\"section\" data-settings=\"{&quot;stretch_section&quot;:&quot;section-stretched&quot;,&quot;background_background&quot;:&quot;classic&quot;,&quot;shape_divider_top&quot;:&quot;opacity-tilt&quot;}\">\n\t\t\t\t\t<div class=\"elementor-shape elementor-shape-top\" aria-hidden=\"true\" data-negative=\"false\">\n\t\t\t<svg xmlns=\"http:\/\/www.w3.org\/2000\/svg\" viewBox=\"0 0 2600 131.1\" preserveAspectRatio=\"none\">\n\t<path class=\"elementor-shape-fill\" d=\"M0 0L2600 0 2600 69.1 0 0z\"\/>\n\t<path class=\"elementor-shape-fill\" style=\"opacity:0.5\" d=\"M0 0L2600 0 2600 69.1 0 69.1z\"\/>\n\t<path class=\"elementor-shape-fill\" style=\"opacity:0.25\" d=\"M2600 0L0 0 0 130.1 2600 69.1z\"\/>\n<\/svg>\t\t<\/div>\n\t\t\t\t\t<div class=\"elementor-container elementor-column-gap-default\">\n\t\t\t\t\t<div class=\"elementor-column elementor-col-100 elementor-top-column elementor-element elementor-element-c15a61d\" data-id=\"c15a61d\" data-element_type=\"column\" data-e-type=\"column\">\n\t\t\t<div class=\"elementor-widget-wrap elementor-element-populated\">\n\t\t\t\t\t\t<div class=\"elementor-element elementor-element-bc41d78 elementor-widget elementor-widget-heading\" data-id=\"bc41d78\" data-element_type=\"widget\" data-e-type=\"widget\" data-widget_type=\"heading.default\">\n\t\t\t\t<div class=\"elementor-widget-container\">\n\t\t\t\t\t<h3 class=\"elementor-heading-title elementor-size-default\">\u00bfC\u00d3MO PUEDO REDONDEAR MI PEDIDO?<br>Es tan f\u00e1cil como decir \u00abS\u00ed\u00bb<\/h3>\t\t\t\t<\/div>\n\t\t\t\t<\/div>\n\t\t\t\t\t<\/div>\n\t\t<\/div>\n\t\t\t\t\t<\/div>\n\t\t<\/section>\n\t\t\t\t<section class=\"elementor-section elementor-top-section elementor-element elementor-element-d623993 elementor-section-boxed elementor-section-height-default elementor-section-height-default\" data-id=\"d623993\" data-element_type=\"section\" data-e-type=\"section\">\n\t\t\t\t\t\t<div class=\"elementor-container elementor-column-gap-default\">\n\t\t\t\t\t<div class=\"elementor-column elementor-col-25 elementor-top-column elementor-element elementor-element-3f0ed23\" data-id=\"3f0ed23\" data-element_type=\"column\" data-e-type=\"column\">\n\t\t\t<div class=\"elementor-widget-wrap\">\n\t\t\t\t\t\t\t<\/div>\n\t\t<\/div>\n\t\t\t\t<div class=\"elementor-column elementor-col-50 elementor-top-column elementor-element elementor-element-b840b2a\" data-id=\"b840b2a\" data-element_type=\"column\" data-e-type=\"column\">\n\t\t\t<div class=\"elementor-widget-wrap elementor-element-populated\">\n\t\t\t\t\t\t<div class=\"elementor-element elementor-element-135ca32 elementor-widget elementor-widget-spacer\" data-id=\"135ca32\" data-element_type=\"widget\" data-e-type=\"widget\" data-widget_type=\"spacer.default\">\n\t\t\t\t<div class=\"elementor-widget-container\">\n\t\t\t\t\t\t\t<div class=\"elementor-spacer\">\n\t\t\t<div class=\"elementor-spacer-inner\"><\/div>\n\t\t<\/div>\n\t\t\t\t\t\t<\/div>\n\t\t\t\t<\/div>\n\t\t\t\t<div class=\"elementor-element elementor-element-1ac49d6 elementor-widget elementor-widget-text-editor\" data-id=\"1ac49d6\" data-element_type=\"widget\" data-e-type=\"widget\" data-widget_type=\"text-editor.default\">\n\t\t\t\t<div class=\"elementor-widget-container\">\n\t\t\t\t\t\t\t\t\t<p>1. Haz tu pedido en la zona de pago<\/p><p>2. En el momento de pagar, pide hacerlo con tarjeta<\/p><p>3. Clica \u00abS\u00ed\u00bb en la pantalla del dat\u00e1fono cuando te pida si quieres redondear tu pedido<\/p><p>4. Paga con normalidad<\/p>\t\t\t\t\t\t\t\t<\/div>\n\t\t\t\t<\/div>\n\t\t\t\t<div class=\"elementor-element elementor-element-154d503 elementor-widget-divider--view-line elementor-widget elementor-widget-divider\" data-id=\"154d503\" data-element_type=\"widget\" data-e-type=\"widget\" data-widget_type=\"divider.default\">\n\t\t\t\t<div class=\"elementor-widget-container\">\n\t\t\t\t\t\t\t<div class=\"elementor-divider\">\n\t\t\t<span class=\"elementor-divider-separator\">\n\t\t\t\t\t\t<\/span>\n\t\t<\/div>\n\t\t\t\t\t\t<\/div>\n\t\t\t\t<\/div>\n\t\t\t\t<div class=\"elementor-element elementor-element-d9fe75a elementor-widget elementor-widget-text-editor\" data-id=\"d9fe75a\" data-element_type=\"widget\" data-e-type=\"widget\" data-widget_type=\"text-editor.default\">\n\t\t\t\t<div class=\"elementor-widget-container\">\n\t\t\t\t\t\t\t\t\t<p><strong>Llevamos a cabo esta iniciativa con la colaboraci\u00f3n de:<\/strong><\/p>\t\t\t\t\t\t\t\t<\/div>\n\t\t\t\t<\/div>\n\t\t\t\t<div class=\"elementor-element elementor-element-ffa1266 elementor-widget elementor-widget-image\" data-id=\"ffa1266\" data-element_type=\"widget\" data-e-type=\"widget\" data-widget_type=\"image.default\">\n\t\t\t\t<div class=\"elementor-widget-container\">\n\t\t\t\t\t\t\t\t\t\t\t\t\t\t\t<img decoding=\"async\" width=\"768\" height=\"517\" src=\"https:\/\/www.viena.es\/wp-content\/uploads\/2023\/01\/worldcooXCN.jpg\" class=\"attachment-medium size-medium wp-image-46907 img-fluid \" alt=\"\" \/>\t\t\t\t\t\t\t\t\t\t\t\t\t\t\t<\/div>\n\t\t\t\t<\/div>\n\t\t\t\t\t<\/div>\n\t\t<\/div>\n\t\t\t\t<div class=\"elementor-column elementor-col-25 elementor-top-column elementor-element elementor-element-28f0481\" data-id=\"28f0481\" data-element_type=\"column\" data-e-type=\"column\">\n\t\t\t<div class=\"elementor-widget-wrap\">\n\t\t\t\t\t\t\t<\/div>\n\t\t<\/div>\n\t\t\t\t\t<\/div>\n\t\t<\/section>\n\t\t\t\t<section class=\"elementor-section elementor-top-section elementor-element elementor-element-e944160 elementor-section-boxed elementor-section-height-default elementor-section-height-default\" data-id=\"e944160\" data-element_type=\"section\" data-e-type=\"section\">\n\t\t\t\t\t\t<div class=\"elementor-container elementor-column-gap-default\">\n\t\t\t\t\t<div class=\"elementor-column elementor-col-16 elementor-top-column elementor-element elementor-element-76042cd\" data-id=\"76042cd\" data-element_type=\"column\" data-e-type=\"column\">\n\t\t\t<div class=\"elementor-widget-wrap\">\n\t\t\t\t\t\t\t<\/div>\n\t\t<\/div>\n\t\t\t\t<div class=\"elementor-column elementor-col-66 elementor-top-column elementor-element elementor-element-471161b\" data-id=\"471161b\" data-element_type=\"column\" data-e-type=\"column\">\n\t\t\t<div class=\"elementor-widget-wrap elementor-element-populated\">\n\t\t\t\t\t\t<div class=\"elementor-element elementor-element-14da464 elementor-widget elementor-widget-spacer\" data-id=\"14da464\" data-element_type=\"widget\" data-e-type=\"widget\" data-widget_type=\"spacer.default\">\n\t\t\t\t<div class=\"elementor-widget-container\">\n\t\t\t\t\t\t\t<div class=\"elementor-spacer\">\n\t\t\t<div class=\"elementor-spacer-inner\"><\/div>\n\t\t<\/div>\n\t\t\t\t\t\t<\/div>\n\t\t\t\t<\/div>\n\t\t\t\t<div class=\"elementor-element elementor-element-fb35c75 elementor-widget elementor-widget-text-editor\" data-id=\"fb35c75\" data-element_type=\"widget\" data-e-type=\"widget\" data-widget_type=\"text-editor.default\">\n\t\t\t\t<div class=\"elementor-widget-container\">\n\t\t\t\t\t\t\t\t\t<div class=\"wpb_text_column wpb_content_element \"><div class=\"wpb_wrapper\"><div class=\"wpb_text_column wpb_content_element \"><div class=\"wpb_wrapper\"><p>Sigue la recaudaci\u00f3n en tiempo real y conoce todos los detalles de este reto solidario.<\/p><p>Si lo deseas, una vez hecha tu donaci\u00f3n, puedes descargar el certificado de donaci\u00f3n.<\/p><\/div><\/div><\/div><\/div>\t\t\t\t\t\t\t\t<\/div>\n\t\t\t\t<\/div>\n\t\t\t\t\t<\/div>\n\t\t<\/div>\n\t\t\t\t<div class=\"elementor-column elementor-col-16 elementor-top-column elementor-element elementor-element-e3f7a01\" data-id=\"e3f7a01\" data-element_type=\"column\" data-e-type=\"column\">\n\t\t\t<div class=\"elementor-widget-wrap\">\n\t\t\t\t\t\t\t<\/div>\n\t\t<\/div>\n\t\t\t\t\t<\/div>\n\t\t<\/section>\n\t\t\t\t<section class=\"elementor-section elementor-top-section elementor-element elementor-element-079d216 elementor-section-boxed elementor-section-height-default elementor-section-height-default\" data-id=\"079d216\" data-element_type=\"section\" data-e-type=\"section\">\n\t\t\t\t\t\t<div class=\"elementor-container elementor-column-gap-default\">\n\t\t\t\t\t<div class=\"elementor-column elementor-col-33 elementor-top-column elementor-element elementor-element-73aa384\" data-id=\"73aa384\" data-element_type=\"column\" data-e-type=\"column\">\n\t\t\t<div class=\"elementor-widget-wrap elementor-element-populated\">\n\t\t\t\t\t\t<div class=\"elementor-element elementor-element-a24a07a elementor-align-center elementor-invisible elementor-widget elementor-widget-button\" data-id=\"a24a07a\" data-element_type=\"widget\" data-e-type=\"widget\" data-settings=\"{&quot;_animation&quot;:&quot;pulse&quot;}\" data-widget_type=\"button.default\">\n\t\t\t\t<div class=\"elementor-widget-container\">\n\t\t\t\t\t\t\t\t\t<div class=\"elementor-button-wrapper\">\n\t\t\t\t\t<a class=\"elementor-button elementor-button-link elementor-size-xl\" href=\"https:\/\/viena.worldcoo.com\/019c516a-f8a8-46e6-9eff-9181f302ac3e\/donate\">\n\t\t\t\t\t\t<span class=\"elementor-button-content-wrapper\">\n\t\t\t\t\t\t\t\t\t<span class=\"elementor-button-text\">HAZ TU DONACI\u00d3N<\/span>\n\t\t\t\t\t<\/span>\n\t\t\t\t\t<\/a>\n\t\t\t\t<\/div>\n\t\t\t\t\t\t\t\t<\/div>\n\t\t\t\t<\/div>\n\t\t\t\t\t<\/div>\n\t\t<\/div>\n\t\t\t\t<div class=\"elementor-column elementor-col-33 elementor-top-column elementor-element elementor-element-ca2cca3\" data-id=\"ca2cca3\" data-element_type=\"column\" data-e-type=\"column\">\n\t\t\t<div class=\"elementor-widget-wrap elementor-element-populated\">\n\t\t\t\t\t\t<div class=\"elementor-element elementor-element-95e17ff elementor-align-center elementor-invisible elementor-widget elementor-widget-button\" data-id=\"95e17ff\" data-element_type=\"widget\" data-e-type=\"widget\" data-settings=\"{&quot;_animation&quot;:&quot;pulse&quot;}\" data-widget_type=\"button.default\">\n\t\t\t\t<div class=\"elementor-widget-container\">\n\t\t\t\t\t\t\t\t\t<div class=\"elementor-button-wrapper\">\n\t\t\t\t\t<a class=\"elementor-button elementor-button-link elementor-size-xl\" href=\"https:\/\/cert.worldcoo.com\/\">\n\t\t\t\t\t\t<span class=\"elementor-button-content-wrapper\">\n\t\t\t\t\t\t\t\t\t<span class=\"elementor-button-text\">DESCARGA EL CERTIFICADO<\/span>\n\t\t\t\t\t<\/span>\n\t\t\t\t\t<\/a>\n\t\t\t\t<\/div>\n\t\t\t\t\t\t\t\t<\/div>\n\t\t\t\t<\/div>\n\t\t\t\t\t<\/div>\n\t\t<\/div>\n\t\t\t\t<div class=\"elementor-column elementor-col-33 elementor-top-column elementor-element elementor-element-f7f46d5\" data-id=\"f7f46d5\" data-element_type=\"column\" data-e-type=\"column\">\n\t\t\t<div class=\"elementor-widget-wrap elementor-element-populated\">\n\t\t\t\t\t\t<div class=\"elementor-element elementor-element-6479780 elementor-invisible elementor-widget elementor-widget-button\" data-id=\"6479780\" data-element_type=\"widget\" data-e-type=\"widget\" data-settings=\"{&quot;_animation&quot;:&quot;pulse&quot;}\" data-widget_type=\"button.default\">\n\t\t\t\t<div class=\"elementor-widget-container\">\n\t\t\t\t\t\t\t\t\t<div class=\"elementor-button-wrapper\">\n\t\t\t\t\t<a class=\"elementor-button elementor-button-link elementor-size-xl\" href=\"https:\/\/viena.worldcoo.com\/019c516a-f8a8-46e6-9eff-9181f302ac3e\">\n\t\t\t\t\t\t<span class=\"elementor-button-content-wrapper\">\n\t\t\t\t\t\t\t\t\t<span class=\"elementor-button-text\">CONSULTA LA RECAUDACI\u00d3N<\/span>\n\t\t\t\t\t<\/span>\n\t\t\t\t\t<\/a>\n\t\t\t\t<\/div>\n\t\t\t\t\t\t\t\t<\/div>\n\t\t\t\t<\/div>\n\t\t\t\t\t<\/div>\n\t\t<\/div>\n\t\t\t\t\t<\/div>\n\t\t<\/section>\n\t\t\t\t<section class=\"elementor-section elementor-top-section elementor-element elementor-element-7cb1860 elementor-section-boxed elementor-section-height-default elementor-section-height-default\" data-id=\"7cb1860\" data-element_type=\"section\" data-e-type=\"section\">\n\t\t\t\t\t\t<div class=\"elementor-container elementor-column-gap-default\">\n\t\t\t\t\t<div class=\"elementor-column elementor-col-100 elementor-top-column elementor-element elementor-element-36e1c16\" data-id=\"36e1c16\" data-element_type=\"column\" data-e-type=\"column\">\n\t\t\t<div class=\"elementor-widget-wrap elementor-element-populated\">\n\t\t\t\t\t\t<div class=\"elementor-element elementor-element-36a36b9 elementor-widget elementor-widget-spacer\" data-id=\"36a36b9\" data-element_type=\"widget\" data-e-type=\"widget\" data-widget_type=\"spacer.default\">\n\t\t\t\t<div class=\"elementor-widget-container\">\n\t\t\t\t\t\t\t<div class=\"elementor-spacer\">\n\t\t\t<div class=\"elementor-spacer-inner\"><\/div>\n\t\t<\/div>\n\t\t\t\t\t\t<\/div>\n\t\t\t\t<\/div>\n\t\t\t\t\t<\/div>\n\t\t<\/div>\n\t\t\t\t\t<\/div>\n\t\t<\/section>\n\t\t\t\t<\/div>\n\t\t","protected":false},"excerpt":{"rendered":"<p>SOCIEDAD C\u00c9NTIMO A C\u00c9NTIMO, PREVENIMOS LOS INCENDIOS Desde Viena, seguimos colaborando con iniciativas comprometidas con la sociedad y el medio ambiente &nbsp; Juntamente con la entidad&nbsp;Xarxa per a la Conservaci\u00f3 de la Natura (xcn.cat),&nbsp;este 2023 presentamos una nueva iniciativa de redondeo solidario bajo el reto&nbsp;\u00abC\u00e9ntimo a c\u00e9ntimo, prevenimos los incendios\u00bb. El a\u00f1o 2022 ha acabado [&hellip;]<\/p>\n","protected":false},"author":7,"featured_media":46923,"comment_status":"closed","ping_status":"closed","sticky":false,"template":"","format":"standard","meta":{"footnotes":""},"categories":[70],"class_list":["post-47500","post","type-post","status-publish","format-standard","has-post-thumbnail","hentry","category-sociedad"],"yoast_head":"<!-- This site is optimized with the Yoast SEO plugin v24.4 - https:\/\/yoast.com\/wordpress\/plugins\/seo\/ -->\n<title>C\u00e9ntimo a C\u00e9ntimo, prevenimos los incendios - Viena<\/title>\n<meta name=\"robots\" content=\"index, follow, max-snippet:-1, max-image-preview:large, max-video-preview:-1\" \/>\n<link rel=\"canonical\" href=\"https:\/\/www.viena.es\/es\/blog\/sociedad\/centimo-a-centimo-prevenimos-los-incendios\/\" \/>\n<meta property=\"og:locale\" content=\"es_ES\" \/>\n<meta property=\"og:type\" content=\"article\" \/>\n<meta property=\"og:title\" content=\"C\u00e9ntimo a C\u00e9ntimo, prevenimos los incendios - Viena\" \/>\n<meta property=\"og:description\" content=\"SOCIEDAD C\u00c9NTIMO A C\u00c9NTIMO, PREVENIMOS LOS INCENDIOS Desde Viena, seguimos colaborando con iniciativas comprometidas con la sociedad y el medio ambiente &nbsp; Juntamente con la entidad&nbsp;Xarxa per a la Conservaci\u00f3 de la Natura (xcn.cat),&nbsp;este 2023 presentamos una nueva iniciativa de redondeo solidario bajo el reto&nbsp;\u00abC\u00e9ntimo a c\u00e9ntimo, prevenimos los incendios\u00bb. El a\u00f1o 2022 ha acabado [&hellip;]\" \/>\n<meta property=\"og:url\" content=\"https:\/\/www.viena.es\/es\/blog\/sociedad\/centimo-a-centimo-prevenimos-los-incendios\/\" \/>\n<meta property=\"og:site_name\" content=\"Viena\" \/>\n<meta property=\"article:publisher\" content=\"http:\/\/www.facebook.com\/VienaSocVienes\" \/>\n<meta property=\"article:published_time\" content=\"2023-01-31T16:49:16+00:00\" \/>\n<meta property=\"article:modified_time\" content=\"2023-02-08T15:06:28+00:00\" \/>\n<meta property=\"og:image\" content=\"https:\/\/www.viena.es\/wp-content\/uploads\/2023\/01\/bosc_CaC_XCN-scaled.jpg\" \/>\n\t<meta property=\"og:image:width\" content=\"2560\" \/>\n\t<meta property=\"og:image:height\" content=\"1706\" \/>\n\t<meta property=\"og:image:type\" content=\"image\/jpeg\" \/>\n<meta name=\"author\" content=\"Mariona Castells\" \/>\n<meta name=\"twitter:card\" content=\"summary_large_image\" \/>\n<meta name=\"twitter:label1\" content=\"Escrito por\" \/>\n\t<meta name=\"twitter:data1\" content=\"Mariona Castells\" \/>\n\t<meta name=\"twitter:label2\" content=\"Tiempo de lectura\" \/>\n\t<meta name=\"twitter:data2\" content=\"6 minutos\" \/>\n<script type=\"application\/ld+json\" class=\"yoast-schema-graph\">{\"@context\":\"https:\/\/schema.org\",\"@graph\":[{\"@type\":\"Article\",\"@id\":\"https:\/\/www.viena.es\/es\/blog\/sociedad\/centimo-a-centimo-prevenimos-los-incendios\/#article\",\"isPartOf\":{\"@id\":\"https:\/\/www.viena.es\/es\/blog\/sociedad\/centimo-a-centimo-prevenimos-los-incendios\/\"},\"author\":{\"name\":\"Mariona Castells\",\"@id\":\"https:\/\/www.viena.es\/ca\/#\/schema\/person\/98b0c0ca3b2c2c590f6dd9ef8ef51bab\"},\"headline\":\"C\u00e9ntimo a C\u00e9ntimo, prevenimos los incendios\",\"datePublished\":\"2023-01-31T16:49:16+00:00\",\"dateModified\":\"2023-02-08T15:06:28+00:00\",\"mainEntityOfPage\":{\"@id\":\"https:\/\/www.viena.es\/es\/blog\/sociedad\/centimo-a-centimo-prevenimos-los-incendios\/\"},\"wordCount\":786,\"publisher\":{\"@id\":\"https:\/\/www.viena.es\/ca\/#organization\"},\"image\":{\"@id\":\"https:\/\/www.viena.es\/es\/blog\/sociedad\/centimo-a-centimo-prevenimos-los-incendios\/#primaryimage\"},\"thumbnailUrl\":\"https:\/\/www.viena.es\/wp-content\/uploads\/2023\/01\/bosc_CaC_XCN-scaled.jpg\",\"articleSection\":[\"Sociedad\"],\"inLanguage\":\"es\"},{\"@type\":\"WebPage\",\"@id\":\"https:\/\/www.viena.es\/es\/blog\/sociedad\/centimo-a-centimo-prevenimos-los-incendios\/\",\"url\":\"https:\/\/www.viena.es\/es\/blog\/sociedad\/centimo-a-centimo-prevenimos-los-incendios\/\",\"name\":\"C\u00e9ntimo a C\u00e9ntimo, prevenimos los incendios - Viena\",\"isPartOf\":{\"@id\":\"https:\/\/www.viena.es\/ca\/#website\"},\"primaryImageOfPage\":{\"@id\":\"https:\/\/www.viena.es\/es\/blog\/sociedad\/centimo-a-centimo-prevenimos-los-incendios\/#primaryimage\"},\"image\":{\"@id\":\"https:\/\/www.viena.es\/es\/blog\/sociedad\/centimo-a-centimo-prevenimos-los-incendios\/#primaryimage\"},\"thumbnailUrl\":\"https:\/\/www.viena.es\/wp-content\/uploads\/2023\/01\/bosc_CaC_XCN-scaled.jpg\",\"datePublished\":\"2023-01-31T16:49:16+00:00\",\"dateModified\":\"2023-02-08T15:06:28+00:00\",\"breadcrumb\":{\"@id\":\"https:\/\/www.viena.es\/es\/blog\/sociedad\/centimo-a-centimo-prevenimos-los-incendios\/#breadcrumb\"},\"inLanguage\":\"es\",\"potentialAction\":[{\"@type\":\"ReadAction\",\"target\":[\"https:\/\/www.viena.es\/es\/blog\/sociedad\/centimo-a-centimo-prevenimos-los-incendios\/\"]}]},{\"@type\":\"ImageObject\",\"inLanguage\":\"es\",\"@id\":\"https:\/\/www.viena.es\/es\/blog\/sociedad\/centimo-a-centimo-prevenimos-los-incendios\/#primaryimage\",\"url\":\"https:\/\/www.viena.es\/wp-content\/uploads\/2023\/01\/bosc_CaC_XCN-scaled.jpg\",\"contentUrl\":\"https:\/\/www.viena.es\/wp-content\/uploads\/2023\/01\/bosc_CaC_XCN-scaled.jpg\",\"width\":2560,\"height\":1706},{\"@type\":\"BreadcrumbList\",\"@id\":\"https:\/\/www.viena.es\/es\/blog\/sociedad\/centimo-a-centimo-prevenimos-los-incendios\/#breadcrumb\",\"itemListElement\":[{\"@type\":\"ListItem\",\"position\":1,\"name\":\"Home\",\"item\":\"https:\/\/www.viena.es\/es\/\"},{\"@type\":\"ListItem\",\"position\":2,\"name\":\"C\u00e9ntimo a C\u00e9ntimo, prevenimos los incendios\"}]},{\"@type\":\"WebSite\",\"@id\":\"https:\/\/www.viena.es\/ca\/#website\",\"url\":\"https:\/\/www.viena.es\/ca\/\",\"name\":\"Viena\",\"description\":\"\",\"publisher\":{\"@id\":\"https:\/\/www.viena.es\/ca\/#organization\"},\"potentialAction\":[{\"@type\":\"SearchAction\",\"target\":{\"@type\":\"EntryPoint\",\"urlTemplate\":\"https:\/\/www.viena.es\/ca\/?s={search_term_string}\"},\"query-input\":{\"@type\":\"PropertyValueSpecification\",\"valueRequired\":true,\"valueName\":\"search_term_string\"}}],\"inLanguage\":\"es\"},{\"@type\":\"Organization\",\"@id\":\"https:\/\/www.viena.es\/ca\/#organization\",\"name\":\"Viena\",\"url\":\"https:\/\/www.viena.es\/ca\/\",\"logo\":{\"@type\":\"ImageObject\",\"inLanguage\":\"es\",\"@id\":\"https:\/\/www.viena.es\/ca\/#\/schema\/logo\/image\/\",\"url\":\"https:\/\/www.viena.es\/wp-content\/uploads\/2022\/06\/viena-logo.png\",\"contentUrl\":\"https:\/\/www.viena.es\/wp-content\/uploads\/2022\/06\/viena-logo.png\",\"width\":256,\"height\":52,\"caption\":\"Viena\"},\"image\":{\"@id\":\"https:\/\/www.viena.es\/ca\/#\/schema\/logo\/image\/\"},\"sameAs\":[\"http:\/\/www.facebook.com\/VienaSocVienes\",\"http:\/\/www.instagram.com\/Vienasocvienes\"]},{\"@type\":\"Person\",\"@id\":\"https:\/\/www.viena.es\/ca\/#\/schema\/person\/98b0c0ca3b2c2c590f6dd9ef8ef51bab\",\"name\":\"Mariona Castells\"}]}<\/script>\n<!-- \/ Yoast SEO plugin. -->","yoast_head_json":{"title":"C\u00e9ntimo a C\u00e9ntimo, prevenimos los incendios - Viena","robots":{"index":"index","follow":"follow","max-snippet":"max-snippet:-1","max-image-preview":"max-image-preview:large","max-video-preview":"max-video-preview:-1"},"canonical":"https:\/\/www.viena.es\/es\/blog\/sociedad\/centimo-a-centimo-prevenimos-los-incendios\/","og_locale":"es_ES","og_type":"article","og_title":"C\u00e9ntimo a C\u00e9ntimo, prevenimos los incendios - Viena","og_description":"SOCIEDAD C\u00c9NTIMO A C\u00c9NTIMO, PREVENIMOS LOS INCENDIOS Desde Viena, seguimos colaborando con iniciativas comprometidas con la sociedad y el medio ambiente &nbsp; Juntamente con la entidad&nbsp;Xarxa per a la Conservaci\u00f3 de la Natura (xcn.cat),&nbsp;este 2023 presentamos una nueva iniciativa de redondeo solidario bajo el reto&nbsp;\u00abC\u00e9ntimo a c\u00e9ntimo, prevenimos los incendios\u00bb. El a\u00f1o 2022 ha acabado [&hellip;]","og_url":"https:\/\/www.viena.es\/es\/blog\/sociedad\/centimo-a-centimo-prevenimos-los-incendios\/","og_site_name":"Viena","article_publisher":"http:\/\/www.facebook.com\/VienaSocVienes","article_published_time":"2023-01-31T16:49:16+00:00","article_modified_time":"2023-02-08T15:06:28+00:00","og_image":[{"width":2560,"height":1706,"url":"https:\/\/www.viena.es\/wp-content\/uploads\/2023\/01\/bosc_CaC_XCN-scaled.jpg","type":"image\/jpeg"}],"author":"Mariona Castells","twitter_card":"summary_large_image","twitter_misc":{"Escrito por":"Mariona Castells","Tiempo de lectura":"6 minutos"},"schema":{"@context":"https:\/\/schema.org","@graph":[{"@type":"Article","@id":"https:\/\/www.viena.es\/es\/blog\/sociedad\/centimo-a-centimo-prevenimos-los-incendios\/#article","isPartOf":{"@id":"https:\/\/www.viena.es\/es\/blog\/sociedad\/centimo-a-centimo-prevenimos-los-incendios\/"},"author":{"name":"Mariona Castells","@id":"https:\/\/www.viena.es\/ca\/#\/schema\/person\/98b0c0ca3b2c2c590f6dd9ef8ef51bab"},"headline":"C\u00e9ntimo a C\u00e9ntimo, prevenimos los incendios","datePublished":"2023-01-31T16:49:16+00:00","dateModified":"2023-02-08T15:06:28+00:00","mainEntityOfPage":{"@id":"https:\/\/www.viena.es\/es\/blog\/sociedad\/centimo-a-centimo-prevenimos-los-incendios\/"},"wordCount":786,"publisher":{"@id":"https:\/\/www.viena.es\/ca\/#organization"},"image":{"@id":"https:\/\/www.viena.es\/es\/blog\/sociedad\/centimo-a-centimo-prevenimos-los-incendios\/#primaryimage"},"thumbnailUrl":"https:\/\/www.viena.es\/wp-content\/uploads\/2023\/01\/bosc_CaC_XCN-scaled.jpg","articleSection":["Sociedad"],"inLanguage":"es"},{"@type":"WebPage","@id":"https:\/\/www.viena.es\/es\/blog\/sociedad\/centimo-a-centimo-prevenimos-los-incendios\/","url":"https:\/\/www.viena.es\/es\/blog\/sociedad\/centimo-a-centimo-prevenimos-los-incendios\/","name":"C\u00e9ntimo a C\u00e9ntimo, prevenimos los incendios - Viena","isPartOf":{"@id":"https:\/\/www.viena.es\/ca\/#website"},"primaryImageOfPage":{"@id":"https:\/\/www.viena.es\/es\/blog\/sociedad\/centimo-a-centimo-prevenimos-los-incendios\/#primaryimage"},"image":{"@id":"https:\/\/www.viena.es\/es\/blog\/sociedad\/centimo-a-centimo-prevenimos-los-incendios\/#primaryimage"},"thumbnailUrl":"https:\/\/www.viena.es\/wp-content\/uploads\/2023\/01\/bosc_CaC_XCN-scaled.jpg","datePublished":"2023-01-31T16:49:16+00:00","dateModified":"2023-02-08T15:06:28+00:00","breadcrumb":{"@id":"https:\/\/www.viena.es\/es\/blog\/sociedad\/centimo-a-centimo-prevenimos-los-incendios\/#breadcrumb"},"inLanguage":"es","potentialAction":[{"@type":"ReadAction","target":["https:\/\/www.viena.es\/es\/blog\/sociedad\/centimo-a-centimo-prevenimos-los-incendios\/"]}]},{"@type":"ImageObject","inLanguage":"es","@id":"https:\/\/www.viena.es\/es\/blog\/sociedad\/centimo-a-centimo-prevenimos-los-incendios\/#primaryimage","url":"https:\/\/www.viena.es\/wp-content\/uploads\/2023\/01\/bosc_CaC_XCN-scaled.jpg","contentUrl":"https:\/\/www.viena.es\/wp-content\/uploads\/2023\/01\/bosc_CaC_XCN-scaled.jpg","width":2560,"height":1706},{"@type":"BreadcrumbList","@id":"https:\/\/www.viena.es\/es\/blog\/sociedad\/centimo-a-centimo-prevenimos-los-incendios\/#breadcrumb","itemListElement":[{"@type":"ListItem","position":1,"name":"Home","item":"https:\/\/www.viena.es\/es\/"},{"@type":"ListItem","position":2,"name":"C\u00e9ntimo a C\u00e9ntimo, prevenimos los incendios"}]},{"@type":"WebSite","@id":"https:\/\/www.viena.es\/ca\/#website","url":"https:\/\/www.viena.es\/ca\/","name":"Viena","description":"","publisher":{"@id":"https:\/\/www.viena.es\/ca\/#organization"},"potentialAction":[{"@type":"SearchAction","target":{"@type":"EntryPoint","urlTemplate":"https:\/\/www.viena.es\/ca\/?s={search_term_string}"},"query-input":{"@type":"PropertyValueSpecification","valueRequired":true,"valueName":"search_term_string"}}],"inLanguage":"es"},{"@type":"Organization","@id":"https:\/\/www.viena.es\/ca\/#organization","name":"Viena","url":"https:\/\/www.viena.es\/ca\/","logo":{"@type":"ImageObject","inLanguage":"es","@id":"https:\/\/www.viena.es\/ca\/#\/schema\/logo\/image\/","url":"https:\/\/www.viena.es\/wp-content\/uploads\/2022\/06\/viena-logo.png","contentUrl":"https:\/\/www.viena.es\/wp-content\/uploads\/2022\/06\/viena-logo.png","width":256,"height":52,"caption":"Viena"},"image":{"@id":"https:\/\/www.viena.es\/ca\/#\/schema\/logo\/image\/"},"sameAs":["http:\/\/www.facebook.com\/VienaSocVienes","http:\/\/www.instagram.com\/Vienasocvienes"]},{"@type":"Person","@id":"https:\/\/www.viena.es\/ca\/#\/schema\/person\/98b0c0ca3b2c2c590f6dd9ef8ef51bab","name":"Mariona Castells"}]}},"_links":{"self":[{"href":"https:\/\/www.viena.es\/es\/wp-json\/wp\/v2\/posts\/47500","targetHints":{"allow":["GET"]}}],"collection":[{"href":"https:\/\/www.viena.es\/es\/wp-json\/wp\/v2\/posts"}],"about":[{"href":"https:\/\/www.viena.es\/es\/wp-json\/wp\/v2\/types\/post"}],"author":[{"embeddable":true,"href":"https:\/\/www.viena.es\/es\/wp-json\/wp\/v2\/users\/7"}],"replies":[{"embeddable":true,"href":"https:\/\/www.viena.es\/es\/wp-json\/wp\/v2\/comments?post=47500"}],"version-history":[{"count":34,"href":"https:\/\/www.viena.es\/es\/wp-json\/wp\/v2\/posts\/47500\/revisions"}],"predecessor-version":[{"id":47542,"href":"https:\/\/www.viena.es\/es\/wp-json\/wp\/v2\/posts\/47500\/revisions\/47542"}],"wp:featuredmedia":[{"embeddable":true,"href":"https:\/\/www.viena.es\/es\/wp-json\/wp\/v2\/media\/46923"}],"wp:attachment":[{"href":"https:\/\/www.viena.es\/es\/wp-json\/wp\/v2\/media?parent=47500"}],"wp:term":[{"taxonomy":"category","embeddable":true,"href":"https:\/\/www.viena.es\/es\/wp-json\/wp\/v2\/categories?post=47500"}],"curies":[{"name":"wp","href":"https:\/\/api.w.org\/{rel}","templated":true}]}}