 {"id":43506,"date":"2022-09-13T16:59:48","date_gmt":"2022-09-13T14:59:48","guid":{"rendered":"https:\/\/www.viena.es\/blog\/nou-viena-rambla\/"},"modified":"2022-09-14T11:33:49","modified_gmt":"2022-09-14T09:33:49","slug":"nou-viena-rambla","status":"publish","type":"post","link":"https:\/\/www.viena.es\/es\/blog\/novedades\/nou-viena-rambla\/","title":{"rendered":"Nuevo Viena Gran Via"},"content":{"rendered":"\t\t<div data-elementor-type=\"wp-post\" data-elementor-id=\"43506\" class=\"elementor elementor-43506 elementor-43447\">\n\t\t\t\t\t\t<section class=\"elementor-section elementor-top-section elementor-element elementor-element-052c14e elementor-section-boxed elementor-section-height-default elementor-section-height-default\" data-id=\"052c14e\" data-element_type=\"section\" data-e-type=\"section\">\n\t\t\t\t\t\t<div class=\"elementor-container elementor-column-gap-default\">\n\t\t\t\t\t<div class=\"elementor-column elementor-col-100 elementor-top-column elementor-element elementor-element-821ea2b\" data-id=\"821ea2b\" data-element_type=\"column\" data-e-type=\"column\">\n\t\t\t<div class=\"elementor-widget-wrap elementor-element-populated\">\n\t\t\t\t\t\t<div class=\"elementor-element elementor-element-f56ca0e elementor-widget elementor-widget-image\" data-id=\"f56ca0e\" data-element_type=\"widget\" data-e-type=\"widget\" data-widget_type=\"image.default\">\n\t\t\t\t<div class=\"elementor-widget-container\">\n\t\t\t\t\t\t\t\t\t\t\t\t\t\t\t<img fetchpriority=\"high\" decoding=\"async\" width=\"1200\" height=\"713\" src=\"https:\/\/www.viena.es\/wp-content\/uploads\/2022\/09\/Viena-Gran-Via-Sabadell-1200x713.jpeg\" class=\"attachment-large size-large wp-image-43481 img-fluid \" alt=\"\" srcset=\"https:\/\/www.viena.es\/wp-content\/uploads\/2022\/09\/Viena-Gran-Via-Sabadell-1200x713.jpeg 1200w, https:\/\/www.viena.es\/wp-content\/uploads\/2022\/09\/Viena-Gran-Via-Sabadell-768x456.jpeg 768w, https:\/\/www.viena.es\/wp-content\/uploads\/2022\/09\/Viena-Gran-Via-Sabadell-1536x912.jpeg 1536w, https:\/\/www.viena.es\/wp-content\/uploads\/2022\/09\/Viena-Gran-Via-Sabadell.jpeg 2048w\" sizes=\"(max-width: 1200px) 100vw, 1200px\" \/>\t\t\t\t\t\t\t\t\t\t\t\t\t\t\t<\/div>\n\t\t\t\t<\/div>\n\t\t\t\t\t<\/div>\n\t\t<\/div>\n\t\t\t\t\t<\/div>\n\t\t<\/section>\n\t\t\t\t<section class=\"elementor-section elementor-top-section elementor-element elementor-element-7f3ff00 elementor-section-boxed elementor-section-height-default elementor-section-height-default\" data-id=\"7f3ff00\" data-element_type=\"section\" data-e-type=\"section\">\n\t\t\t\t\t\t<div class=\"elementor-container elementor-column-gap-default\">\n\t\t\t\t\t<div class=\"elementor-column elementor-col-33 elementor-top-column elementor-element elementor-element-a67d0b1\" data-id=\"a67d0b1\" data-element_type=\"column\" data-e-type=\"column\">\n\t\t\t<div class=\"elementor-widget-wrap\">\n\t\t\t\t\t\t\t<\/div>\n\t\t<\/div>\n\t\t\t\t<div class=\"elementor-column elementor-col-33 elementor-top-column elementor-element elementor-element-aef2d8e\" data-id=\"aef2d8e\" data-element_type=\"column\" data-e-type=\"column\">\n\t\t\t<div class=\"elementor-widget-wrap elementor-element-populated\">\n\t\t\t\t\t\t<div class=\"elementor-element elementor-element-f8935be elementor-widget elementor-widget-heading\" data-id=\"f8935be\" data-element_type=\"widget\" data-e-type=\"widget\" data-widget_type=\"heading.default\">\n\t\t\t\t<div class=\"elementor-widget-container\">\n\t\t\t\t\t<h5 class=\"elementor-heading-title elementor-size-default\">NOVEDADES<\/h5>\t\t\t\t<\/div>\n\t\t\t\t<\/div>\n\t\t\t\t<div class=\"elementor-element elementor-element-5ff2801 elementor-widget elementor-widget-heading\" data-id=\"5ff2801\" data-element_type=\"widget\" data-e-type=\"widget\" data-widget_type=\"heading.default\">\n\t\t\t\t<div class=\"elementor-widget-container\">\n\t\t\t\t\t<h2 class=\"elementor-heading-title elementor-size-default\">NUEVO VIENA GRAN VIA<\/h2>\t\t\t\t<\/div>\n\t\t\t\t<\/div>\n\t\t\t\t<div class=\"elementor-element elementor-element-3a2f693 elementor-widget elementor-widget-text-editor\" data-id=\"3a2f693\" data-element_type=\"widget\" data-e-type=\"widget\" data-widget_type=\"text-editor.default\">\n\t\t\t\t<div class=\"elementor-widget-container\">\n\t\t\t\t\t\t\t\t\t<h5><strong>Reabrimos Viena Gran Via (Sabadell) con una nueva decoraci\u00f3n mucho m\u00e1s moderna y adaptada a vuestras necesidades diarias. <br \/><\/strong><\/h5>\t\t\t\t\t\t\t\t<\/div>\n\t\t\t\t<\/div>\n\t\t\t\t\t<\/div>\n\t\t<\/div>\n\t\t\t\t<div class=\"elementor-column elementor-col-33 elementor-top-column elementor-element elementor-element-9735cde\" data-id=\"9735cde\" data-element_type=\"column\" data-e-type=\"column\">\n\t\t\t<div class=\"elementor-widget-wrap\">\n\t\t\t\t\t\t\t<\/div>\n\t\t<\/div>\n\t\t\t\t\t<\/div>\n\t\t<\/section>\n\t\t\t\t<section class=\"elementor-section elementor-top-section elementor-element elementor-element-d6edf4a elementor-section-boxed elementor-section-height-default elementor-section-height-default\" data-id=\"d6edf4a\" data-element_type=\"section\" data-e-type=\"section\">\n\t\t\t\t\t\t<div class=\"elementor-container elementor-column-gap-default\">\n\t\t\t\t\t<div class=\"elementor-column elementor-col-16 elementor-top-column elementor-element elementor-element-8a913c9\" data-id=\"8a913c9\" data-element_type=\"column\" data-e-type=\"column\">\n\t\t\t<div class=\"elementor-widget-wrap\">\n\t\t\t\t\t\t\t<\/div>\n\t\t<\/div>\n\t\t\t\t<div class=\"elementor-column elementor-col-66 elementor-top-column elementor-element elementor-element-a37899f\" data-id=\"a37899f\" data-element_type=\"column\" data-e-type=\"column\">\n\t\t\t<div class=\"elementor-widget-wrap elementor-element-populated\">\n\t\t\t\t\t\t<div class=\"elementor-element elementor-element-d85579e elementor-widget elementor-widget-text-editor\" data-id=\"d85579e\" data-element_type=\"widget\" data-e-type=\"widget\" data-widget_type=\"text-editor.default\">\n\t\t\t\t<div class=\"elementor-widget-container\">\n\t\t\t\t\t\t\t\t\t<p><span class=\"_aacl _aaco _aacu _aacx _aad7 _aade\">Hemos incorporado nuevos colores, acabados y un renovado mobiliario que nos ayudan a recrear diferentes espacios que invitan a pasar un agradable rato con nosotros, disfrutando de vuestras recetas preferidas. <br \/><\/span><\/p>\t\t\t\t\t\t\t\t<\/div>\n\t\t\t\t<\/div>\n\t\t\t\t<div class=\"elementor-element elementor-element-4c5aaa6 elementor-widget-divider--view-line elementor-widget elementor-widget-divider\" data-id=\"4c5aaa6\" data-element_type=\"widget\" data-e-type=\"widget\" data-widget_type=\"divider.default\">\n\t\t\t\t<div class=\"elementor-widget-container\">\n\t\t\t\t\t\t\t<div class=\"elementor-divider\">\n\t\t\t<span class=\"elementor-divider-separator\">\n\t\t\t\t\t\t<\/span>\n\t\t<\/div>\n\t\t\t\t\t\t<\/div>\n\t\t\t\t<\/div>\n\t\t\t\t<div class=\"elementor-element elementor-element-1445950 elementor-widget elementor-widget-text-editor\" data-id=\"1445950\" data-element_type=\"widget\" data-e-type=\"widget\" data-widget_type=\"text-editor.default\">\n\t\t\t\t<div class=\"elementor-widget-container\">\n\t\t\t\t\t\t\t\t\t<p>Dise\u00f1o y gastronom\u00eda son dos conceptos cada vez m\u00e1s unidos. Por eso, nuestro objetivo, era poder ofrecer el mejor espacio y ambiente para que al venir a desayunar, comer, merendar o cenar, tu visita resultara la mejor, con el mismo trato de siempre, tus recetas preferidas y el ambiente m\u00e1s acogedor.<\/p><p>El cambio se inicia con una intenci\u00f3n firme, reflejar en el local de Viena Gran Via, una imagen m\u00e1s actual, renovada, y adecuada a la carta actual, pero sin perder la tradici\u00f3n familiar del negocio. Un espacio confortable y diferenciado del resto de propuestas Viena de la misma zona, manteniendo un ambiente muy cercano con el cliente.<\/p>\t\t\t\t\t\t\t\t<\/div>\n\t\t\t\t<\/div>\n\t\t\t\t\t<\/div>\n\t\t<\/div>\n\t\t\t\t<div class=\"elementor-column elementor-col-16 elementor-top-column elementor-element elementor-element-837dc3b\" data-id=\"837dc3b\" data-element_type=\"column\" data-e-type=\"column\">\n\t\t\t<div class=\"elementor-widget-wrap\">\n\t\t\t\t\t\t\t<\/div>\n\t\t<\/div>\n\t\t\t\t\t<\/div>\n\t\t<\/section>\n\t\t\t\t<section class=\"elementor-section elementor-top-section elementor-element elementor-element-25f2bf2 elementor-section-boxed elementor-section-height-default elementor-section-height-default\" data-id=\"25f2bf2\" data-element_type=\"section\" data-e-type=\"section\">\n\t\t\t\t\t\t<div class=\"elementor-container elementor-column-gap-default\">\n\t\t\t\t\t<div class=\"elementor-column elementor-col-100 elementor-top-column elementor-element elementor-element-b95cc37\" data-id=\"b95cc37\" data-element_type=\"column\" data-e-type=\"column\">\n\t\t\t<div class=\"elementor-widget-wrap\">\n\t\t\t\t\t\t\t<\/div>\n\t\t<\/div>\n\t\t\t\t\t<\/div>\n\t\t<\/section>\n\t\t\t\t<section class=\"elementor-section elementor-top-section elementor-element elementor-element-fe90f18 elementor-section-boxed elementor-section-height-default elementor-section-height-default\" data-id=\"fe90f18\" data-element_type=\"section\" data-e-type=\"section\">\n\t\t\t\t\t\t<div class=\"elementor-container elementor-column-gap-default\">\n\t\t\t\t\t<div class=\"elementor-column elementor-col-33 elementor-top-column elementor-element elementor-element-390fe64\" data-id=\"390fe64\" data-element_type=\"column\" data-e-type=\"column\">\n\t\t\t<div class=\"elementor-widget-wrap elementor-element-populated\">\n\t\t\t\t\t\t<div class=\"elementor-element elementor-element-c95dba1 elementor-widget elementor-widget-image\" data-id=\"c95dba1\" data-element_type=\"widget\" data-e-type=\"widget\" data-widget_type=\"image.default\">\n\t\t\t\t<div class=\"elementor-widget-container\">\n\t\t\t\t\t\t\t\t\t\t\t\t\t\t\t<img decoding=\"async\" width=\"1200\" height=\"773\" src=\"https:\/\/www.viena.es\/wp-content\/uploads\/2022\/09\/IMG_1351-1-1200x773.jpeg\" class=\"attachment-large size-large wp-image-43550 img-fluid \" alt=\"Restying Viena Gran Via\" srcset=\"https:\/\/www.viena.es\/wp-content\/uploads\/2022\/09\/IMG_1351-1-1200x773.jpeg 1200w, https:\/\/www.viena.es\/wp-content\/uploads\/2022\/09\/IMG_1351-1-768x495.jpeg 768w, https:\/\/www.viena.es\/wp-content\/uploads\/2022\/09\/IMG_1351-1-1536x990.jpeg 1536w, https:\/\/www.viena.es\/wp-content\/uploads\/2022\/09\/IMG_1351-1.jpeg 2048w\" sizes=\"(max-width: 1200px) 100vw, 1200px\" \/>\t\t\t\t\t\t\t\t\t\t\t\t\t\t\t<\/div>\n\t\t\t\t<\/div>\n\t\t\t\t\t<\/div>\n\t\t<\/div>\n\t\t\t\t<div class=\"elementor-column elementor-col-33 elementor-top-column elementor-element elementor-element-35e4ad8\" data-id=\"35e4ad8\" data-element_type=\"column\" data-e-type=\"column\">\n\t\t\t<div class=\"elementor-widget-wrap elementor-element-populated\">\n\t\t\t\t\t\t<div class=\"elementor-element elementor-element-cc1b8a6 elementor-widget elementor-widget-image\" data-id=\"cc1b8a6\" data-element_type=\"widget\" data-e-type=\"widget\" data-widget_type=\"image.default\">\n\t\t\t\t<div class=\"elementor-widget-container\">\n\t\t\t\t\t\t\t\t\t\t\t\t\t\t\t<img decoding=\"async\" width=\"1200\" height=\"773\" src=\"https:\/\/www.viena.es\/wp-content\/uploads\/2022\/09\/IMG_1360-1-1200x773.jpeg\" class=\"attachment-large size-large wp-image-43547 img-fluid \" alt=\"Restying Viena Gran Via\" srcset=\"https:\/\/www.viena.es\/wp-content\/uploads\/2022\/09\/IMG_1360-1-1200x773.jpeg 1200w, https:\/\/www.viena.es\/wp-content\/uploads\/2022\/09\/IMG_1360-1-768x495.jpeg 768w, https:\/\/www.viena.es\/wp-content\/uploads\/2022\/09\/IMG_1360-1-1536x990.jpeg 1536w, https:\/\/www.viena.es\/wp-content\/uploads\/2022\/09\/IMG_1360-1.jpeg 2048w\" sizes=\"(max-width: 1200px) 100vw, 1200px\" \/>\t\t\t\t\t\t\t\t\t\t\t\t\t\t\t<\/div>\n\t\t\t\t<\/div>\n\t\t\t\t\t<\/div>\n\t\t<\/div>\n\t\t\t\t<div class=\"elementor-column elementor-col-33 elementor-top-column elementor-element elementor-element-2a0249a\" data-id=\"2a0249a\" data-element_type=\"column\" data-e-type=\"column\">\n\t\t\t<div class=\"elementor-widget-wrap elementor-element-populated\">\n\t\t\t\t\t\t<div class=\"elementor-element elementor-element-937b38e elementor-widget elementor-widget-image\" data-id=\"937b38e\" data-element_type=\"widget\" data-e-type=\"widget\" data-widget_type=\"image.default\">\n\t\t\t\t<div class=\"elementor-widget-container\">\n\t\t\t\t\t\t\t\t\t\t\t\t\t\t\t<img loading=\"lazy\" decoding=\"async\" width=\"1200\" height=\"773\" src=\"https:\/\/www.viena.es\/wp-content\/uploads\/2022\/09\/IMG_1357-1-1200x773.jpeg\" class=\"attachment-large size-large wp-image-43543 img-fluid \" alt=\"\" srcset=\"https:\/\/www.viena.es\/wp-content\/uploads\/2022\/09\/IMG_1357-1-1200x773.jpeg 1200w, https:\/\/www.viena.es\/wp-content\/uploads\/2022\/09\/IMG_1357-1-768x495.jpeg 768w, https:\/\/www.viena.es\/wp-content\/uploads\/2022\/09\/IMG_1357-1-1536x990.jpeg 1536w, https:\/\/www.viena.es\/wp-content\/uploads\/2022\/09\/IMG_1357-1.jpeg 2048w\" sizes=\"(max-width: 1200px) 100vw, 1200px\" \/>\t\t\t\t\t\t\t\t\t\t\t\t\t\t\t<\/div>\n\t\t\t\t<\/div>\n\t\t\t\t\t<\/div>\n\t\t<\/div>\n\t\t\t\t\t<\/div>\n\t\t<\/section>\n\t\t\t\t<section class=\"elementor-section elementor-top-section elementor-element elementor-element-d89166c elementor-section-boxed elementor-section-height-default elementor-section-height-default\" data-id=\"d89166c\" data-element_type=\"section\" data-e-type=\"section\">\n\t\t\t\t\t\t<div class=\"elementor-container elementor-column-gap-default\">\n\t\t\t\t\t<div class=\"elementor-column elementor-col-33 elementor-top-column elementor-element elementor-element-5bf69e8\" data-id=\"5bf69e8\" data-element_type=\"column\" data-e-type=\"column\">\n\t\t\t<div class=\"elementor-widget-wrap elementor-element-populated\">\n\t\t\t\t\t\t<div class=\"elementor-element elementor-element-9f626e7 elementor-widget elementor-widget-spacer\" data-id=\"9f626e7\" data-element_type=\"widget\" data-e-type=\"widget\" data-widget_type=\"spacer.default\">\n\t\t\t\t<div class=\"elementor-widget-container\">\n\t\t\t\t\t\t\t<div class=\"elementor-spacer\">\n\t\t\t<div class=\"elementor-spacer-inner\"><\/div>\n\t\t<\/div>\n\t\t\t\t\t\t<\/div>\n\t\t\t\t<\/div>\n\t\t\t\t<div class=\"elementor-element elementor-element-0717590 elementor-widget elementor-widget-heading\" data-id=\"0717590\" data-element_type=\"widget\" data-e-type=\"widget\" data-widget_type=\"heading.default\">\n\t\t\t\t<div class=\"elementor-widget-container\">\n\t\t\t\t\t<h2 class=\"elementor-heading-title elementor-size-default\">EL RESULTADO<\/h2>\t\t\t\t<\/div>\n\t\t\t\t<\/div>\n\t\t\t\t<div class=\"elementor-element elementor-element-df64f70 elementor-widget elementor-widget-text-editor\" data-id=\"df64f70\" data-element_type=\"widget\" data-e-type=\"widget\" data-widget_type=\"text-editor.default\">\n\t\t\t\t<div class=\"elementor-widget-container\">\n\t\t\t\t\t\t\t\t\t<p>En cuanto llegas al restaurante, el cambio se aprecia desde la calle. Hemos cambiado radicalmente los tonos, fachada completamente en gris oscuro, y el r\u00f3tulo de la entrada en naranja iluminado con bombillas a tono. La puerta, se ha cambiado por una de cristal sin perfiler\u00eda, que permite disfrutar de todo el local, invita a entrar, y aporta luz y amplitud al interior de la sala.<\/p><p>El resultado del interior es inmejorable; nuevos colores y acabados, con obra vista, molduras a contraste y azulejos en un novedoso tono azul. El pavimento de parqu\u00e9 o de mosaico hidr\u00e1ulico en blanco y negro, rompen la longitudinalidad del local y ayudan a recrear diferentes espacios que se adaptan a las necesidades de nuestros clientes a lo largo del d\u00eda.<\/p>\t\t\t\t\t\t\t\t<\/div>\n\t\t\t\t<\/div>\n\t\t\t\t<div class=\"elementor-element elementor-element-b50551e elementor-widget elementor-widget-text-editor\" data-id=\"b50551e\" data-element_type=\"widget\" data-e-type=\"widget\" data-widget_type=\"text-editor.default\">\n\t\t\t\t<div class=\"elementor-widget-container\">\n\t\t\t\t\t\t\t\t\t<p>La intenci\u00f3n era generar contrastes, industrial pero c\u00e1lido, con un mobiliario que destacase e invitara a pasar buenos ratos.<\/p>\t\t\t\t\t\t\t\t<\/div>\n\t\t\t\t<\/div>\n\t\t\t\t<div class=\"elementor-element elementor-element-143adb5 elementor-widget elementor-widget-text-editor\" data-id=\"143adb5\" data-element_type=\"widget\" data-e-type=\"widget\" data-widget_type=\"text-editor.default\">\n\t\t\t\t<div class=\"elementor-widget-container\">\n\t\t\t\t\t\t\t\t\t<p>Al fondo, una zona m\u00e1s informal, recuperando los ya cl\u00e1sicos sof\u00e1s de Viena estilo chester que contrastan con la zona de sof\u00e1s naranjas, ideal para los encuentros en grupo. Sillas tapizadas y una pared panelada en espejo, aporta mayor amplitud visual y enmarca la nueva mesa comunal. La intenci\u00f3n era generar contrastes, industrial pero c\u00e1lido, con un mobiliario que destacase e invitara a pasar buenos ratos.<\/p><p>La iluminaci\u00f3n se ha sustituido por nuestras ya reconocidas l\u00e1mparas naranjas, enriqueciendo el espacio a nivel visual.<\/p><p>Un nuevo espacio que se adapta mejor a tus planes diarios para que qued\u00e9is donde siempre y lo pas\u00e9is como nunca<span class=\"_aacl _aaco _aacu _aacx _aad7 _aade\"> \ud83e\udd17.<\/span> \u00a1Os esperamos, Vieneses!<\/p>\t\t\t\t\t\t\t\t<\/div>\n\t\t\t\t<\/div>\n\t\t\t\t\t<\/div>\n\t\t<\/div>\n\t\t\t\t<div class=\"elementor-column elementor-col-33 elementor-top-column elementor-element elementor-element-c27aada\" data-id=\"c27aada\" data-element_type=\"column\" data-e-type=\"column\">\n\t\t\t<div class=\"elementor-widget-wrap\">\n\t\t\t\t\t\t\t<\/div>\n\t\t<\/div>\n\t\t\t\t<div class=\"elementor-column elementor-col-33 elementor-top-column elementor-element elementor-element-3a3cb1d\" data-id=\"3a3cb1d\" data-element_type=\"column\" data-e-type=\"column\">\n\t\t\t<div class=\"elementor-widget-wrap elementor-element-populated\">\n\t\t\t\t\t\t<div class=\"elementor-element elementor-element-774e7fb elementor-widget elementor-widget-spacer\" data-id=\"774e7fb\" data-element_type=\"widget\" data-e-type=\"widget\" data-widget_type=\"spacer.default\">\n\t\t\t\t<div class=\"elementor-widget-container\">\n\t\t\t\t\t\t\t<div class=\"elementor-spacer\">\n\t\t\t<div class=\"elementor-spacer-inner\"><\/div>\n\t\t<\/div>\n\t\t\t\t\t\t<\/div>\n\t\t\t\t<\/div>\n\t\t\t\t<div class=\"elementor-element elementor-element-97b93ad elementor-widget elementor-widget-video\" data-id=\"97b93ad\" data-element_type=\"widget\" data-e-type=\"widget\" data-settings=\"{&quot;video_type&quot;:&quot;hosted&quot;,&quot;autoplay&quot;:&quot;yes&quot;,&quot;loop&quot;:&quot;yes&quot;,&quot;play_on_mobile&quot;:&quot;yes&quot;,&quot;mute&quot;:&quot;yes&quot;}\" data-widget_type=\"video.default\">\n\t\t\t\t<div class=\"elementor-widget-container\">\n\t\t\t\t\t\t\t<div class=\"e-hosted-video elementor-wrapper elementor-open-inline\">\n\t\t\t\t\t<video class=\"elementor-video\" src=\"https:\/\/www.viena.es\/wp-content\/uploads\/2022\/09\/Restyling-Viena-Sabadell-Rambla.mp4\" autoplay=\"\" loop=\"\" muted=\"muted\" playsinline=\"\" controlsList=\"nodownload\"><\/video>\n\t\t\t\t<\/div>\n\t\t\t\t\t\t<\/div>\n\t\t\t\t<\/div>\n\t\t\t\t\t<\/div>\n\t\t<\/div>\n\t\t\t\t\t<\/div>\n\t\t<\/section>\n\t\t\t\t<\/div>\n\t\t","protected":false},"excerpt":{"rendered":"<p>Un espacio confortable y diferenciado del resto de propuestas Viena de la misma zona, manteniendo un ambiente muy cercano con el cliente. <\/p>\n","protected":false},"author":7,"featured_media":43481,"comment_status":"closed","ping_status":"closed","sticky":false,"template":"","format":"standard","meta":{"footnotes":""},"categories":[72],"class_list":["post-43506","post","type-post","status-publish","format-standard","has-post-thumbnail","hentry","category-novedades"],"yoast_head":"<!-- This site is optimized with the Yoast SEO plugin v24.4 - https:\/\/yoast.com\/wordpress\/plugins\/seo\/ -->\n<title>Nuevo Viena Gran Via - Viena<\/title>\n<meta name=\"robots\" content=\"index, follow, max-snippet:-1, max-image-preview:large, max-video-preview:-1\" \/>\n<link rel=\"canonical\" href=\"https:\/\/www.viena.es\/es\/blog\/nou-viena-rambla\/\" \/>\n<meta property=\"og:locale\" content=\"es_ES\" \/>\n<meta property=\"og:type\" content=\"article\" \/>\n<meta property=\"og:title\" content=\"Nuevo Viena Gran Via - Viena\" \/>\n<meta property=\"og:description\" content=\"Un espacio confortable y diferenciado del resto de propuestas Viena de la misma zona, manteniendo un ambiente muy cercano con el cliente.\" \/>\n<meta property=\"og:url\" content=\"https:\/\/www.viena.es\/es\/blog\/nou-viena-rambla\/\" \/>\n<meta property=\"og:site_name\" content=\"Viena\" \/>\n<meta property=\"article:publisher\" content=\"http:\/\/www.facebook.com\/VienaSocVienes\" \/>\n<meta property=\"article:published_time\" content=\"2022-09-13T14:59:48+00:00\" \/>\n<meta property=\"article:modified_time\" content=\"2022-09-14T09:33:49+00:00\" \/>\n<meta property=\"og:image\" content=\"https:\/\/www.viena.es\/wp-content\/uploads\/2022\/09\/Viena-Gran-Via-Sabadell.jpeg\" \/>\n\t<meta property=\"og:image:width\" content=\"2048\" \/>\n\t<meta property=\"og:image:height\" content=\"1216\" \/>\n\t<meta property=\"og:image:type\" content=\"image\/jpeg\" \/>\n<meta name=\"author\" content=\"Mariona Castells\" \/>\n<meta name=\"twitter:card\" content=\"summary_large_image\" \/>\n<meta name=\"twitter:label1\" content=\"Escrito por\" \/>\n\t<meta name=\"twitter:data1\" content=\"Mariona Castells\" \/>\n\t<meta name=\"twitter:label2\" content=\"Tiempo de lectura\" \/>\n\t<meta name=\"twitter:data2\" content=\"3 minutos\" \/>\n<script type=\"application\/ld+json\" class=\"yoast-schema-graph\">{\"@context\":\"https:\/\/schema.org\",\"@graph\":[{\"@type\":\"Article\",\"@id\":\"https:\/\/www.viena.es\/es\/blog\/nou-viena-rambla\/#article\",\"isPartOf\":{\"@id\":\"https:\/\/www.viena.es\/es\/blog\/nou-viena-rambla\/\"},\"author\":{\"name\":\"Mariona Castells\",\"@id\":\"https:\/\/www.viena.es\/ca\/#\/schema\/person\/98b0c0ca3b2c2c590f6dd9ef8ef51bab\"},\"headline\":\"Nuevo Viena Gran Via\",\"datePublished\":\"2022-09-13T14:59:48+00:00\",\"dateModified\":\"2022-09-14T09:33:49+00:00\",\"mainEntityOfPage\":{\"@id\":\"https:\/\/www.viena.es\/es\/blog\/nou-viena-rambla\/\"},\"wordCount\":452,\"publisher\":{\"@id\":\"https:\/\/www.viena.es\/ca\/#organization\"},\"image\":{\"@id\":\"https:\/\/www.viena.es\/es\/blog\/nou-viena-rambla\/#primaryimage\"},\"thumbnailUrl\":\"https:\/\/www.viena.es\/wp-content\/uploads\/2022\/09\/Viena-Gran-Via-Sabadell.jpeg\",\"articleSection\":[\"Novedades\"],\"inLanguage\":\"es\"},{\"@type\":\"WebPage\",\"@id\":\"https:\/\/www.viena.es\/es\/blog\/nou-viena-rambla\/\",\"url\":\"https:\/\/www.viena.es\/es\/blog\/nou-viena-rambla\/\",\"name\":\"Nuevo Viena Gran Via - Viena\",\"isPartOf\":{\"@id\":\"https:\/\/www.viena.es\/ca\/#website\"},\"primaryImageOfPage\":{\"@id\":\"https:\/\/www.viena.es\/es\/blog\/nou-viena-rambla\/#primaryimage\"},\"image\":{\"@id\":\"https:\/\/www.viena.es\/es\/blog\/nou-viena-rambla\/#primaryimage\"},\"thumbnailUrl\":\"https:\/\/www.viena.es\/wp-content\/uploads\/2022\/09\/Viena-Gran-Via-Sabadell.jpeg\",\"datePublished\":\"2022-09-13T14:59:48+00:00\",\"dateModified\":\"2022-09-14T09:33:49+00:00\",\"breadcrumb\":{\"@id\":\"https:\/\/www.viena.es\/es\/blog\/nou-viena-rambla\/#breadcrumb\"},\"inLanguage\":\"es\",\"potentialAction\":[{\"@type\":\"ReadAction\",\"target\":[\"https:\/\/www.viena.es\/es\/blog\/nou-viena-rambla\/\"]}]},{\"@type\":\"ImageObject\",\"inLanguage\":\"es\",\"@id\":\"https:\/\/www.viena.es\/es\/blog\/nou-viena-rambla\/#primaryimage\",\"url\":\"https:\/\/www.viena.es\/wp-content\/uploads\/2022\/09\/Viena-Gran-Via-Sabadell.jpeg\",\"contentUrl\":\"https:\/\/www.viena.es\/wp-content\/uploads\/2022\/09\/Viena-Gran-Via-Sabadell.jpeg\",\"width\":2048,\"height\":1216},{\"@type\":\"BreadcrumbList\",\"@id\":\"https:\/\/www.viena.es\/es\/blog\/nou-viena-rambla\/#breadcrumb\",\"itemListElement\":[{\"@type\":\"ListItem\",\"position\":1,\"name\":\"Home\",\"item\":\"https:\/\/www.viena.es\/es\/\"},{\"@type\":\"ListItem\",\"position\":2,\"name\":\"Nuevo Viena Gran Via\"}]},{\"@type\":\"WebSite\",\"@id\":\"https:\/\/www.viena.es\/ca\/#website\",\"url\":\"https:\/\/www.viena.es\/ca\/\",\"name\":\"Viena\",\"description\":\"\",\"publisher\":{\"@id\":\"https:\/\/www.viena.es\/ca\/#organization\"},\"potentialAction\":[{\"@type\":\"SearchAction\",\"target\":{\"@type\":\"EntryPoint\",\"urlTemplate\":\"https:\/\/www.viena.es\/ca\/?s={search_term_string}\"},\"query-input\":{\"@type\":\"PropertyValueSpecification\",\"valueRequired\":true,\"valueName\":\"search_term_string\"}}],\"inLanguage\":\"es\"},{\"@type\":\"Organization\",\"@id\":\"https:\/\/www.viena.es\/ca\/#organization\",\"name\":\"Viena\",\"url\":\"https:\/\/www.viena.es\/ca\/\",\"logo\":{\"@type\":\"ImageObject\",\"inLanguage\":\"es\",\"@id\":\"https:\/\/www.viena.es\/ca\/#\/schema\/logo\/image\/\",\"url\":\"https:\/\/www.viena.es\/wp-content\/uploads\/2022\/06\/viena-logo.png\",\"contentUrl\":\"https:\/\/www.viena.es\/wp-content\/uploads\/2022\/06\/viena-logo.png\",\"width\":256,\"height\":52,\"caption\":\"Viena\"},\"image\":{\"@id\":\"https:\/\/www.viena.es\/ca\/#\/schema\/logo\/image\/\"},\"sameAs\":[\"http:\/\/www.facebook.com\/VienaSocVienes\",\"http:\/\/www.instagram.com\/Vienasocvienes\"]},{\"@type\":\"Person\",\"@id\":\"https:\/\/www.viena.es\/ca\/#\/schema\/person\/98b0c0ca3b2c2c590f6dd9ef8ef51bab\",\"name\":\"Mariona Castells\"}]}<\/script>\n<!-- \/ Yoast SEO plugin. -->","yoast_head_json":{"title":"Nuevo Viena Gran Via - Viena","robots":{"index":"index","follow":"follow","max-snippet":"max-snippet:-1","max-image-preview":"max-image-preview:large","max-video-preview":"max-video-preview:-1"},"canonical":"https:\/\/www.viena.es\/es\/blog\/nou-viena-rambla\/","og_locale":"es_ES","og_type":"article","og_title":"Nuevo Viena Gran Via - Viena","og_description":"Un espacio confortable y diferenciado del resto de propuestas Viena de la misma zona, manteniendo un ambiente muy cercano con el cliente.","og_url":"https:\/\/www.viena.es\/es\/blog\/nou-viena-rambla\/","og_site_name":"Viena","article_publisher":"http:\/\/www.facebook.com\/VienaSocVienes","article_published_time":"2022-09-13T14:59:48+00:00","article_modified_time":"2022-09-14T09:33:49+00:00","og_image":[{"width":2048,"height":1216,"url":"https:\/\/www.viena.es\/wp-content\/uploads\/2022\/09\/Viena-Gran-Via-Sabadell.jpeg","type":"image\/jpeg"}],"author":"Mariona Castells","twitter_card":"summary_large_image","twitter_misc":{"Escrito por":"Mariona Castells","Tiempo de lectura":"3 minutos"},"schema":{"@context":"https:\/\/schema.org","@graph":[{"@type":"Article","@id":"https:\/\/www.viena.es\/es\/blog\/nou-viena-rambla\/#article","isPartOf":{"@id":"https:\/\/www.viena.es\/es\/blog\/nou-viena-rambla\/"},"author":{"name":"Mariona Castells","@id":"https:\/\/www.viena.es\/ca\/#\/schema\/person\/98b0c0ca3b2c2c590f6dd9ef8ef51bab"},"headline":"Nuevo Viena Gran Via","datePublished":"2022-09-13T14:59:48+00:00","dateModified":"2022-09-14T09:33:49+00:00","mainEntityOfPage":{"@id":"https:\/\/www.viena.es\/es\/blog\/nou-viena-rambla\/"},"wordCount":452,"publisher":{"@id":"https:\/\/www.viena.es\/ca\/#organization"},"image":{"@id":"https:\/\/www.viena.es\/es\/blog\/nou-viena-rambla\/#primaryimage"},"thumbnailUrl":"https:\/\/www.viena.es\/wp-content\/uploads\/2022\/09\/Viena-Gran-Via-Sabadell.jpeg","articleSection":["Novedades"],"inLanguage":"es"},{"@type":"WebPage","@id":"https:\/\/www.viena.es\/es\/blog\/nou-viena-rambla\/","url":"https:\/\/www.viena.es\/es\/blog\/nou-viena-rambla\/","name":"Nuevo Viena Gran Via - Viena","isPartOf":{"@id":"https:\/\/www.viena.es\/ca\/#website"},"primaryImageOfPage":{"@id":"https:\/\/www.viena.es\/es\/blog\/nou-viena-rambla\/#primaryimage"},"image":{"@id":"https:\/\/www.viena.es\/es\/blog\/nou-viena-rambla\/#primaryimage"},"thumbnailUrl":"https:\/\/www.viena.es\/wp-content\/uploads\/2022\/09\/Viena-Gran-Via-Sabadell.jpeg","datePublished":"2022-09-13T14:59:48+00:00","dateModified":"2022-09-14T09:33:49+00:00","breadcrumb":{"@id":"https:\/\/www.viena.es\/es\/blog\/nou-viena-rambla\/#breadcrumb"},"inLanguage":"es","potentialAction":[{"@type":"ReadAction","target":["https:\/\/www.viena.es\/es\/blog\/nou-viena-rambla\/"]}]},{"@type":"ImageObject","inLanguage":"es","@id":"https:\/\/www.viena.es\/es\/blog\/nou-viena-rambla\/#primaryimage","url":"https:\/\/www.viena.es\/wp-content\/uploads\/2022\/09\/Viena-Gran-Via-Sabadell.jpeg","contentUrl":"https:\/\/www.viena.es\/wp-content\/uploads\/2022\/09\/Viena-Gran-Via-Sabadell.jpeg","width":2048,"height":1216},{"@type":"BreadcrumbList","@id":"https:\/\/www.viena.es\/es\/blog\/nou-viena-rambla\/#breadcrumb","itemListElement":[{"@type":"ListItem","position":1,"name":"Home","item":"https:\/\/www.viena.es\/es\/"},{"@type":"ListItem","position":2,"name":"Nuevo Viena Gran Via"}]},{"@type":"WebSite","@id":"https:\/\/www.viena.es\/ca\/#website","url":"https:\/\/www.viena.es\/ca\/","name":"Viena","description":"","publisher":{"@id":"https:\/\/www.viena.es\/ca\/#organization"},"potentialAction":[{"@type":"SearchAction","target":{"@type":"EntryPoint","urlTemplate":"https:\/\/www.viena.es\/ca\/?s={search_term_string}"},"query-input":{"@type":"PropertyValueSpecification","valueRequired":true,"valueName":"search_term_string"}}],"inLanguage":"es"},{"@type":"Organization","@id":"https:\/\/www.viena.es\/ca\/#organization","name":"Viena","url":"https:\/\/www.viena.es\/ca\/","logo":{"@type":"ImageObject","inLanguage":"es","@id":"https:\/\/www.viena.es\/ca\/#\/schema\/logo\/image\/","url":"https:\/\/www.viena.es\/wp-content\/uploads\/2022\/06\/viena-logo.png","contentUrl":"https:\/\/www.viena.es\/wp-content\/uploads\/2022\/06\/viena-logo.png","width":256,"height":52,"caption":"Viena"},"image":{"@id":"https:\/\/www.viena.es\/ca\/#\/schema\/logo\/image\/"},"sameAs":["http:\/\/www.facebook.com\/VienaSocVienes","http:\/\/www.instagram.com\/Vienasocvienes"]},{"@type":"Person","@id":"https:\/\/www.viena.es\/ca\/#\/schema\/person\/98b0c0ca3b2c2c590f6dd9ef8ef51bab","name":"Mariona Castells"}]}},"_links":{"self":[{"href":"https:\/\/www.viena.es\/es\/wp-json\/wp\/v2\/posts\/43506","targetHints":{"allow":["GET"]}}],"collection":[{"href":"https:\/\/www.viena.es\/es\/wp-json\/wp\/v2\/posts"}],"about":[{"href":"https:\/\/www.viena.es\/es\/wp-json\/wp\/v2\/types\/post"}],"author":[{"embeddable":true,"href":"https:\/\/www.viena.es\/es\/wp-json\/wp\/v2\/users\/7"}],"replies":[{"embeddable":true,"href":"https:\/\/www.viena.es\/es\/wp-json\/wp\/v2\/comments?post=43506"}],"version-history":[{"count":28,"href":"https:\/\/www.viena.es\/es\/wp-json\/wp\/v2\/posts\/43506\/revisions"}],"predecessor-version":[{"id":43576,"href":"https:\/\/www.viena.es\/es\/wp-json\/wp\/v2\/posts\/43506\/revisions\/43576"}],"wp:featuredmedia":[{"embeddable":true,"href":"https:\/\/www.viena.es\/es\/wp-json\/wp\/v2\/media\/43481"}],"wp:attachment":[{"href":"https:\/\/www.viena.es\/es\/wp-json\/wp\/v2\/media?parent=43506"}],"wp:term":[{"taxonomy":"category","embeddable":true,"href":"https:\/\/www.viena.es\/es\/wp-json\/wp\/v2\/categories?post=43506"}],"curies":[{"name":"wp","href":"https:\/\/api.w.org\/{rel}","templated":true}]}}