 {"id":31261,"date":"2018-12-08T16:25:16","date_gmt":"2018-12-08T15:25:16","guid":{"rendered":"https:\/\/www.viena.es\/sin-categorizar\/hola-de-nou-terrassa-2\/"},"modified":"2022-09-14T09:07:07","modified_gmt":"2022-09-14T07:07:07","slug":"hola-de-nuevo-parc-valles","status":"publish","type":"post","link":"https:\/\/www.viena.es\/es\/blog\/novedades\/hola-de-nuevo-parc-valles\/","title":{"rendered":"\u00a1Hola de nuevo, Parc Vall\u00e8s!"},"content":{"rendered":"\t\t<div data-elementor-type=\"wp-post\" data-elementor-id=\"31261\" class=\"elementor elementor-31261 elementor-16789\">\n\t\t\t\t\t\t<section class=\"elementor-section elementor-top-section elementor-element elementor-element-153b059 elementor-section-boxed elementor-section-height-default elementor-section-height-default\" data-id=\"153b059\" data-element_type=\"section\" data-e-type=\"section\">\n\t\t\t\t\t\t<div class=\"elementor-container elementor-column-gap-default\">\n\t\t\t\t\t<div class=\"elementor-column elementor-col-100 elementor-top-column elementor-element elementor-element-b2199f3\" data-id=\"b2199f3\" data-element_type=\"column\" data-e-type=\"column\">\n\t\t\t<div class=\"elementor-widget-wrap elementor-element-populated\">\n\t\t\t\t\t\t<div class=\"elementor-element elementor-element-fa39613 elementor-widget elementor-widget-image\" data-id=\"fa39613\" data-element_type=\"widget\" data-e-type=\"widget\" data-widget_type=\"image.default\">\n\t\t\t\t<div class=\"elementor-widget-container\">\n\t\t\t\t\t\t\t\t\t\t\t\t\t\t\t<img fetchpriority=\"high\" decoding=\"async\" width=\"1200\" height=\"695\" src=\"https:\/\/www.viena.es\/wp-content\/uploads\/2018\/11\/Parc-valles-restyling-1-1200x695.jpg\" class=\"attachment-large size-large wp-image-10634 img-fluid \" alt=\"\" srcset=\"https:\/\/www.viena.es\/wp-content\/uploads\/2018\/11\/Parc-valles-restyling-1-1200x695.jpg 1200w, https:\/\/www.viena.es\/wp-content\/uploads\/2018\/11\/Parc-valles-restyling-1-768x445.jpg 768w, https:\/\/www.viena.es\/wp-content\/uploads\/2018\/11\/Parc-valles-restyling-1-1536x889.jpg 1536w, https:\/\/www.viena.es\/wp-content\/uploads\/2018\/11\/Parc-valles-restyling-1-2048x1186.jpg 2048w\" sizes=\"(max-width: 1200px) 100vw, 1200px\" \/>\t\t\t\t\t\t\t\t\t\t\t\t\t\t\t<\/div>\n\t\t\t\t<\/div>\n\t\t\t\t\t<\/div>\n\t\t<\/div>\n\t\t\t\t\t<\/div>\n\t\t<\/section>\n\t\t\t\t<section class=\"elementor-section elementor-top-section elementor-element elementor-element-62c85e7 elementor-section-boxed elementor-section-height-default elementor-section-height-default\" data-id=\"62c85e7\" data-element_type=\"section\" data-e-type=\"section\">\n\t\t\t\t\t\t<div class=\"elementor-container elementor-column-gap-default\">\n\t\t\t\t\t<div class=\"elementor-column elementor-col-33 elementor-top-column elementor-element elementor-element-3a083e3\" data-id=\"3a083e3\" data-element_type=\"column\" data-e-type=\"column\">\n\t\t\t<div class=\"elementor-widget-wrap\">\n\t\t\t\t\t\t\t<\/div>\n\t\t<\/div>\n\t\t\t\t<div class=\"elementor-column elementor-col-33 elementor-top-column elementor-element elementor-element-496c2e2\" data-id=\"496c2e2\" data-element_type=\"column\" data-e-type=\"column\">\n\t\t\t<div class=\"elementor-widget-wrap elementor-element-populated\">\n\t\t\t\t\t\t<div class=\"elementor-element elementor-element-7d3c90c elementor-widget elementor-widget-heading\" data-id=\"7d3c90c\" data-element_type=\"widget\" data-e-type=\"widget\" data-widget_type=\"heading.default\">\n\t\t\t\t<div class=\"elementor-widget-container\">\n\t\t\t\t\t<h5 class=\"elementor-heading-title elementor-size-default\">NOVEDADES<\/h5>\t\t\t\t<\/div>\n\t\t\t\t<\/div>\n\t\t\t\t<div class=\"elementor-element elementor-element-0aa856f elementor-widget elementor-widget-heading\" data-id=\"0aa856f\" data-element_type=\"widget\" data-e-type=\"widget\" data-widget_type=\"heading.default\">\n\t\t\t\t<div class=\"elementor-widget-container\">\n\t\t\t\t\t<h2 class=\"elementor-heading-title elementor-size-default\">\u00a1HOLA DE NUEVO, PARC VALL\u00c8S!<\/h2>\t\t\t\t<\/div>\n\t\t\t\t<\/div>\n\t\t\t\t<div class=\"elementor-element elementor-element-1c9642b elementor-widget elementor-widget-text-editor\" data-id=\"1c9642b\" data-element_type=\"widget\" data-e-type=\"widget\" data-widget_type=\"text-editor.default\">\n\t\t\t\t<div class=\"elementor-widget-container\">\n\t\t\t\t\t\t\t\t\t<h4>Hoy, 30 de noviembre inauguramos el nuevo Viena de Parc Vall\u00e8s (Terrassa) con un atractivo y renovado dise\u00f1o.\u00a0<\/h4>\t\t\t\t\t\t\t\t<\/div>\n\t\t\t\t<\/div>\n\t\t\t\t\t<\/div>\n\t\t<\/div>\n\t\t\t\t<div class=\"elementor-column elementor-col-33 elementor-top-column elementor-element elementor-element-56f7268\" data-id=\"56f7268\" data-element_type=\"column\" data-e-type=\"column\">\n\t\t\t<div class=\"elementor-widget-wrap\">\n\t\t\t\t\t\t\t<\/div>\n\t\t<\/div>\n\t\t\t\t\t<\/div>\n\t\t<\/section>\n\t\t\t\t<section class=\"elementor-section elementor-top-section elementor-element elementor-element-0bdc1d3 elementor-section-boxed elementor-section-height-default elementor-section-height-default\" data-id=\"0bdc1d3\" data-element_type=\"section\" data-e-type=\"section\">\n\t\t\t\t\t\t<div class=\"elementor-container elementor-column-gap-default\">\n\t\t\t\t\t<div class=\"elementor-column elementor-col-16 elementor-top-column elementor-element elementor-element-abb39cc\" data-id=\"abb39cc\" data-element_type=\"column\" data-e-type=\"column\">\n\t\t\t<div class=\"elementor-widget-wrap\">\n\t\t\t\t\t\t\t<\/div>\n\t\t<\/div>\n\t\t\t\t<div class=\"elementor-column elementor-col-66 elementor-top-column elementor-element elementor-element-1a25cf7\" data-id=\"1a25cf7\" data-element_type=\"column\" data-e-type=\"column\">\n\t\t\t<div class=\"elementor-widget-wrap elementor-element-populated\">\n\t\t\t\t\t\t<div class=\"elementor-element elementor-element-0a17977 elementor-widget elementor-widget-text-editor\" data-id=\"0a17977\" data-element_type=\"widget\" data-e-type=\"widget\" data-widget_type=\"text-editor.default\">\n\t\t\t\t<div class=\"elementor-widget-container\">\n\t\t\t\t\t\t\t\t\t<p>La nueva decoraci\u00f3n se inspira en los tradicionales caf\u00e9s europeos, una imagen que implementamos desde el 2012 a los nuevos establecimientos.<\/p>\t\t\t\t\t\t\t\t<\/div>\n\t\t\t\t<\/div>\n\t\t\t\t<div class=\"elementor-element elementor-element-25d2e66 elementor-widget-divider--view-line elementor-widget elementor-widget-divider\" data-id=\"25d2e66\" data-element_type=\"widget\" data-e-type=\"widget\" data-widget_type=\"divider.default\">\n\t\t\t\t<div class=\"elementor-widget-container\">\n\t\t\t\t\t\t\t<div class=\"elementor-divider\">\n\t\t\t<span class=\"elementor-divider-separator\">\n\t\t\t\t\t\t<\/span>\n\t\t<\/div>\n\t\t\t\t\t\t<\/div>\n\t\t\t\t<\/div>\n\t\t\t\t<div class=\"elementor-element elementor-element-ebe86d8 elementor-widget elementor-widget-text-editor\" data-id=\"ebe86d8\" data-element_type=\"widget\" data-e-type=\"widget\" data-widget_type=\"text-editor.default\">\n\t\t\t\t<div class=\"elementor-widget-container\">\n\t\t\t\t\t\t\t\t\t<p>Ubicado en el complejo de ocio del Parc Vall\u00e8s a las afueras de Terrassa (a tocar con la C-58), este establecimiento es sin duda, un punto de encuentro en la zona que cuenta con m\u00e1s de 800 metros cuadrados, repartidos en dos plantas y dos terrazas, con capacidad para 300 persones. Un nuevo concepto de espacio c\u00f3modo y di\u00e1fano donde se distinguen diferentes zonas con mesas y sof\u00e1s dise\u00f1adas para disfrutar de una aut\u00e9ntica experiencia Viena, en cualquier momento del d\u00eda o de la noche.<\/p><p>Con la nueva apertura, presentamos un nuevo espacio para los peque\u00f1os vieneses, el espacio\u00a0<em>Globus<\/em>. Ni\u00f1os y ni\u00f1as podr\u00e1n adentrarse y perderse por un original laberinto y jugar con las pantallas interactivas distribuidas por las parades del espacio. Sin duda, un lugar para que los m\u00e1s peque\u00f1os de la casa jueguen y dejen volar su imaginaci\u00f3n!<\/p><p>El restaurante ofrece un servicio de cocina ininterrumpida, aparcamiento gratuito y servicio directo al coche. Abierto todos los d\u00edas del a\u00f1o desde las 8h hasta la medianoche. Los viernes, s\u00e1bados y vigilias de festivos hasta la 1h.<\/p>\t\t\t\t\t\t\t\t<\/div>\n\t\t\t\t<\/div>\n\t\t\t\t\t<\/div>\n\t\t<\/div>\n\t\t\t\t<div class=\"elementor-column elementor-col-16 elementor-top-column elementor-element elementor-element-7006ad7\" data-id=\"7006ad7\" data-element_type=\"column\" data-e-type=\"column\">\n\t\t\t<div class=\"elementor-widget-wrap\">\n\t\t\t\t\t\t\t<\/div>\n\t\t<\/div>\n\t\t\t\t\t<\/div>\n\t\t<\/section>\n\t\t\t\t<section class=\"elementor-section elementor-top-section elementor-element elementor-element-a64a2f0 elementor-section-boxed elementor-section-height-default elementor-section-height-default\" data-id=\"a64a2f0\" data-element_type=\"section\" data-e-type=\"section\">\n\t\t\t\t\t\t<div class=\"elementor-container elementor-column-gap-default\">\n\t\t\t\t\t<div class=\"elementor-column elementor-col-33 elementor-top-column elementor-element elementor-element-65e1551\" data-id=\"65e1551\" data-element_type=\"column\" data-e-type=\"column\">\n\t\t\t<div class=\"elementor-widget-wrap elementor-element-populated\">\n\t\t\t\t\t\t<div class=\"elementor-element elementor-element-aee34c3 elementor-widget elementor-widget-image\" data-id=\"aee34c3\" data-element_type=\"widget\" data-e-type=\"widget\" data-widget_type=\"image.default\">\n\t\t\t\t<div class=\"elementor-widget-container\">\n\t\t\t\t\t\t\t\t\t\t\t\t\t\t\t<img decoding=\"async\" width=\"1200\" height=\"800\" src=\"https:\/\/www.viena.es\/wp-content\/uploads\/2018\/12\/IMG_3135-1-1200x900-1.jpg\" class=\"attachment-large size-large wp-image-43530 img-fluid \" alt=\"Restying Viena Parc Vall\u00e8s\" srcset=\"https:\/\/www.viena.es\/wp-content\/uploads\/2018\/12\/IMG_3135-1-1200x900-1.jpg 1200w, https:\/\/www.viena.es\/wp-content\/uploads\/2018\/12\/IMG_3135-1-1200x900-1-768x512.jpg 768w\" sizes=\"(max-width: 1200px) 100vw, 1200px\" \/>\t\t\t\t\t\t\t\t\t\t\t\t\t\t\t<\/div>\n\t\t\t\t<\/div>\n\t\t\t\t\t<\/div>\n\t\t<\/div>\n\t\t\t\t<div class=\"elementor-column elementor-col-33 elementor-top-column elementor-element elementor-element-d2f51c2\" data-id=\"d2f51c2\" data-element_type=\"column\" data-e-type=\"column\">\n\t\t\t<div class=\"elementor-widget-wrap elementor-element-populated\">\n\t\t\t\t\t\t<div class=\"elementor-element elementor-element-eb23f3a elementor-widget elementor-widget-image\" data-id=\"eb23f3a\" data-element_type=\"widget\" data-e-type=\"widget\" data-widget_type=\"image.default\">\n\t\t\t\t<div class=\"elementor-widget-container\">\n\t\t\t\t\t\t\t\t\t\t\t\t\t\t\t<img decoding=\"async\" width=\"1200\" height=\"800\" src=\"https:\/\/www.viena.es\/wp-content\/uploads\/2018\/12\/IMG_3180-1200x900-1.jpg\" class=\"attachment-large size-large wp-image-43533 img-fluid \" alt=\"\" srcset=\"https:\/\/www.viena.es\/wp-content\/uploads\/2018\/12\/IMG_3180-1200x900-1.jpg 1200w, https:\/\/www.viena.es\/wp-content\/uploads\/2018\/12\/IMG_3180-1200x900-1-768x512.jpg 768w\" sizes=\"(max-width: 1200px) 100vw, 1200px\" \/>\t\t\t\t\t\t\t\t\t\t\t\t\t\t\t<\/div>\n\t\t\t\t<\/div>\n\t\t\t\t\t<\/div>\n\t\t<\/div>\n\t\t\t\t<div class=\"elementor-column elementor-col-33 elementor-top-column elementor-element elementor-element-a213582\" data-id=\"a213582\" data-element_type=\"column\" data-e-type=\"column\">\n\t\t\t<div class=\"elementor-widget-wrap elementor-element-populated\">\n\t\t\t\t\t\t<div class=\"elementor-element elementor-element-11fb70c elementor-widget elementor-widget-image\" data-id=\"11fb70c\" data-element_type=\"widget\" data-e-type=\"widget\" data-widget_type=\"image.default\">\n\t\t\t\t<div class=\"elementor-widget-container\">\n\t\t\t\t\t\t\t\t\t\t\t\t\t\t\t<img loading=\"lazy\" decoding=\"async\" width=\"1200\" height=\"800\" src=\"https:\/\/www.viena.es\/wp-content\/uploads\/2018\/12\/IMG_3168-1200x900-1.jpg\" class=\"attachment-large size-large wp-image-43536 img-fluid \" alt=\"Restying Viena Parc Vall\u00e8s\" srcset=\"https:\/\/www.viena.es\/wp-content\/uploads\/2018\/12\/IMG_3168-1200x900-1.jpg 1200w, https:\/\/www.viena.es\/wp-content\/uploads\/2018\/12\/IMG_3168-1200x900-1-768x512.jpg 768w\" sizes=\"(max-width: 1200px) 100vw, 1200px\" \/>\t\t\t\t\t\t\t\t\t\t\t\t\t\t\t<\/div>\n\t\t\t\t<\/div>\n\t\t\t\t\t<\/div>\n\t\t<\/div>\n\t\t\t\t\t<\/div>\n\t\t<\/section>\n\t\t\t\t<\/div>\n\t\t","protected":false},"excerpt":{"rendered":"<p>Un nuevo concepto de espacio c\u00f3modo y di\u00e1fano donde se distinguen diferentes zonas dise\u00f1adas para disfrutar de una aut\u00e9ntica experiencia Viena.<\/p>\n","protected":false},"author":7,"featured_media":26363,"comment_status":"closed","ping_status":"closed","sticky":false,"template":"","format":"standard","meta":{"footnotes":""},"categories":[72],"class_list":["post-31261","post","type-post","status-publish","format-standard","has-post-thumbnail","hentry","category-novedades"],"yoast_head":"<!-- This site is optimized with the Yoast SEO plugin v24.4 - https:\/\/yoast.com\/wordpress\/plugins\/seo\/ -->\n<title>\u00a1Hola de nuevo, Parc Vall\u00e8s! - Viena<\/title>\n<meta name=\"robots\" content=\"index, follow, max-snippet:-1, max-image-preview:large, max-video-preview:-1\" \/>\n<link rel=\"canonical\" href=\"https:\/\/www.viena.es\/es\/blog\/novedades\/hola-de-nuevo-parc-valles\/\" \/>\n<meta property=\"og:locale\" content=\"es_ES\" \/>\n<meta property=\"og:type\" content=\"article\" \/>\n<meta property=\"og:title\" content=\"\u00a1Hola de nuevo, Parc Vall\u00e8s! - Viena\" \/>\n<meta property=\"og:description\" content=\"Un nuevo concepto de espacio c\u00f3modo y di\u00e1fano donde se distinguen diferentes zonas dise\u00f1adas para disfrutar de una aut\u00e9ntica experiencia Viena.\" \/>\n<meta property=\"og:url\" content=\"https:\/\/www.viena.es\/es\/blog\/novedades\/hola-de-nuevo-parc-valles\/\" \/>\n<meta property=\"og:site_name\" content=\"Viena\" \/>\n<meta property=\"article:publisher\" content=\"http:\/\/www.facebook.com\/VienaSocVienes\" \/>\n<meta property=\"article:published_time\" content=\"2018-12-08T15:25:16+00:00\" \/>\n<meta property=\"article:modified_time\" content=\"2022-09-14T07:07:07+00:00\" \/>\n<meta property=\"og:image\" content=\"https:\/\/www.viena.es\/wp-content\/uploads\/2022\/02\/parcvallesBlog.jpg\" \/>\n\t<meta property=\"og:image:width\" content=\"768\" \/>\n\t<meta property=\"og:image:height\" content=\"768\" \/>\n\t<meta property=\"og:image:type\" content=\"image\/jpeg\" \/>\n<meta name=\"author\" content=\"Mariona Castells\" \/>\n<meta name=\"twitter:card\" content=\"summary_large_image\" \/>\n<meta name=\"twitter:label1\" content=\"Escrito por\" \/>\n\t<meta name=\"twitter:data1\" content=\"Mariona Castells\" \/>\n\t<meta name=\"twitter:label2\" content=\"Tiempo de lectura\" \/>\n\t<meta name=\"twitter:data2\" content=\"2 minutos\" \/>\n<script type=\"application\/ld+json\" class=\"yoast-schema-graph\">{\"@context\":\"https:\/\/schema.org\",\"@graph\":[{\"@type\":\"Article\",\"@id\":\"https:\/\/www.viena.es\/es\/blog\/novedades\/hola-de-nuevo-parc-valles\/#article\",\"isPartOf\":{\"@id\":\"https:\/\/www.viena.es\/es\/blog\/novedades\/hola-de-nuevo-parc-valles\/\"},\"author\":{\"name\":\"Mariona Castells\",\"@id\":\"https:\/\/www.viena.es\/ca\/#\/schema\/person\/98b0c0ca3b2c2c590f6dd9ef8ef51bab\"},\"headline\":\"\u00a1Hola de nuevo, Parc Vall\u00e8s!\",\"datePublished\":\"2018-12-08T15:25:16+00:00\",\"dateModified\":\"2022-09-14T07:07:07+00:00\",\"mainEntityOfPage\":{\"@id\":\"https:\/\/www.viena.es\/es\/blog\/novedades\/hola-de-nuevo-parc-valles\/\"},\"wordCount\":248,\"publisher\":{\"@id\":\"https:\/\/www.viena.es\/ca\/#organization\"},\"image\":{\"@id\":\"https:\/\/www.viena.es\/es\/blog\/novedades\/hola-de-nuevo-parc-valles\/#primaryimage\"},\"thumbnailUrl\":\"https:\/\/www.viena.es\/wp-content\/uploads\/2022\/02\/parcvallesBlog.jpg\",\"articleSection\":[\"Novedades\"],\"inLanguage\":\"es\"},{\"@type\":\"WebPage\",\"@id\":\"https:\/\/www.viena.es\/es\/blog\/novedades\/hola-de-nuevo-parc-valles\/\",\"url\":\"https:\/\/www.viena.es\/es\/blog\/novedades\/hola-de-nuevo-parc-valles\/\",\"name\":\"\u00a1Hola de nuevo, Parc Vall\u00e8s! - Viena\",\"isPartOf\":{\"@id\":\"https:\/\/www.viena.es\/ca\/#website\"},\"primaryImageOfPage\":{\"@id\":\"https:\/\/www.viena.es\/es\/blog\/novedades\/hola-de-nuevo-parc-valles\/#primaryimage\"},\"image\":{\"@id\":\"https:\/\/www.viena.es\/es\/blog\/novedades\/hola-de-nuevo-parc-valles\/#primaryimage\"},\"thumbnailUrl\":\"https:\/\/www.viena.es\/wp-content\/uploads\/2022\/02\/parcvallesBlog.jpg\",\"datePublished\":\"2018-12-08T15:25:16+00:00\",\"dateModified\":\"2022-09-14T07:07:07+00:00\",\"breadcrumb\":{\"@id\":\"https:\/\/www.viena.es\/es\/blog\/novedades\/hola-de-nuevo-parc-valles\/#breadcrumb\"},\"inLanguage\":\"es\",\"potentialAction\":[{\"@type\":\"ReadAction\",\"target\":[\"https:\/\/www.viena.es\/es\/blog\/novedades\/hola-de-nuevo-parc-valles\/\"]}]},{\"@type\":\"ImageObject\",\"inLanguage\":\"es\",\"@id\":\"https:\/\/www.viena.es\/es\/blog\/novedades\/hola-de-nuevo-parc-valles\/#primaryimage\",\"url\":\"https:\/\/www.viena.es\/wp-content\/uploads\/2022\/02\/parcvallesBlog.jpg\",\"contentUrl\":\"https:\/\/www.viena.es\/wp-content\/uploads\/2022\/02\/parcvallesBlog.jpg\",\"width\":768,\"height\":768},{\"@type\":\"BreadcrumbList\",\"@id\":\"https:\/\/www.viena.es\/es\/blog\/novedades\/hola-de-nuevo-parc-valles\/#breadcrumb\",\"itemListElement\":[{\"@type\":\"ListItem\",\"position\":1,\"name\":\"Home\",\"item\":\"https:\/\/www.viena.es\/es\/\"},{\"@type\":\"ListItem\",\"position\":2,\"name\":\"\u00a1Hola de nuevo, Parc Vall\u00e8s!\"}]},{\"@type\":\"WebSite\",\"@id\":\"https:\/\/www.viena.es\/ca\/#website\",\"url\":\"https:\/\/www.viena.es\/ca\/\",\"name\":\"Viena\",\"description\":\"\",\"publisher\":{\"@id\":\"https:\/\/www.viena.es\/ca\/#organization\"},\"potentialAction\":[{\"@type\":\"SearchAction\",\"target\":{\"@type\":\"EntryPoint\",\"urlTemplate\":\"https:\/\/www.viena.es\/ca\/?s={search_term_string}\"},\"query-input\":{\"@type\":\"PropertyValueSpecification\",\"valueRequired\":true,\"valueName\":\"search_term_string\"}}],\"inLanguage\":\"es\"},{\"@type\":\"Organization\",\"@id\":\"https:\/\/www.viena.es\/ca\/#organization\",\"name\":\"Viena\",\"url\":\"https:\/\/www.viena.es\/ca\/\",\"logo\":{\"@type\":\"ImageObject\",\"inLanguage\":\"es\",\"@id\":\"https:\/\/www.viena.es\/ca\/#\/schema\/logo\/image\/\",\"url\":\"https:\/\/www.viena.es\/wp-content\/uploads\/2022\/06\/viena-logo.png\",\"contentUrl\":\"https:\/\/www.viena.es\/wp-content\/uploads\/2022\/06\/viena-logo.png\",\"width\":256,\"height\":52,\"caption\":\"Viena\"},\"image\":{\"@id\":\"https:\/\/www.viena.es\/ca\/#\/schema\/logo\/image\/\"},\"sameAs\":[\"http:\/\/www.facebook.com\/VienaSocVienes\",\"http:\/\/www.instagram.com\/Vienasocvienes\"]},{\"@type\":\"Person\",\"@id\":\"https:\/\/www.viena.es\/ca\/#\/schema\/person\/98b0c0ca3b2c2c590f6dd9ef8ef51bab\",\"name\":\"Mariona Castells\"}]}<\/script>\n<!-- \/ Yoast SEO plugin. -->","yoast_head_json":{"title":"\u00a1Hola de nuevo, Parc Vall\u00e8s! - Viena","robots":{"index":"index","follow":"follow","max-snippet":"max-snippet:-1","max-image-preview":"max-image-preview:large","max-video-preview":"max-video-preview:-1"},"canonical":"https:\/\/www.viena.es\/es\/blog\/novedades\/hola-de-nuevo-parc-valles\/","og_locale":"es_ES","og_type":"article","og_title":"\u00a1Hola de nuevo, Parc Vall\u00e8s! - Viena","og_description":"Un nuevo concepto de espacio c\u00f3modo y di\u00e1fano donde se distinguen diferentes zonas dise\u00f1adas para disfrutar de una aut\u00e9ntica experiencia Viena.","og_url":"https:\/\/www.viena.es\/es\/blog\/novedades\/hola-de-nuevo-parc-valles\/","og_site_name":"Viena","article_publisher":"http:\/\/www.facebook.com\/VienaSocVienes","article_published_time":"2018-12-08T15:25:16+00:00","article_modified_time":"2022-09-14T07:07:07+00:00","og_image":[{"width":768,"height":768,"url":"https:\/\/www.viena.es\/wp-content\/uploads\/2022\/02\/parcvallesBlog.jpg","type":"image\/jpeg"}],"author":"Mariona Castells","twitter_card":"summary_large_image","twitter_misc":{"Escrito por":"Mariona Castells","Tiempo de lectura":"2 minutos"},"schema":{"@context":"https:\/\/schema.org","@graph":[{"@type":"Article","@id":"https:\/\/www.viena.es\/es\/blog\/novedades\/hola-de-nuevo-parc-valles\/#article","isPartOf":{"@id":"https:\/\/www.viena.es\/es\/blog\/novedades\/hola-de-nuevo-parc-valles\/"},"author":{"name":"Mariona Castells","@id":"https:\/\/www.viena.es\/ca\/#\/schema\/person\/98b0c0ca3b2c2c590f6dd9ef8ef51bab"},"headline":"\u00a1Hola de nuevo, Parc Vall\u00e8s!","datePublished":"2018-12-08T15:25:16+00:00","dateModified":"2022-09-14T07:07:07+00:00","mainEntityOfPage":{"@id":"https:\/\/www.viena.es\/es\/blog\/novedades\/hola-de-nuevo-parc-valles\/"},"wordCount":248,"publisher":{"@id":"https:\/\/www.viena.es\/ca\/#organization"},"image":{"@id":"https:\/\/www.viena.es\/es\/blog\/novedades\/hola-de-nuevo-parc-valles\/#primaryimage"},"thumbnailUrl":"https:\/\/www.viena.es\/wp-content\/uploads\/2022\/02\/parcvallesBlog.jpg","articleSection":["Novedades"],"inLanguage":"es"},{"@type":"WebPage","@id":"https:\/\/www.viena.es\/es\/blog\/novedades\/hola-de-nuevo-parc-valles\/","url":"https:\/\/www.viena.es\/es\/blog\/novedades\/hola-de-nuevo-parc-valles\/","name":"\u00a1Hola de nuevo, Parc Vall\u00e8s! - Viena","isPartOf":{"@id":"https:\/\/www.viena.es\/ca\/#website"},"primaryImageOfPage":{"@id":"https:\/\/www.viena.es\/es\/blog\/novedades\/hola-de-nuevo-parc-valles\/#primaryimage"},"image":{"@id":"https:\/\/www.viena.es\/es\/blog\/novedades\/hola-de-nuevo-parc-valles\/#primaryimage"},"thumbnailUrl":"https:\/\/www.viena.es\/wp-content\/uploads\/2022\/02\/parcvallesBlog.jpg","datePublished":"2018-12-08T15:25:16+00:00","dateModified":"2022-09-14T07:07:07+00:00","breadcrumb":{"@id":"https:\/\/www.viena.es\/es\/blog\/novedades\/hola-de-nuevo-parc-valles\/#breadcrumb"},"inLanguage":"es","potentialAction":[{"@type":"ReadAction","target":["https:\/\/www.viena.es\/es\/blog\/novedades\/hola-de-nuevo-parc-valles\/"]}]},{"@type":"ImageObject","inLanguage":"es","@id":"https:\/\/www.viena.es\/es\/blog\/novedades\/hola-de-nuevo-parc-valles\/#primaryimage","url":"https:\/\/www.viena.es\/wp-content\/uploads\/2022\/02\/parcvallesBlog.jpg","contentUrl":"https:\/\/www.viena.es\/wp-content\/uploads\/2022\/02\/parcvallesBlog.jpg","width":768,"height":768},{"@type":"BreadcrumbList","@id":"https:\/\/www.viena.es\/es\/blog\/novedades\/hola-de-nuevo-parc-valles\/#breadcrumb","itemListElement":[{"@type":"ListItem","position":1,"name":"Home","item":"https:\/\/www.viena.es\/es\/"},{"@type":"ListItem","position":2,"name":"\u00a1Hola de nuevo, Parc Vall\u00e8s!"}]},{"@type":"WebSite","@id":"https:\/\/www.viena.es\/ca\/#website","url":"https:\/\/www.viena.es\/ca\/","name":"Viena","description":"","publisher":{"@id":"https:\/\/www.viena.es\/ca\/#organization"},"potentialAction":[{"@type":"SearchAction","target":{"@type":"EntryPoint","urlTemplate":"https:\/\/www.viena.es\/ca\/?s={search_term_string}"},"query-input":{"@type":"PropertyValueSpecification","valueRequired":true,"valueName":"search_term_string"}}],"inLanguage":"es"},{"@type":"Organization","@id":"https:\/\/www.viena.es\/ca\/#organization","name":"Viena","url":"https:\/\/www.viena.es\/ca\/","logo":{"@type":"ImageObject","inLanguage":"es","@id":"https:\/\/www.viena.es\/ca\/#\/schema\/logo\/image\/","url":"https:\/\/www.viena.es\/wp-content\/uploads\/2022\/06\/viena-logo.png","contentUrl":"https:\/\/www.viena.es\/wp-content\/uploads\/2022\/06\/viena-logo.png","width":256,"height":52,"caption":"Viena"},"image":{"@id":"https:\/\/www.viena.es\/ca\/#\/schema\/logo\/image\/"},"sameAs":["http:\/\/www.facebook.com\/VienaSocVienes","http:\/\/www.instagram.com\/Vienasocvienes"]},{"@type":"Person","@id":"https:\/\/www.viena.es\/ca\/#\/schema\/person\/98b0c0ca3b2c2c590f6dd9ef8ef51bab","name":"Mariona Castells"}]}},"_links":{"self":[{"href":"https:\/\/www.viena.es\/es\/wp-json\/wp\/v2\/posts\/31261","targetHints":{"allow":["GET"]}}],"collection":[{"href":"https:\/\/www.viena.es\/es\/wp-json\/wp\/v2\/posts"}],"about":[{"href":"https:\/\/www.viena.es\/es\/wp-json\/wp\/v2\/types\/post"}],"author":[{"embeddable":true,"href":"https:\/\/www.viena.es\/es\/wp-json\/wp\/v2\/users\/7"}],"replies":[{"embeddable":true,"href":"https:\/\/www.viena.es\/es\/wp-json\/wp\/v2\/comments?post=31261"}],"version-history":[{"count":11,"href":"https:\/\/www.viena.es\/es\/wp-json\/wp\/v2\/posts\/31261\/revisions"}],"predecessor-version":[{"id":43542,"href":"https:\/\/www.viena.es\/es\/wp-json\/wp\/v2\/posts\/31261\/revisions\/43542"}],"wp:featuredmedia":[{"embeddable":true,"href":"https:\/\/www.viena.es\/es\/wp-json\/wp\/v2\/media\/26363"}],"wp:attachment":[{"href":"https:\/\/www.viena.es\/es\/wp-json\/wp\/v2\/media?parent=31261"}],"wp:term":[{"taxonomy":"category","embeddable":true,"href":"https:\/\/www.viena.es\/es\/wp-json\/wp\/v2\/categories?post=31261"}],"curies":[{"name":"wp","href":"https:\/\/api.w.org\/{rel}","templated":true}]}}