 {"id":46150,"date":"2022-12-27T11:46:55","date_gmt":"2022-12-27T10:46:55","guid":{"rendered":"https:\/\/www.viena.es\/?p=46150"},"modified":"2022-12-27T16:52:01","modified_gmt":"2022-12-27T15:52:01","slug":"nou-viena-vilanova-parc","status":"publish","type":"post","link":"https:\/\/www.viena.es\/ca\/blog\/novetats\/nou-viena-vilanova-parc\/","title":{"rendered":"Nou Viena Vilanova Parc"},"content":{"rendered":"\t\t<div data-elementor-type=\"wp-post\" data-elementor-id=\"46150\" class=\"elementor elementor-46150\">\n\t\t\t\t\t\t<section class=\"elementor-section elementor-top-section elementor-element elementor-element-052c14e elementor-section-boxed elementor-section-height-default elementor-section-height-default\" data-id=\"052c14e\" data-element_type=\"section\" data-e-type=\"section\">\n\t\t\t\t\t\t<div class=\"elementor-container elementor-column-gap-default\">\n\t\t\t\t\t<div class=\"elementor-column elementor-col-100 elementor-top-column elementor-element elementor-element-821ea2b\" data-id=\"821ea2b\" data-element_type=\"column\" data-e-type=\"column\">\n\t\t\t<div class=\"elementor-widget-wrap elementor-element-populated\">\n\t\t\t\t\t\t<div class=\"elementor-element elementor-element-f56ca0e elementor-widget elementor-widget-image\" data-id=\"f56ca0e\" data-element_type=\"widget\" data-e-type=\"widget\" data-widget_type=\"image.default\">\n\t\t\t\t<div class=\"elementor-widget-container\">\n\t\t\t\t\t\t\t\t\t\t\t\t\t\t\t<img fetchpriority=\"high\" decoding=\"async\" width=\"1200\" height=\"675\" src=\"https:\/\/www.viena.es\/wp-content\/uploads\/2022\/12\/20221223_085653-1-1200x675.jpg\" class=\"attachment-large size-large wp-image-46180 img-fluid \" alt=\"\" srcset=\"https:\/\/www.viena.es\/wp-content\/uploads\/2022\/12\/20221223_085653-1-1200x675.jpg 1200w, https:\/\/www.viena.es\/wp-content\/uploads\/2022\/12\/20221223_085653-1-768x432.jpg 768w, https:\/\/www.viena.es\/wp-content\/uploads\/2022\/12\/20221223_085653-1-1536x864.jpg 1536w, https:\/\/www.viena.es\/wp-content\/uploads\/2022\/12\/20221223_085653-1-2048x1152.jpg 2048w\" sizes=\"(max-width: 1200px) 100vw, 1200px\" \/>\t\t\t\t\t\t\t\t\t\t\t\t\t\t\t<\/div>\n\t\t\t\t<\/div>\n\t\t\t\t\t<\/div>\n\t\t<\/div>\n\t\t\t\t\t<\/div>\n\t\t<\/section>\n\t\t\t\t<section class=\"elementor-section elementor-top-section elementor-element elementor-element-7f3ff00 elementor-section-boxed elementor-section-height-default elementor-section-height-default\" data-id=\"7f3ff00\" data-element_type=\"section\" data-e-type=\"section\">\n\t\t\t\t\t\t<div class=\"elementor-container elementor-column-gap-default\">\n\t\t\t\t\t<div class=\"elementor-column elementor-col-33 elementor-top-column elementor-element elementor-element-a67d0b1\" data-id=\"a67d0b1\" data-element_type=\"column\" data-e-type=\"column\">\n\t\t\t<div class=\"elementor-widget-wrap\">\n\t\t\t\t\t\t\t<\/div>\n\t\t<\/div>\n\t\t\t\t<div class=\"elementor-column elementor-col-33 elementor-top-column elementor-element elementor-element-aef2d8e\" data-id=\"aef2d8e\" data-element_type=\"column\" data-e-type=\"column\">\n\t\t\t<div class=\"elementor-widget-wrap elementor-element-populated\">\n\t\t\t\t\t\t<div class=\"elementor-element elementor-element-f8935be elementor-widget elementor-widget-heading\" data-id=\"f8935be\" data-element_type=\"widget\" data-e-type=\"widget\" data-widget_type=\"heading.default\">\n\t\t\t\t<div class=\"elementor-widget-container\">\n\t\t\t\t\t<h5 class=\"elementor-heading-title elementor-size-default\">NOVETATS<\/h5>\t\t\t\t<\/div>\n\t\t\t\t<\/div>\n\t\t\t\t<div class=\"elementor-element elementor-element-5ff2801 elementor-widget elementor-widget-heading\" data-id=\"5ff2801\" data-element_type=\"widget\" data-e-type=\"widget\" data-widget_type=\"heading.default\">\n\t\t\t\t<div class=\"elementor-widget-container\">\n\t\t\t\t\t<h2 class=\"elementor-heading-title elementor-size-default\">NOU VIENA VILANOVA PARC<\/h2>\t\t\t\t<\/div>\n\t\t\t\t<\/div>\n\t\t\t\t<div class=\"elementor-element elementor-element-3a2f693 elementor-widget elementor-widget-text-editor\" data-id=\"3a2f693\" data-element_type=\"widget\" data-e-type=\"widget\" data-widget_type=\"text-editor.default\">\n\t\t\t\t<div class=\"elementor-widget-container\">\n\t\t\t\t\t\t\t\t\t<h5><strong>Un nou Viena a Vilanova i la Geltr\u00fa, amb una nova decoraci\u00f3 molt m\u00e9s moderna i adaptada a les necessitats di\u00e0ries dels vienesos.\u00a0<\/strong><\/h5>\t\t\t\t\t\t\t\t<\/div>\n\t\t\t\t<\/div>\n\t\t\t\t\t<\/div>\n\t\t<\/div>\n\t\t\t\t<div class=\"elementor-column elementor-col-33 elementor-top-column elementor-element elementor-element-9735cde\" data-id=\"9735cde\" data-element_type=\"column\" data-e-type=\"column\">\n\t\t\t<div class=\"elementor-widget-wrap\">\n\t\t\t\t\t\t\t<\/div>\n\t\t<\/div>\n\t\t\t\t\t<\/div>\n\t\t<\/section>\n\t\t\t\t<section class=\"elementor-section elementor-top-section elementor-element elementor-element-d6edf4a elementor-section-boxed elementor-section-height-default elementor-section-height-default\" data-id=\"d6edf4a\" data-element_type=\"section\" data-e-type=\"section\">\n\t\t\t\t\t\t<div class=\"elementor-container elementor-column-gap-default\">\n\t\t\t\t\t<div class=\"elementor-column elementor-col-16 elementor-top-column elementor-element elementor-element-8a913c9\" data-id=\"8a913c9\" data-element_type=\"column\" data-e-type=\"column\">\n\t\t\t<div class=\"elementor-widget-wrap\">\n\t\t\t\t\t\t\t<\/div>\n\t\t<\/div>\n\t\t\t\t<div class=\"elementor-column elementor-col-66 elementor-top-column elementor-element elementor-element-a37899f\" data-id=\"a37899f\" data-element_type=\"column\" data-e-type=\"column\">\n\t\t\t<div class=\"elementor-widget-wrap elementor-element-populated\">\n\t\t\t\t\t\t<div class=\"elementor-element elementor-element-d85579e elementor-widget elementor-widget-text-editor\" data-id=\"d85579e\" data-element_type=\"widget\" data-e-type=\"widget\" data-widget_type=\"text-editor.default\">\n\t\t\t\t<div class=\"elementor-widget-container\">\n\t\t\t\t\t\t\t\t\t<p>Hem incorporat nous colors, acabats i un mobiliari renovat que ens ajuden a recrear diferents espais que conviden a passar una agradable estona amb nosaltres, gaudint de les vostres receptes preferides.<\/p>\t\t\t\t\t\t\t\t<\/div>\n\t\t\t\t<\/div>\n\t\t\t\t<div class=\"elementor-element elementor-element-4c5aaa6 elementor-widget-divider--view-line elementor-widget elementor-widget-divider\" data-id=\"4c5aaa6\" data-element_type=\"widget\" data-e-type=\"widget\" data-widget_type=\"divider.default\">\n\t\t\t\t<div class=\"elementor-widget-container\">\n\t\t\t\t\t\t\t<div class=\"elementor-divider\">\n\t\t\t<span class=\"elementor-divider-separator\">\n\t\t\t\t\t\t<\/span>\n\t\t<\/div>\n\t\t\t\t\t\t<\/div>\n\t\t\t\t<\/div>\n\t\t\t\t<div class=\"elementor-element elementor-element-1445950 elementor-widget elementor-widget-text-editor\" data-id=\"1445950\" data-element_type=\"widget\" data-e-type=\"widget\" data-widget_type=\"text-editor.default\">\n\t\t\t\t<div class=\"elementor-widget-container\">\n\t\t\t\t\t\t\t\t\t<p>Disseny i gastronomia s\u00f3n dos conceptes que van de la m\u00e0. Per aix\u00f2, el nostre objectiu era poder oferir el millor espai i ambient perqu\u00e8 en venir a esmorzar, dinar, berenar o sopar, la teva visita result\u00e9s la millor, amb el mateix tracte de sempre, les teves receptes preferides i l&#8217;ambient m\u00e9s acollidor.<\/p>\t\t\t\t\t\t\t\t<\/div>\n\t\t\t\t<\/div>\n\t\t\t\t\t<\/div>\n\t\t<\/div>\n\t\t\t\t<div class=\"elementor-column elementor-col-16 elementor-top-column elementor-element elementor-element-837dc3b\" data-id=\"837dc3b\" data-element_type=\"column\" data-e-type=\"column\">\n\t\t\t<div class=\"elementor-widget-wrap\">\n\t\t\t\t\t\t\t<\/div>\n\t\t<\/div>\n\t\t\t\t\t<\/div>\n\t\t<\/section>\n\t\t\t\t<section class=\"elementor-section elementor-top-section elementor-element elementor-element-25f2bf2 elementor-section-boxed elementor-section-height-default elementor-section-height-default\" data-id=\"25f2bf2\" data-element_type=\"section\" data-e-type=\"section\">\n\t\t\t\t\t\t<div class=\"elementor-container elementor-column-gap-default\">\n\t\t\t\t\t<div class=\"elementor-column elementor-col-100 elementor-top-column elementor-element elementor-element-b95cc37\" data-id=\"b95cc37\" data-element_type=\"column\" data-e-type=\"column\">\n\t\t\t<div class=\"elementor-widget-wrap\">\n\t\t\t\t\t\t\t<\/div>\n\t\t<\/div>\n\t\t\t\t\t<\/div>\n\t\t<\/section>\n\t\t\t\t<section class=\"elementor-section elementor-top-section elementor-element elementor-element-fe90f18 elementor-section-boxed elementor-section-height-default elementor-section-height-default\" data-id=\"fe90f18\" data-element_type=\"section\" data-e-type=\"section\">\n\t\t\t\t\t\t<div class=\"elementor-container elementor-column-gap-default\">\n\t\t\t\t\t<div class=\"elementor-column elementor-col-33 elementor-top-column elementor-element elementor-element-390fe64\" data-id=\"390fe64\" data-element_type=\"column\" data-e-type=\"column\">\n\t\t\t<div class=\"elementor-widget-wrap elementor-element-populated\">\n\t\t\t\t\t\t<div class=\"elementor-element elementor-element-c95dba1 elementor-widget elementor-widget-image\" data-id=\"c95dba1\" data-element_type=\"widget\" data-e-type=\"widget\" data-widget_type=\"image.default\">\n\t\t\t\t<div class=\"elementor-widget-container\">\n\t\t\t\t\t\t\t\t\t\t\t\t\t\t\t<img decoding=\"async\" width=\"1000\" height=\"750\" src=\"https:\/\/www.viena.es\/wp-content\/uploads\/2022\/12\/01FOTOS_VIDEO_VILANOVA.jpg\" class=\"attachment-large size-large wp-image-46167 img-fluid \" alt=\"\" srcset=\"https:\/\/www.viena.es\/wp-content\/uploads\/2022\/12\/01FOTOS_VIDEO_VILANOVA.jpg 1000w, https:\/\/www.viena.es\/wp-content\/uploads\/2022\/12\/01FOTOS_VIDEO_VILANOVA-768x576.jpg 768w\" sizes=\"(max-width: 1000px) 100vw, 1000px\" \/>\t\t\t\t\t\t\t\t\t\t\t\t\t\t\t<\/div>\n\t\t\t\t<\/div>\n\t\t\t\t\t<\/div>\n\t\t<\/div>\n\t\t\t\t<div class=\"elementor-column elementor-col-33 elementor-top-column elementor-element elementor-element-35e4ad8\" data-id=\"35e4ad8\" data-element_type=\"column\" data-e-type=\"column\">\n\t\t\t<div class=\"elementor-widget-wrap elementor-element-populated\">\n\t\t\t\t\t\t<div class=\"elementor-element elementor-element-cc1b8a6 elementor-widget elementor-widget-image\" data-id=\"cc1b8a6\" data-element_type=\"widget\" data-e-type=\"widget\" data-widget_type=\"image.default\">\n\t\t\t\t<div class=\"elementor-widget-container\">\n\t\t\t\t\t\t\t\t\t\t\t\t\t\t\t<img decoding=\"async\" width=\"1000\" height=\"750\" src=\"https:\/\/www.viena.es\/wp-content\/uploads\/2022\/12\/03FOTOS_VIDEO_VILANOVA.jpg\" class=\"attachment-large size-large wp-image-46161 img-fluid \" alt=\"\" srcset=\"https:\/\/www.viena.es\/wp-content\/uploads\/2022\/12\/03FOTOS_VIDEO_VILANOVA.jpg 1000w, https:\/\/www.viena.es\/wp-content\/uploads\/2022\/12\/03FOTOS_VIDEO_VILANOVA-768x576.jpg 768w\" sizes=\"(max-width: 1000px) 100vw, 1000px\" \/>\t\t\t\t\t\t\t\t\t\t\t\t\t\t\t<\/div>\n\t\t\t\t<\/div>\n\t\t\t\t\t<\/div>\n\t\t<\/div>\n\t\t\t\t<div class=\"elementor-column elementor-col-33 elementor-top-column elementor-element elementor-element-2a0249a\" data-id=\"2a0249a\" data-element_type=\"column\" data-e-type=\"column\">\n\t\t\t<div class=\"elementor-widget-wrap elementor-element-populated\">\n\t\t\t\t\t\t<div class=\"elementor-element elementor-element-937b38e elementor-widget elementor-widget-image\" data-id=\"937b38e\" data-element_type=\"widget\" data-e-type=\"widget\" data-widget_type=\"image.default\">\n\t\t\t\t<div class=\"elementor-widget-container\">\n\t\t\t\t\t\t\t\t\t\t\t\t\t\t\t<img loading=\"lazy\" decoding=\"async\" width=\"1000\" height=\"750\" src=\"https:\/\/www.viena.es\/wp-content\/uploads\/2022\/12\/04FOTOS_VIDEO_VILANOVA.jpg\" class=\"attachment-large size-large wp-image-46158 img-fluid \" alt=\"\" srcset=\"https:\/\/www.viena.es\/wp-content\/uploads\/2022\/12\/04FOTOS_VIDEO_VILANOVA.jpg 1000w, https:\/\/www.viena.es\/wp-content\/uploads\/2022\/12\/04FOTOS_VIDEO_VILANOVA-768x576.jpg 768w\" sizes=\"(max-width: 1000px) 100vw, 1000px\" \/>\t\t\t\t\t\t\t\t\t\t\t\t\t\t\t<\/div>\n\t\t\t\t<\/div>\n\t\t\t\t\t<\/div>\n\t\t<\/div>\n\t\t\t\t\t<\/div>\n\t\t<\/section>\n\t\t\t\t<section class=\"elementor-section elementor-top-section elementor-element elementor-element-d89166c elementor-section-boxed elementor-section-height-default elementor-section-height-default\" data-id=\"d89166c\" data-element_type=\"section\" data-e-type=\"section\">\n\t\t\t\t\t\t<div class=\"elementor-container elementor-column-gap-default\">\n\t\t\t\t\t<div class=\"elementor-column elementor-col-33 elementor-top-column elementor-element elementor-element-5bf69e8\" data-id=\"5bf69e8\" data-element_type=\"column\" data-e-type=\"column\">\n\t\t\t<div class=\"elementor-widget-wrap elementor-element-populated\">\n\t\t\t\t\t\t<div class=\"elementor-element elementor-element-9f626e7 elementor-widget elementor-widget-spacer\" data-id=\"9f626e7\" data-element_type=\"widget\" data-e-type=\"widget\" data-widget_type=\"spacer.default\">\n\t\t\t\t<div class=\"elementor-widget-container\">\n\t\t\t\t\t\t\t<div class=\"elementor-spacer\">\n\t\t\t<div class=\"elementor-spacer-inner\"><\/div>\n\t\t<\/div>\n\t\t\t\t\t\t<\/div>\n\t\t\t\t<\/div>\n\t\t\t\t<div class=\"elementor-element elementor-element-df64f70 elementor-widget elementor-widget-text-editor\" data-id=\"df64f70\" data-element_type=\"widget\" data-e-type=\"widget\" data-widget_type=\"text-editor.default\">\n\t\t\t\t<div class=\"elementor-widget-container\">\n\t\t\t\t\t\t\t\t\t<p>Un nou Viena a Vilanova i la Geltr\u00fa on us hi sentireu com a casa! Un espai ampli, agradable i acollidor que combina diferents espais que s&#8217;adaptaran a les vostres necessitats en qualsevol ocasi\u00f3.<\/p><p>I una \u00e0mplia terrassa per gaudir del sol a l&#8217;hivern i de la fresca a les nits d&#8217;estiu.<\/p>\t\t\t\t\t\t\t\t<\/div>\n\t\t\t\t<\/div>\n\t\t\t\t<div class=\"elementor-element elementor-element-b50551e elementor-widget elementor-widget-text-editor\" data-id=\"b50551e\" data-element_type=\"widget\" data-e-type=\"widget\" data-widget_type=\"text-editor.default\">\n\t\t\t\t<div class=\"elementor-widget-container\">\n\t\t\t\t\t\t\t\t\t<p>La intenci\u00f3 era generar contrastos, industrial per\u00f2 c\u00e0lid, amb un mobiliari que destaqu\u00e9s i convid\u00e9s a passar bones estones.<\/p>\t\t\t\t\t\t\t\t<\/div>\n\t\t\t\t<\/div>\n\t\t\t\t<div class=\"elementor-element elementor-element-143adb5 elementor-widget elementor-widget-text-editor\" data-id=\"143adb5\" data-element_type=\"widget\" data-e-type=\"widget\" data-widget_type=\"text-editor.default\">\n\t\t\t\t<div class=\"elementor-widget-container\">\n\t\t\t\t\t\t\t\t\t<p>Zones m\u00e9s informals, recuperant els ja cl\u00e0ssics sof\u00e0s de Viena estil chester que contrasten amb la zona de sof\u00e0s taronges, ideal per a les trobades en grup. Cadires entapissades i una paret panellada en mirall, aporta m\u00e9s amplitud visual. La intenci\u00f3 era generar contrastos, industrial per\u00f2 c\u00e0lid, amb un mobiliari que destaqu\u00e9s i convid\u00e9s a passar bones estones.<\/p><p>La il\u00b7luminaci\u00f3 destaca per les nostres ja reconegudes l\u00e0mpades taronges, i hem enriquit l&#8217;espai incloent tot tipus de plantes.<\/p><p>Un nou espai que s&#8217;adapta als vostres plans diaris \ud83e\udd17.\u00a0<\/p><p>A m\u00e9s, hi trobareu AutoViena, el nostre servei directe al cotxe.<\/p><p>Us hi esperem, Vienesos!<\/p>\t\t\t\t\t\t\t\t<\/div>\n\t\t\t\t<\/div>\n\t\t\t\t\t<\/div>\n\t\t<\/div>\n\t\t\t\t<div class=\"elementor-column elementor-col-33 elementor-top-column elementor-element elementor-element-c27aada\" data-id=\"c27aada\" data-element_type=\"column\" data-e-type=\"column\">\n\t\t\t<div class=\"elementor-widget-wrap\">\n\t\t\t\t\t\t\t<\/div>\n\t\t<\/div>\n\t\t\t\t<div class=\"elementor-column elementor-col-33 elementor-top-column elementor-element elementor-element-3a3cb1d\" data-id=\"3a3cb1d\" data-element_type=\"column\" data-e-type=\"column\">\n\t\t\t<div class=\"elementor-widget-wrap elementor-element-populated\">\n\t\t\t\t\t\t<div class=\"elementor-element elementor-element-774e7fb elementor-widget elementor-widget-spacer\" data-id=\"774e7fb\" data-element_type=\"widget\" data-e-type=\"widget\" data-widget_type=\"spacer.default\">\n\t\t\t\t<div class=\"elementor-widget-container\">\n\t\t\t\t\t\t\t<div class=\"elementor-spacer\">\n\t\t\t<div class=\"elementor-spacer-inner\"><\/div>\n\t\t<\/div>\n\t\t\t\t\t\t<\/div>\n\t\t\t\t<\/div>\n\t\t\t\t<div class=\"elementor-element elementor-element-97b93ad elementor-widget elementor-widget-video\" data-id=\"97b93ad\" data-element_type=\"widget\" data-e-type=\"widget\" data-settings=\"{&quot;video_type&quot;:&quot;hosted&quot;,&quot;autoplay&quot;:&quot;yes&quot;,&quot;loop&quot;:&quot;yes&quot;,&quot;play_on_mobile&quot;:&quot;yes&quot;,&quot;mute&quot;:&quot;yes&quot;}\" data-widget_type=\"video.default\">\n\t\t\t\t<div class=\"elementor-widget-container\">\n\t\t\t\t\t\t\t<div class=\"e-hosted-video elementor-wrapper elementor-open-inline\">\n\t\t\t\t\t<video class=\"elementor-video\" src=\"https:\/\/www.viena.es\/wp-content\/uploads\/2022\/12\/REEL-STORY_OBERTURA-VILANOVA-1.mp4\" autoplay=\"\" loop=\"\" muted=\"muted\" playsinline=\"\" controlsList=\"nodownload\"><\/video>\n\t\t\t\t<\/div>\n\t\t\t\t\t\t<\/div>\n\t\t\t\t<\/div>\n\t\t\t\t\t<\/div>\n\t\t<\/div>\n\t\t\t\t\t<\/div>\n\t\t<\/section>\n\t\t\t\t<\/div>\n\t\t","protected":false},"excerpt":{"rendered":"<p>Un nou Viena a Vilanova i la Geltr\u00fa, amb una nova decoraci\u00f3 molt m\u00e9s moderna i adaptada a les necessitats di\u00e0ries dels vienesos. <\/p>\n<p>Nous colors, acabats i un mobiliari renovat que ens ajuden a recrear diferents espais que conviden a passar una agradable estona amb nosaltres, gaudint de les vostres receptes preferides.<\/p>\n","protected":false},"author":6,"featured_media":46155,"comment_status":"closed","ping_status":"closed","sticky":false,"template":"","format":"standard","meta":{"footnotes":""},"categories":[62],"class_list":["post-46150","post","type-post","status-publish","format-standard","has-post-thumbnail","hentry","category-novetats"],"yoast_head":"<!-- This site is optimized with the Yoast SEO plugin v24.4 - https:\/\/yoast.com\/wordpress\/plugins\/seo\/ -->\n<title>Nou Viena Vilanova Parc - Viena<\/title>\n<meta name=\"description\" content=\"%\" \/>\n<meta name=\"robots\" content=\"index, follow, max-snippet:-1, max-image-preview:large, max-video-preview:-1\" \/>\n<link rel=\"canonical\" href=\"https:\/\/www.viena.es\/ca\/blog\/novetats\/nou-viena-vilanova-parc\/\" \/>\n<meta property=\"og:locale\" content=\"ca_ES\" \/>\n<meta property=\"og:type\" content=\"article\" \/>\n<meta property=\"og:title\" content=\"Nou Viena Vilanova Parc - Viena\" \/>\n<meta property=\"og:description\" content=\"%\" \/>\n<meta property=\"og:url\" content=\"https:\/\/www.viena.es\/ca\/blog\/novetats\/nou-viena-vilanova-parc\/\" \/>\n<meta property=\"og:site_name\" content=\"Viena\" \/>\n<meta property=\"article:publisher\" content=\"http:\/\/www.facebook.com\/VienaSocVienes\" \/>\n<meta property=\"article:published_time\" content=\"2022-12-27T10:46:55+00:00\" \/>\n<meta property=\"article:modified_time\" content=\"2022-12-27T15:52:01+00:00\" \/>\n<meta property=\"og:image\" content=\"https:\/\/www.viena.es\/wp-content\/uploads\/2022\/12\/20221223_085912-scaled.jpg\" \/>\n\t<meta property=\"og:image:width\" content=\"2560\" \/>\n\t<meta property=\"og:image:height\" content=\"1440\" \/>\n\t<meta property=\"og:image:type\" content=\"image\/jpeg\" \/>\n<meta name=\"author\" content=\"M\u00edriam Borr\u00e0s\" \/>\n<meta name=\"twitter:card\" content=\"summary_large_image\" \/>\n<meta name=\"twitter:label1\" content=\"Escrit per\" \/>\n\t<meta name=\"twitter:data1\" content=\"M\u00edriam Borr\u00e0s\" \/>\n\t<meta name=\"twitter:label2\" content=\"Temps estimat de lectura\" \/>\n\t<meta name=\"twitter:data2\" content=\"3 minuts\" \/>\n<script type=\"application\/ld+json\" class=\"yoast-schema-graph\">{\"@context\":\"https:\/\/schema.org\",\"@graph\":[{\"@type\":\"Article\",\"@id\":\"https:\/\/www.viena.es\/ca\/blog\/novetats\/nou-viena-vilanova-parc\/#article\",\"isPartOf\":{\"@id\":\"https:\/\/www.viena.es\/ca\/blog\/novetats\/nou-viena-vilanova-parc\/\"},\"author\":{\"name\":\"M\u00edriam Borr\u00e0s\",\"@id\":\"https:\/\/www.viena.es\/ca\/#\/schema\/person\/828c228a9e200c660238ad9b2197c6c5\"},\"headline\":\"Nou Viena Vilanova Parc\",\"datePublished\":\"2022-12-27T10:46:55+00:00\",\"dateModified\":\"2022-12-27T15:52:01+00:00\",\"mainEntityOfPage\":{\"@id\":\"https:\/\/www.viena.es\/ca\/blog\/novetats\/nou-viena-vilanova-parc\/\"},\"wordCount\":316,\"publisher\":{\"@id\":\"https:\/\/www.viena.es\/ca\/#organization\"},\"image\":{\"@id\":\"https:\/\/www.viena.es\/ca\/blog\/novetats\/nou-viena-vilanova-parc\/#primaryimage\"},\"thumbnailUrl\":\"https:\/\/www.viena.es\/wp-content\/uploads\/2022\/12\/20221223_085912-scaled.jpg\",\"articleSection\":[\"Novetats\"],\"inLanguage\":\"ca\"},{\"@type\":\"WebPage\",\"@id\":\"https:\/\/www.viena.es\/ca\/blog\/novetats\/nou-viena-vilanova-parc\/\",\"url\":\"https:\/\/www.viena.es\/ca\/blog\/novetats\/nou-viena-vilanova-parc\/\",\"name\":\"Nou Viena Vilanova Parc - Viena\",\"isPartOf\":{\"@id\":\"https:\/\/www.viena.es\/ca\/#website\"},\"primaryImageOfPage\":{\"@id\":\"https:\/\/www.viena.es\/ca\/blog\/novetats\/nou-viena-vilanova-parc\/#primaryimage\"},\"image\":{\"@id\":\"https:\/\/www.viena.es\/ca\/blog\/novetats\/nou-viena-vilanova-parc\/#primaryimage\"},\"thumbnailUrl\":\"https:\/\/www.viena.es\/wp-content\/uploads\/2022\/12\/20221223_085912-scaled.jpg\",\"datePublished\":\"2022-12-27T10:46:55+00:00\",\"dateModified\":\"2022-12-27T15:52:01+00:00\",\"description\":\"%\",\"breadcrumb\":{\"@id\":\"https:\/\/www.viena.es\/ca\/blog\/novetats\/nou-viena-vilanova-parc\/#breadcrumb\"},\"inLanguage\":\"ca\",\"potentialAction\":[{\"@type\":\"ReadAction\",\"target\":[\"https:\/\/www.viena.es\/ca\/blog\/novetats\/nou-viena-vilanova-parc\/\"]}]},{\"@type\":\"ImageObject\",\"inLanguage\":\"ca\",\"@id\":\"https:\/\/www.viena.es\/ca\/blog\/novetats\/nou-viena-vilanova-parc\/#primaryimage\",\"url\":\"https:\/\/www.viena.es\/wp-content\/uploads\/2022\/12\/20221223_085912-scaled.jpg\",\"contentUrl\":\"https:\/\/www.viena.es\/wp-content\/uploads\/2022\/12\/20221223_085912-scaled.jpg\",\"width\":2560,\"height\":1440},{\"@type\":\"BreadcrumbList\",\"@id\":\"https:\/\/www.viena.es\/ca\/blog\/novetats\/nou-viena-vilanova-parc\/#breadcrumb\",\"itemListElement\":[{\"@type\":\"ListItem\",\"position\":1,\"name\":\"Home\",\"item\":\"https:\/\/www.viena.es\/ca\/\"},{\"@type\":\"ListItem\",\"position\":2,\"name\":\"Nou Viena Vilanova Parc\"}]},{\"@type\":\"WebSite\",\"@id\":\"https:\/\/www.viena.es\/ca\/#website\",\"url\":\"https:\/\/www.viena.es\/ca\/\",\"name\":\"Viena\",\"description\":\"\",\"publisher\":{\"@id\":\"https:\/\/www.viena.es\/ca\/#organization\"},\"potentialAction\":[{\"@type\":\"SearchAction\",\"target\":{\"@type\":\"EntryPoint\",\"urlTemplate\":\"https:\/\/www.viena.es\/ca\/?s={search_term_string}\"},\"query-input\":{\"@type\":\"PropertyValueSpecification\",\"valueRequired\":true,\"valueName\":\"search_term_string\"}}],\"inLanguage\":\"ca\"},{\"@type\":\"Organization\",\"@id\":\"https:\/\/www.viena.es\/ca\/#organization\",\"name\":\"Viena\",\"url\":\"https:\/\/www.viena.es\/ca\/\",\"logo\":{\"@type\":\"ImageObject\",\"inLanguage\":\"ca\",\"@id\":\"https:\/\/www.viena.es\/ca\/#\/schema\/logo\/image\/\",\"url\":\"https:\/\/www.viena.es\/wp-content\/uploads\/2022\/06\/viena-logo.png\",\"contentUrl\":\"https:\/\/www.viena.es\/wp-content\/uploads\/2022\/06\/viena-logo.png\",\"width\":256,\"height\":52,\"caption\":\"Viena\"},\"image\":{\"@id\":\"https:\/\/www.viena.es\/ca\/#\/schema\/logo\/image\/\"},\"sameAs\":[\"http:\/\/www.facebook.com\/VienaSocVienes\",\"http:\/\/www.instagram.com\/Vienasocvienes\"]},{\"@type\":\"Person\",\"@id\":\"https:\/\/www.viena.es\/ca\/#\/schema\/person\/828c228a9e200c660238ad9b2197c6c5\",\"name\":\"M\u00edriam Borr\u00e0s\"}]}<\/script>\n<!-- \/ Yoast SEO plugin. -->","yoast_head_json":{"title":"Nou Viena Vilanova Parc - Viena","description":"%","robots":{"index":"index","follow":"follow","max-snippet":"max-snippet:-1","max-image-preview":"max-image-preview:large","max-video-preview":"max-video-preview:-1"},"canonical":"https:\/\/www.viena.es\/ca\/blog\/novetats\/nou-viena-vilanova-parc\/","og_locale":"ca_ES","og_type":"article","og_title":"Nou Viena Vilanova Parc - Viena","og_description":"%","og_url":"https:\/\/www.viena.es\/ca\/blog\/novetats\/nou-viena-vilanova-parc\/","og_site_name":"Viena","article_publisher":"http:\/\/www.facebook.com\/VienaSocVienes","article_published_time":"2022-12-27T10:46:55+00:00","article_modified_time":"2022-12-27T15:52:01+00:00","og_image":[{"width":2560,"height":1440,"url":"https:\/\/www.viena.es\/wp-content\/uploads\/2022\/12\/20221223_085912-scaled.jpg","type":"image\/jpeg"}],"author":"M\u00edriam Borr\u00e0s","twitter_card":"summary_large_image","twitter_misc":{"Escrit per":"M\u00edriam Borr\u00e0s","Temps estimat de lectura":"3 minuts"},"schema":{"@context":"https:\/\/schema.org","@graph":[{"@type":"Article","@id":"https:\/\/www.viena.es\/ca\/blog\/novetats\/nou-viena-vilanova-parc\/#article","isPartOf":{"@id":"https:\/\/www.viena.es\/ca\/blog\/novetats\/nou-viena-vilanova-parc\/"},"author":{"name":"M\u00edriam Borr\u00e0s","@id":"https:\/\/www.viena.es\/ca\/#\/schema\/person\/828c228a9e200c660238ad9b2197c6c5"},"headline":"Nou Viena Vilanova Parc","datePublished":"2022-12-27T10:46:55+00:00","dateModified":"2022-12-27T15:52:01+00:00","mainEntityOfPage":{"@id":"https:\/\/www.viena.es\/ca\/blog\/novetats\/nou-viena-vilanova-parc\/"},"wordCount":316,"publisher":{"@id":"https:\/\/www.viena.es\/ca\/#organization"},"image":{"@id":"https:\/\/www.viena.es\/ca\/blog\/novetats\/nou-viena-vilanova-parc\/#primaryimage"},"thumbnailUrl":"https:\/\/www.viena.es\/wp-content\/uploads\/2022\/12\/20221223_085912-scaled.jpg","articleSection":["Novetats"],"inLanguage":"ca"},{"@type":"WebPage","@id":"https:\/\/www.viena.es\/ca\/blog\/novetats\/nou-viena-vilanova-parc\/","url":"https:\/\/www.viena.es\/ca\/blog\/novetats\/nou-viena-vilanova-parc\/","name":"Nou Viena Vilanova Parc - Viena","isPartOf":{"@id":"https:\/\/www.viena.es\/ca\/#website"},"primaryImageOfPage":{"@id":"https:\/\/www.viena.es\/ca\/blog\/novetats\/nou-viena-vilanova-parc\/#primaryimage"},"image":{"@id":"https:\/\/www.viena.es\/ca\/blog\/novetats\/nou-viena-vilanova-parc\/#primaryimage"},"thumbnailUrl":"https:\/\/www.viena.es\/wp-content\/uploads\/2022\/12\/20221223_085912-scaled.jpg","datePublished":"2022-12-27T10:46:55+00:00","dateModified":"2022-12-27T15:52:01+00:00","description":"%","breadcrumb":{"@id":"https:\/\/www.viena.es\/ca\/blog\/novetats\/nou-viena-vilanova-parc\/#breadcrumb"},"inLanguage":"ca","potentialAction":[{"@type":"ReadAction","target":["https:\/\/www.viena.es\/ca\/blog\/novetats\/nou-viena-vilanova-parc\/"]}]},{"@type":"ImageObject","inLanguage":"ca","@id":"https:\/\/www.viena.es\/ca\/blog\/novetats\/nou-viena-vilanova-parc\/#primaryimage","url":"https:\/\/www.viena.es\/wp-content\/uploads\/2022\/12\/20221223_085912-scaled.jpg","contentUrl":"https:\/\/www.viena.es\/wp-content\/uploads\/2022\/12\/20221223_085912-scaled.jpg","width":2560,"height":1440},{"@type":"BreadcrumbList","@id":"https:\/\/www.viena.es\/ca\/blog\/novetats\/nou-viena-vilanova-parc\/#breadcrumb","itemListElement":[{"@type":"ListItem","position":1,"name":"Home","item":"https:\/\/www.viena.es\/ca\/"},{"@type":"ListItem","position":2,"name":"Nou Viena Vilanova Parc"}]},{"@type":"WebSite","@id":"https:\/\/www.viena.es\/ca\/#website","url":"https:\/\/www.viena.es\/ca\/","name":"Viena","description":"","publisher":{"@id":"https:\/\/www.viena.es\/ca\/#organization"},"potentialAction":[{"@type":"SearchAction","target":{"@type":"EntryPoint","urlTemplate":"https:\/\/www.viena.es\/ca\/?s={search_term_string}"},"query-input":{"@type":"PropertyValueSpecification","valueRequired":true,"valueName":"search_term_string"}}],"inLanguage":"ca"},{"@type":"Organization","@id":"https:\/\/www.viena.es\/ca\/#organization","name":"Viena","url":"https:\/\/www.viena.es\/ca\/","logo":{"@type":"ImageObject","inLanguage":"ca","@id":"https:\/\/www.viena.es\/ca\/#\/schema\/logo\/image\/","url":"https:\/\/www.viena.es\/wp-content\/uploads\/2022\/06\/viena-logo.png","contentUrl":"https:\/\/www.viena.es\/wp-content\/uploads\/2022\/06\/viena-logo.png","width":256,"height":52,"caption":"Viena"},"image":{"@id":"https:\/\/www.viena.es\/ca\/#\/schema\/logo\/image\/"},"sameAs":["http:\/\/www.facebook.com\/VienaSocVienes","http:\/\/www.instagram.com\/Vienasocvienes"]},{"@type":"Person","@id":"https:\/\/www.viena.es\/ca\/#\/schema\/person\/828c228a9e200c660238ad9b2197c6c5","name":"M\u00edriam Borr\u00e0s"}]}},"_links":{"self":[{"href":"https:\/\/www.viena.es\/ca\/wp-json\/wp\/v2\/posts\/46150","targetHints":{"allow":["GET"]}}],"collection":[{"href":"https:\/\/www.viena.es\/ca\/wp-json\/wp\/v2\/posts"}],"about":[{"href":"https:\/\/www.viena.es\/ca\/wp-json\/wp\/v2\/types\/post"}],"author":[{"embeddable":true,"href":"https:\/\/www.viena.es\/ca\/wp-json\/wp\/v2\/users\/6"}],"replies":[{"embeddable":true,"href":"https:\/\/www.viena.es\/ca\/wp-json\/wp\/v2\/comments?post=46150"}],"version-history":[{"count":19,"href":"https:\/\/www.viena.es\/ca\/wp-json\/wp\/v2\/posts\/46150\/revisions"}],"predecessor-version":[{"id":46199,"href":"https:\/\/www.viena.es\/ca\/wp-json\/wp\/v2\/posts\/46150\/revisions\/46199"}],"wp:featuredmedia":[{"embeddable":true,"href":"https:\/\/www.viena.es\/ca\/wp-json\/wp\/v2\/media\/46155"}],"wp:attachment":[{"href":"https:\/\/www.viena.es\/ca\/wp-json\/wp\/v2\/media?parent=46150"}],"wp:term":[{"taxonomy":"category","embeddable":true,"href":"https:\/\/www.viena.es\/ca\/wp-json\/wp\/v2\/categories?post=46150"}],"curies":[{"name":"wp","href":"https:\/\/api.w.org\/{rel}","templated":true}]}}