 {"id":43580,"date":"2022-09-14T11:41:47","date_gmt":"2022-09-14T09:41:47","guid":{"rendered":"https:\/\/www.viena.es\/?p=43580"},"modified":"2022-09-29T09:53:47","modified_gmt":"2022-09-29T07:53:47","slug":"compromis-viena-medi-ambient","status":"publish","type":"post","link":"https:\/\/www.viena.es\/ca\/blog\/mediambient\/compromis-viena-medi-ambient\/","title":{"rendered":"Fer m\u00e9s amb menys"},"content":{"rendered":"\t\t<div data-elementor-type=\"wp-post\" data-elementor-id=\"43580\" class=\"elementor elementor-43580\">\n\t\t\t\t\t\t<section class=\"elementor-section elementor-top-section elementor-element elementor-element-8d7e8ea elementor-section-boxed elementor-section-height-default elementor-section-height-default\" data-id=\"8d7e8ea\" data-element_type=\"section\" data-e-type=\"section\">\n\t\t\t\t\t\t<div class=\"elementor-container elementor-column-gap-default\">\n\t\t\t\t\t<div class=\"elementor-column elementor-col-100 elementor-top-column elementor-element elementor-element-6561c42\" data-id=\"6561c42\" data-element_type=\"column\" data-e-type=\"column\">\n\t\t\t<div class=\"elementor-widget-wrap elementor-element-populated\">\n\t\t\t\t\t\t<div class=\"elementor-element elementor-element-4f7ab44 elementor-widget elementor-widget-image\" data-id=\"4f7ab44\" data-element_type=\"widget\" data-e-type=\"widget\" data-widget_type=\"image.default\">\n\t\t\t\t<div class=\"elementor-widget-container\">\n\t\t\t\t\t\t\t\t\t\t\t\t\t\t\t<img fetchpriority=\"high\" decoding=\"async\" width=\"1200\" height=\"675\" src=\"https:\/\/www.viena.es\/wp-content\/uploads\/2022\/09\/medi-ambient-viena-1200x675.jpg\" class=\"attachment-large size-large wp-image-43601 img-fluid \" alt=\"\" srcset=\"https:\/\/www.viena.es\/wp-content\/uploads\/2022\/09\/medi-ambient-viena-1200x675.jpg 1200w, https:\/\/www.viena.es\/wp-content\/uploads\/2022\/09\/medi-ambient-viena-768x432.jpg 768w, https:\/\/www.viena.es\/wp-content\/uploads\/2022\/09\/medi-ambient-viena-1536x864.jpg 1536w, https:\/\/www.viena.es\/wp-content\/uploads\/2022\/09\/medi-ambient-viena.jpg 1642w\" sizes=\"(max-width: 1200px) 100vw, 1200px\" \/>\t\t\t\t\t\t\t\t\t\t\t\t\t\t\t<\/div>\n\t\t\t\t<\/div>\n\t\t\t\t\t<\/div>\n\t\t<\/div>\n\t\t\t\t\t<\/div>\n\t\t<\/section>\n\t\t\t\t<section class=\"elementor-section elementor-top-section elementor-element elementor-element-775161a elementor-section-boxed elementor-section-height-default elementor-section-height-default\" data-id=\"775161a\" data-element_type=\"section\" data-e-type=\"section\">\n\t\t\t\t\t\t<div class=\"elementor-container elementor-column-gap-default\">\n\t\t\t\t\t<div class=\"elementor-column elementor-col-33 elementor-top-column elementor-element elementor-element-5c91630\" data-id=\"5c91630\" data-element_type=\"column\" data-e-type=\"column\">\n\t\t\t<div class=\"elementor-widget-wrap\">\n\t\t\t\t\t\t\t<\/div>\n\t\t<\/div>\n\t\t\t\t<div class=\"elementor-column elementor-col-33 elementor-top-column elementor-element elementor-element-bab46d7\" data-id=\"bab46d7\" data-element_type=\"column\" data-e-type=\"column\">\n\t\t\t<div class=\"elementor-widget-wrap elementor-element-populated\">\n\t\t\t\t\t\t<div class=\"elementor-element elementor-element-df38b7c elementor-widget elementor-widget-heading\" data-id=\"df38b7c\" data-element_type=\"widget\" data-e-type=\"widget\" data-widget_type=\"heading.default\">\n\t\t\t\t<div class=\"elementor-widget-container\">\n\t\t\t\t\t<h5 class=\"elementor-heading-title elementor-size-default\">MEDI AMBIENT<\/h5>\t\t\t\t<\/div>\n\t\t\t\t<\/div>\n\t\t\t\t<div class=\"elementor-element elementor-element-6dbaa35 elementor-widget elementor-widget-heading\" data-id=\"6dbaa35\" data-element_type=\"widget\" data-e-type=\"widget\" data-widget_type=\"heading.default\">\n\t\t\t\t<div class=\"elementor-widget-container\">\n\t\t\t\t\t<h2 class=\"elementor-heading-title elementor-size-default\">FER M\u00c9S AMB MENYS\n<\/h2>\t\t\t\t<\/div>\n\t\t\t\t<\/div>\n\t\t\t\t<div class=\"elementor-element elementor-element-c404839 elementor-widget elementor-widget-heading\" data-id=\"c404839\" data-element_type=\"widget\" data-e-type=\"widget\" data-widget_type=\"heading.default\">\n\t\t\t\t<div class=\"elementor-widget-container\">\n\t\t\t\t\t<h4 class=\"elementor-heading-title elementor-size-default\">El nostre comprom\u00eds amb el medi ambient.<\/h4>\t\t\t\t<\/div>\n\t\t\t\t<\/div>\n\t\t\t\t\t<\/div>\n\t\t<\/div>\n\t\t\t\t<div class=\"elementor-column elementor-col-33 elementor-top-column elementor-element elementor-element-a3e9bd1\" data-id=\"a3e9bd1\" data-element_type=\"column\" data-e-type=\"column\">\n\t\t\t<div class=\"elementor-widget-wrap\">\n\t\t\t\t\t\t\t<\/div>\n\t\t<\/div>\n\t\t\t\t\t<\/div>\n\t\t<\/section>\n\t\t\t\t<section class=\"elementor-section elementor-top-section elementor-element elementor-element-070706d elementor-section-boxed elementor-section-height-default elementor-section-height-default\" data-id=\"070706d\" data-element_type=\"section\" data-e-type=\"section\">\n\t\t\t\t\t\t<div class=\"elementor-container elementor-column-gap-default\">\n\t\t\t\t\t<div class=\"elementor-column elementor-col-16 elementor-top-column elementor-element elementor-element-9fc13f7\" data-id=\"9fc13f7\" data-element_type=\"column\" data-e-type=\"column\">\n\t\t\t<div class=\"elementor-widget-wrap\">\n\t\t\t\t\t\t\t<\/div>\n\t\t<\/div>\n\t\t\t\t<div class=\"elementor-column elementor-col-66 elementor-top-column elementor-element elementor-element-2d280a9\" data-id=\"2d280a9\" data-element_type=\"column\" data-e-type=\"column\">\n\t\t\t<div class=\"elementor-widget-wrap elementor-element-populated\">\n\t\t\t\t\t\t<div class=\"elementor-element elementor-element-484a778 elementor-widget elementor-widget-text-editor\" data-id=\"484a778\" data-element_type=\"widget\" data-e-type=\"widget\" data-widget_type=\"text-editor.default\">\n\t\t\t\t<div class=\"elementor-widget-container\">\n\t\t\t\t\t\t\t\t\t<p><span class=\"_aacl _aaco _aacu _aacx _aad7 _aade\">Perqu\u00e8 al Viena sabem que cuidar del nostre entorn \u00e9s responsabilitat de tots, ja fa anys que treballem per reduir la nostra petjada mediambiental. <br \/><\/span><\/p>\t\t\t\t\t\t\t\t<\/div>\n\t\t\t\t<\/div>\n\t\t\t\t<div class=\"elementor-element elementor-element-50a05a3 elementor-widget-divider--view-line elementor-widget elementor-widget-divider\" data-id=\"50a05a3\" data-element_type=\"widget\" data-e-type=\"widget\" data-widget_type=\"divider.default\">\n\t\t\t\t<div class=\"elementor-widget-container\">\n\t\t\t\t\t\t\t<div class=\"elementor-divider\">\n\t\t\t<span class=\"elementor-divider-separator\">\n\t\t\t\t\t\t<\/span>\n\t\t<\/div>\n\t\t\t\t\t\t<\/div>\n\t\t\t\t<\/div>\n\t\t\t\t<div class=\"elementor-element elementor-element-ca15fd9 elementor-widget elementor-widget-text-editor\" data-id=\"ca15fd9\" data-element_type=\"widget\" data-e-type=\"widget\" data-widget_type=\"text-editor.default\">\n\t\t\t\t<div class=\"elementor-widget-container\">\n\t\t\t\t\t\t\t\t\t<p>La destrucci\u00f3 dels h\u00e0bitats naturals \u00e9s un dels elements que m\u00e9s poden influir en la propagaci\u00f3 de les pand\u00e8mies. Per aix\u00f2 \u00e9s de vital import\u00e0ncia protegir tots els ecosistemes i condicionants medi ambientals.<\/p><p>En aquest sentit, el projecte Viena continua incorporant com a pilar de la seva Declaraci\u00f3 de Principis l\u2019objectiu de \u201cdeixar un m\u00f3n m\u00e9s bell per als nostres fills\u201d. Aquest prop\u00f2sit contempla actuar de manera conscient i responsable en qualsevol efecte que la seva activitat pugui tenir en l\u2019entorn, i l\u2019enfoca envers el comprom\u00eds de protegir el medi ambient.<\/p><p>Amb aquest convenciment, hem comen\u00e7at a sistematitzar aquesta gesti\u00f3 a trav\u00e9s de la <strong>Pol\u00edtica mediambiental<\/strong>, la qual promou la ideaci\u00f3 de f\u00f3rmules per reduir la nostra empremta mediambiental, buscant constantment alternatives m\u00e9s sostenibles i orientada a construir una cultura enfocada a \u201cfer m\u00e9s amb menys\u201d, i a fer- ho de manera respectuosa amb l\u2019entorn.<\/p><p>La comunicaci\u00f3, la formaci\u00f3 i el comprom\u00eds de tot l\u2019equip Viena s\u00f3n claus per aconseguir aquests objectius.<\/p>\t\t\t\t\t\t\t\t<\/div>\n\t\t\t\t<\/div>\n\t\t\t\t\t<\/div>\n\t\t<\/div>\n\t\t\t\t<div class=\"elementor-column elementor-col-16 elementor-top-column elementor-element elementor-element-8e9e41a\" data-id=\"8e9e41a\" data-element_type=\"column\" data-e-type=\"column\">\n\t\t\t<div class=\"elementor-widget-wrap\">\n\t\t\t\t\t\t\t<\/div>\n\t\t<\/div>\n\t\t\t\t\t<\/div>\n\t\t<\/section>\n\t\t\t\t<section class=\"elementor-section elementor-top-section elementor-element elementor-element-2d6be49 elementor-section-boxed elementor-section-height-default elementor-section-height-default\" data-id=\"2d6be49\" data-element_type=\"section\" data-e-type=\"section\">\n\t\t\t\t\t\t<div class=\"elementor-container elementor-column-gap-default\">\n\t\t\t\t\t<div class=\"elementor-column elementor-col-50 elementor-top-column elementor-element elementor-element-05dec62\" data-id=\"05dec62\" data-element_type=\"column\" data-e-type=\"column\">\n\t\t\t<div class=\"elementor-widget-wrap elementor-element-populated\">\n\t\t\t\t\t\t<div class=\"elementor-element elementor-element-0a223ac elementor-widget elementor-widget-spacer\" data-id=\"0a223ac\" data-element_type=\"widget\" data-e-type=\"widget\" data-widget_type=\"spacer.default\">\n\t\t\t\t<div class=\"elementor-widget-container\">\n\t\t\t\t\t\t\t<div class=\"elementor-spacer\">\n\t\t\t<div class=\"elementor-spacer-inner\"><\/div>\n\t\t<\/div>\n\t\t\t\t\t\t<\/div>\n\t\t\t\t<\/div>\n\t\t\t\t<div class=\"elementor-element elementor-element-bb55161 elementor-widget elementor-widget-heading\" data-id=\"bb55161\" data-element_type=\"widget\" data-e-type=\"widget\" data-widget_type=\"heading.default\">\n\t\t\t\t<div class=\"elementor-widget-container\">\n\t\t\t\t\t<h4 class=\"elementor-heading-title elementor-size-default\">\u00c0MBITS D'ACTUACI\u00d3 PER A UN VIENA M\u00c9S SOSTENIBLE<\/h4>\t\t\t\t<\/div>\n\t\t\t\t<\/div>\n\t\t\t\t<div class=\"elementor-element elementor-element-c9d1c00 elementor-widget-divider--view-line elementor-widget elementor-widget-divider\" data-id=\"c9d1c00\" data-element_type=\"widget\" data-e-type=\"widget\" data-widget_type=\"divider.default\">\n\t\t\t\t<div class=\"elementor-widget-container\">\n\t\t\t\t\t\t\t<div class=\"elementor-divider\">\n\t\t\t<span class=\"elementor-divider-separator\">\n\t\t\t\t\t\t<\/span>\n\t\t<\/div>\n\t\t\t\t\t\t<\/div>\n\t\t\t\t<\/div>\n\t\t\t\t\t<\/div>\n\t\t<\/div>\n\t\t\t\t<div class=\"elementor-column elementor-col-50 elementor-top-column elementor-element elementor-element-a5ab0f3\" data-id=\"a5ab0f3\" data-element_type=\"column\" data-e-type=\"column\">\n\t\t\t<div class=\"elementor-widget-wrap\">\n\t\t\t\t\t\t\t<\/div>\n\t\t<\/div>\n\t\t\t\t\t<\/div>\n\t\t<\/section>\n\t\t\t\t<section class=\"elementor-section elementor-top-section elementor-element elementor-element-c6179f3 elementor-section-boxed elementor-section-height-default elementor-section-height-default\" data-id=\"c6179f3\" data-element_type=\"section\" data-e-type=\"section\">\n\t\t\t\t\t\t<div class=\"elementor-container elementor-column-gap-default\">\n\t\t\t\t\t<div class=\"elementor-column elementor-col-50 elementor-top-column elementor-element elementor-element-765388f\" data-id=\"765388f\" data-element_type=\"column\" data-e-type=\"column\">\n\t\t\t<div class=\"elementor-widget-wrap elementor-element-populated\">\n\t\t\t\t\t\t<div class=\"elementor-element elementor-element-e07ead2 elementor-widget elementor-widget-text-editor\" data-id=\"e07ead2\" data-element_type=\"widget\" data-e-type=\"widget\" data-widget_type=\"text-editor.default\">\n\t\t\t\t<div class=\"elementor-widget-container\">\n\t\t\t\t\t\t\t\t\t<p>Hi ha 4 \u00e0mbits en els quals l\u2019empresa pot actuar en mat\u00e8ria mediambiental:<\/p><ul><li><strong>\u00daS SOSTENIBLE DELS RECURSOS<\/strong><\/li><li><strong>GESTI\u00d3 I PREVENCI\u00d3 DEL RESIDUS I ECONOMIA CIRCULAR<\/strong><\/li><li><strong>CONTAMINACI\u00d3<\/strong><\/li><li><strong>PROTECCI\u00d3 DE LA BIODIVERSITAT<\/strong><\/li><\/ul><p>En base a aquests 4 grans fronts, estem treballant en diversos projectes com la reducci\u00f3 i la prevenci\u00f3 de la contaminaci\u00f3 associada a l\u2019activitat del negoci; el desenvolupament de programes per a la correcta segregaci\u00f3 i gesti\u00f3 dels residus; el control de les aig\u00fces re-siduals; la construcci\u00f3 d\u2019edificis energ\u00e8ticament m\u00e9s eficients; la implantaci\u00f3 de punts de c\u00e0rrega de vehicles el\u00e8ctrics; la reducci\u00f3 dels malbarataments, i l\u2019\u00fas de packaging sostenible.<\/p><p>\u00a0<\/p><p><span class=\"_aacl _aaco _aacu _aacx _aad7 _aade\">Ja hi ha hagut canvis i m\u00e9s que en vindran!<\/span><\/p>\t\t\t\t\t\t\t\t<\/div>\n\t\t\t\t<\/div>\n\t\t\t\t\t<\/div>\n\t\t<\/div>\n\t\t\t\t<div class=\"elementor-column elementor-col-50 elementor-top-column elementor-element elementor-element-6404669\" data-id=\"6404669\" data-element_type=\"column\" data-e-type=\"column\">\n\t\t\t<div class=\"elementor-widget-wrap elementor-element-populated\">\n\t\t\t\t\t\t<div class=\"elementor-element elementor-element-f2ca07e elementor-arrows-position-inside elementor-pagination-position-outside elementor-widget elementor-widget-image-carousel\" data-id=\"f2ca07e\" data-element_type=\"widget\" data-e-type=\"widget\" data-settings=\"{&quot;slides_to_show&quot;:&quot;1&quot;,&quot;navigation&quot;:&quot;both&quot;,&quot;autoplay&quot;:&quot;yes&quot;,&quot;pause_on_hover&quot;:&quot;yes&quot;,&quot;pause_on_interaction&quot;:&quot;yes&quot;,&quot;autoplay_speed&quot;:5000,&quot;infinite&quot;:&quot;yes&quot;,&quot;effect&quot;:&quot;slide&quot;,&quot;speed&quot;:500}\" data-widget_type=\"image-carousel.default\">\n\t\t\t\t<div class=\"elementor-widget-container\">\n\t\t\t\t\t\t\t<div class=\"elementor-image-carousel-wrapper swiper\" role=\"region\" aria-roledescription=\"carousel\" aria-label=\"Carrusel d&#039;imatges\" dir=\"ltr\">\n\t\t\t<div class=\"elementor-image-carousel swiper-wrapper\" aria-live=\"off\">\n\t\t\t\t\t\t\t\t<div class=\"swiper-slide\" role=\"group\" aria-roledescription=\"slide\" aria-label=\"1 de 5\"><figure class=\"swiper-slide-inner\"><img decoding=\"async\" class=\"swiper-slide-image img-fluid \" src=\"https:\/\/www.viena.es\/wp-content\/uploads\/2022\/09\/ECOEFICIENCIA_POST4-425x425.jpg\" alt=\"ECOEFICIENCIA VIENA\" \/><\/figure><\/div><div class=\"swiper-slide\" role=\"group\" aria-roledescription=\"slide\" aria-label=\"2 de 5\"><figure class=\"swiper-slide-inner\"><img decoding=\"async\" class=\"swiper-slide-image img-fluid \" src=\"https:\/\/www.viena.es\/wp-content\/uploads\/2022\/09\/ECOEFICIENCIA_POST3-1-425x425.jpg\" alt=\"ECOEFICIENCIA VIENA\" \/><\/figure><\/div><div class=\"swiper-slide\" role=\"group\" aria-roledescription=\"slide\" aria-label=\"3 de 5\"><figure class=\"swiper-slide-inner\"><img decoding=\"async\" class=\"swiper-slide-image img-fluid \" src=\"https:\/\/www.viena.es\/wp-content\/uploads\/2022\/09\/ECOEFICIENCIA_POST5-425x425.jpg\" alt=\"ECOEFICIENCIA VIENA\" \/><\/figure><\/div><div class=\"swiper-slide\" role=\"group\" aria-roledescription=\"slide\" aria-label=\"4 de 5\"><figure class=\"swiper-slide-inner\"><img decoding=\"async\" class=\"swiper-slide-image img-fluid \" src=\"https:\/\/www.viena.es\/wp-content\/uploads\/2022\/09\/ECOEFICIENCIA_POST2-1-425x425.jpg\" alt=\"ECOEFICIENCIA VIENA\" \/><\/figure><\/div><div class=\"swiper-slide\" role=\"group\" aria-roledescription=\"slide\" aria-label=\"5 de 5\"><figure class=\"swiper-slide-inner\"><img decoding=\"async\" class=\"swiper-slide-image img-fluid \" src=\"https:\/\/www.viena.es\/wp-content\/uploads\/2022\/09\/ECOEFICIENCIA_POST6-425x425.jpg\" alt=\"ECOEFICIENCIA VIENA\" \/><\/figure><\/div>\t\t\t<\/div>\n\t\t\t\t\t\t\t\t\t\t\t\t<div class=\"elementor-swiper-button elementor-swiper-button-prev\" role=\"button\" tabindex=\"0\">\n\t\t\t\t\t\t<i aria-hidden=\"true\" class=\"eicon-chevron-left\"><\/i>\t\t\t\t\t<\/div>\n\t\t\t\t\t<div class=\"elementor-swiper-button elementor-swiper-button-next\" role=\"button\" tabindex=\"0\">\n\t\t\t\t\t\t<i aria-hidden=\"true\" class=\"eicon-chevron-right\"><\/i>\t\t\t\t\t<\/div>\n\t\t\t\t\n\t\t\t\t\t\t\t\t\t<div class=\"swiper-pagination\"><\/div>\n\t\t\t\t\t\t\t\t\t<\/div>\n\t\t\t\t\t\t<\/div>\n\t\t\t\t<\/div>\n\t\t\t\t\t<\/div>\n\t\t<\/div>\n\t\t\t\t\t<\/div>\n\t\t<\/section>\n\t\t\t\t<\/div>\n\t\t","protected":false},"excerpt":{"rendered":"<p>Perqu\u00e8 al Viena sabem que cuidar del nostre entorn \u00e9s responsabilitat de tots, ja fa anys que treballem per reduir la nostra petjada mediambiental. <\/p>\n","protected":false},"author":7,"featured_media":43598,"comment_status":"closed","ping_status":"closed","sticky":false,"template":"","format":"standard","meta":{"footnotes":""},"categories":[63],"class_list":["post-43580","post","type-post","status-publish","format-standard","has-post-thumbnail","hentry","category-mediambient"],"yoast_head":"<!-- This site is optimized with the Yoast SEO plugin v24.4 - https:\/\/yoast.com\/wordpress\/plugins\/seo\/ -->\n<title>Fer m\u00e9s amb menys - Viena<\/title>\n<meta name=\"robots\" content=\"index, follow, max-snippet:-1, max-image-preview:large, max-video-preview:-1\" \/>\n<link rel=\"canonical\" href=\"https:\/\/www.viena.es\/ca\/blog\/mediambient\/compromis-viena-medi-ambient\/\" \/>\n<meta property=\"og:locale\" content=\"ca_ES\" \/>\n<meta property=\"og:type\" content=\"article\" \/>\n<meta property=\"og:title\" content=\"Fer m\u00e9s amb menys - Viena\" \/>\n<meta property=\"og:description\" content=\"Perqu\u00e8 al Viena sabem que cuidar del nostre entorn \u00e9s responsabilitat de tots, ja fa anys que treballem per reduir la nostra petjada mediambiental.\" \/>\n<meta property=\"og:url\" content=\"https:\/\/www.viena.es\/ca\/blog\/mediambient\/compromis-viena-medi-ambient\/\" \/>\n<meta property=\"og:site_name\" content=\"Viena\" \/>\n<meta property=\"article:publisher\" content=\"http:\/\/www.facebook.com\/VienaSocVienes\" \/>\n<meta property=\"article:published_time\" content=\"2022-09-14T09:41:47+00:00\" \/>\n<meta property=\"article:modified_time\" content=\"2022-09-29T07:53:47+00:00\" \/>\n<meta property=\"og:image\" content=\"https:\/\/www.viena.es\/wp-content\/uploads\/2022\/09\/ECOEFICIENCIA_POST6.jpg\" \/>\n\t<meta property=\"og:image:width\" content=\"1080\" \/>\n\t<meta property=\"og:image:height\" content=\"1080\" \/>\n\t<meta property=\"og:image:type\" content=\"image\/jpeg\" \/>\n<meta name=\"author\" content=\"Mariona Castells\" \/>\n<meta name=\"twitter:card\" content=\"summary_large_image\" \/>\n<meta name=\"twitter:label1\" content=\"Escrit per\" \/>\n\t<meta name=\"twitter:data1\" content=\"Mariona Castells\" \/>\n\t<meta name=\"twitter:label2\" content=\"Temps estimat de lectura\" \/>\n\t<meta name=\"twitter:data2\" content=\"3 minuts\" \/>\n<script type=\"application\/ld+json\" class=\"yoast-schema-graph\">{\"@context\":\"https:\/\/schema.org\",\"@graph\":[{\"@type\":\"Article\",\"@id\":\"https:\/\/www.viena.es\/ca\/blog\/mediambient\/compromis-viena-medi-ambient\/#article\",\"isPartOf\":{\"@id\":\"https:\/\/www.viena.es\/ca\/blog\/mediambient\/compromis-viena-medi-ambient\/\"},\"author\":{\"name\":\"Mariona Castells\",\"@id\":\"https:\/\/www.viena.es\/ca\/#\/schema\/person\/98b0c0ca3b2c2c590f6dd9ef8ef51bab\"},\"headline\":\"Fer m\u00e9s amb menys\",\"datePublished\":\"2022-09-14T09:41:47+00:00\",\"dateModified\":\"2022-09-29T07:53:47+00:00\",\"mainEntityOfPage\":{\"@id\":\"https:\/\/www.viena.es\/ca\/blog\/mediambient\/compromis-viena-medi-ambient\/\"},\"wordCount\":357,\"publisher\":{\"@id\":\"https:\/\/www.viena.es\/ca\/#organization\"},\"image\":{\"@id\":\"https:\/\/www.viena.es\/ca\/blog\/mediambient\/compromis-viena-medi-ambient\/#primaryimage\"},\"thumbnailUrl\":\"https:\/\/www.viena.es\/wp-content\/uploads\/2022\/09\/ECOEFICIENCIA_POST6.jpg\",\"articleSection\":[\"Medi Ambient\"],\"inLanguage\":\"ca\"},{\"@type\":\"WebPage\",\"@id\":\"https:\/\/www.viena.es\/ca\/blog\/mediambient\/compromis-viena-medi-ambient\/\",\"url\":\"https:\/\/www.viena.es\/ca\/blog\/mediambient\/compromis-viena-medi-ambient\/\",\"name\":\"Fer m\u00e9s amb menys - Viena\",\"isPartOf\":{\"@id\":\"https:\/\/www.viena.es\/ca\/#website\"},\"primaryImageOfPage\":{\"@id\":\"https:\/\/www.viena.es\/ca\/blog\/mediambient\/compromis-viena-medi-ambient\/#primaryimage\"},\"image\":{\"@id\":\"https:\/\/www.viena.es\/ca\/blog\/mediambient\/compromis-viena-medi-ambient\/#primaryimage\"},\"thumbnailUrl\":\"https:\/\/www.viena.es\/wp-content\/uploads\/2022\/09\/ECOEFICIENCIA_POST6.jpg\",\"datePublished\":\"2022-09-14T09:41:47+00:00\",\"dateModified\":\"2022-09-29T07:53:47+00:00\",\"breadcrumb\":{\"@id\":\"https:\/\/www.viena.es\/ca\/blog\/mediambient\/compromis-viena-medi-ambient\/#breadcrumb\"},\"inLanguage\":\"ca\",\"potentialAction\":[{\"@type\":\"ReadAction\",\"target\":[\"https:\/\/www.viena.es\/ca\/blog\/mediambient\/compromis-viena-medi-ambient\/\"]}]},{\"@type\":\"ImageObject\",\"inLanguage\":\"ca\",\"@id\":\"https:\/\/www.viena.es\/ca\/blog\/mediambient\/compromis-viena-medi-ambient\/#primaryimage\",\"url\":\"https:\/\/www.viena.es\/wp-content\/uploads\/2022\/09\/ECOEFICIENCIA_POST6.jpg\",\"contentUrl\":\"https:\/\/www.viena.es\/wp-content\/uploads\/2022\/09\/ECOEFICIENCIA_POST6.jpg\",\"width\":1080,\"height\":1080,\"caption\":\"ECOEFICIENCIA VIENA\"},{\"@type\":\"BreadcrumbList\",\"@id\":\"https:\/\/www.viena.es\/ca\/blog\/mediambient\/compromis-viena-medi-ambient\/#breadcrumb\",\"itemListElement\":[{\"@type\":\"ListItem\",\"position\":1,\"name\":\"Home\",\"item\":\"https:\/\/www.viena.es\/ca\/\"},{\"@type\":\"ListItem\",\"position\":2,\"name\":\"Fer m\u00e9s amb menys\"}]},{\"@type\":\"WebSite\",\"@id\":\"https:\/\/www.viena.es\/ca\/#website\",\"url\":\"https:\/\/www.viena.es\/ca\/\",\"name\":\"Viena\",\"description\":\"\",\"publisher\":{\"@id\":\"https:\/\/www.viena.es\/ca\/#organization\"},\"potentialAction\":[{\"@type\":\"SearchAction\",\"target\":{\"@type\":\"EntryPoint\",\"urlTemplate\":\"https:\/\/www.viena.es\/ca\/?s={search_term_string}\"},\"query-input\":{\"@type\":\"PropertyValueSpecification\",\"valueRequired\":true,\"valueName\":\"search_term_string\"}}],\"inLanguage\":\"ca\"},{\"@type\":\"Organization\",\"@id\":\"https:\/\/www.viena.es\/ca\/#organization\",\"name\":\"Viena\",\"url\":\"https:\/\/www.viena.es\/ca\/\",\"logo\":{\"@type\":\"ImageObject\",\"inLanguage\":\"ca\",\"@id\":\"https:\/\/www.viena.es\/ca\/#\/schema\/logo\/image\/\",\"url\":\"https:\/\/www.viena.es\/wp-content\/uploads\/2022\/06\/viena-logo.png\",\"contentUrl\":\"https:\/\/www.viena.es\/wp-content\/uploads\/2022\/06\/viena-logo.png\",\"width\":256,\"height\":52,\"caption\":\"Viena\"},\"image\":{\"@id\":\"https:\/\/www.viena.es\/ca\/#\/schema\/logo\/image\/\"},\"sameAs\":[\"http:\/\/www.facebook.com\/VienaSocVienes\",\"http:\/\/www.instagram.com\/Vienasocvienes\"]},{\"@type\":\"Person\",\"@id\":\"https:\/\/www.viena.es\/ca\/#\/schema\/person\/98b0c0ca3b2c2c590f6dd9ef8ef51bab\",\"name\":\"Mariona Castells\"}]}<\/script>\n<!-- \/ Yoast SEO plugin. -->","yoast_head_json":{"title":"Fer m\u00e9s amb menys - Viena","robots":{"index":"index","follow":"follow","max-snippet":"max-snippet:-1","max-image-preview":"max-image-preview:large","max-video-preview":"max-video-preview:-1"},"canonical":"https:\/\/www.viena.es\/ca\/blog\/mediambient\/compromis-viena-medi-ambient\/","og_locale":"ca_ES","og_type":"article","og_title":"Fer m\u00e9s amb menys - Viena","og_description":"Perqu\u00e8 al Viena sabem que cuidar del nostre entorn \u00e9s responsabilitat de tots, ja fa anys que treballem per reduir la nostra petjada mediambiental.","og_url":"https:\/\/www.viena.es\/ca\/blog\/mediambient\/compromis-viena-medi-ambient\/","og_site_name":"Viena","article_publisher":"http:\/\/www.facebook.com\/VienaSocVienes","article_published_time":"2022-09-14T09:41:47+00:00","article_modified_time":"2022-09-29T07:53:47+00:00","og_image":[{"width":1080,"height":1080,"url":"https:\/\/www.viena.es\/wp-content\/uploads\/2022\/09\/ECOEFICIENCIA_POST6.jpg","type":"image\/jpeg"}],"author":"Mariona Castells","twitter_card":"summary_large_image","twitter_misc":{"Escrit per":"Mariona Castells","Temps estimat de lectura":"3 minuts"},"schema":{"@context":"https:\/\/schema.org","@graph":[{"@type":"Article","@id":"https:\/\/www.viena.es\/ca\/blog\/mediambient\/compromis-viena-medi-ambient\/#article","isPartOf":{"@id":"https:\/\/www.viena.es\/ca\/blog\/mediambient\/compromis-viena-medi-ambient\/"},"author":{"name":"Mariona Castells","@id":"https:\/\/www.viena.es\/ca\/#\/schema\/person\/98b0c0ca3b2c2c590f6dd9ef8ef51bab"},"headline":"Fer m\u00e9s amb menys","datePublished":"2022-09-14T09:41:47+00:00","dateModified":"2022-09-29T07:53:47+00:00","mainEntityOfPage":{"@id":"https:\/\/www.viena.es\/ca\/blog\/mediambient\/compromis-viena-medi-ambient\/"},"wordCount":357,"publisher":{"@id":"https:\/\/www.viena.es\/ca\/#organization"},"image":{"@id":"https:\/\/www.viena.es\/ca\/blog\/mediambient\/compromis-viena-medi-ambient\/#primaryimage"},"thumbnailUrl":"https:\/\/www.viena.es\/wp-content\/uploads\/2022\/09\/ECOEFICIENCIA_POST6.jpg","articleSection":["Medi Ambient"],"inLanguage":"ca"},{"@type":"WebPage","@id":"https:\/\/www.viena.es\/ca\/blog\/mediambient\/compromis-viena-medi-ambient\/","url":"https:\/\/www.viena.es\/ca\/blog\/mediambient\/compromis-viena-medi-ambient\/","name":"Fer m\u00e9s amb menys - Viena","isPartOf":{"@id":"https:\/\/www.viena.es\/ca\/#website"},"primaryImageOfPage":{"@id":"https:\/\/www.viena.es\/ca\/blog\/mediambient\/compromis-viena-medi-ambient\/#primaryimage"},"image":{"@id":"https:\/\/www.viena.es\/ca\/blog\/mediambient\/compromis-viena-medi-ambient\/#primaryimage"},"thumbnailUrl":"https:\/\/www.viena.es\/wp-content\/uploads\/2022\/09\/ECOEFICIENCIA_POST6.jpg","datePublished":"2022-09-14T09:41:47+00:00","dateModified":"2022-09-29T07:53:47+00:00","breadcrumb":{"@id":"https:\/\/www.viena.es\/ca\/blog\/mediambient\/compromis-viena-medi-ambient\/#breadcrumb"},"inLanguage":"ca","potentialAction":[{"@type":"ReadAction","target":["https:\/\/www.viena.es\/ca\/blog\/mediambient\/compromis-viena-medi-ambient\/"]}]},{"@type":"ImageObject","inLanguage":"ca","@id":"https:\/\/www.viena.es\/ca\/blog\/mediambient\/compromis-viena-medi-ambient\/#primaryimage","url":"https:\/\/www.viena.es\/wp-content\/uploads\/2022\/09\/ECOEFICIENCIA_POST6.jpg","contentUrl":"https:\/\/www.viena.es\/wp-content\/uploads\/2022\/09\/ECOEFICIENCIA_POST6.jpg","width":1080,"height":1080,"caption":"ECOEFICIENCIA VIENA"},{"@type":"BreadcrumbList","@id":"https:\/\/www.viena.es\/ca\/blog\/mediambient\/compromis-viena-medi-ambient\/#breadcrumb","itemListElement":[{"@type":"ListItem","position":1,"name":"Home","item":"https:\/\/www.viena.es\/ca\/"},{"@type":"ListItem","position":2,"name":"Fer m\u00e9s amb menys"}]},{"@type":"WebSite","@id":"https:\/\/www.viena.es\/ca\/#website","url":"https:\/\/www.viena.es\/ca\/","name":"Viena","description":"","publisher":{"@id":"https:\/\/www.viena.es\/ca\/#organization"},"potentialAction":[{"@type":"SearchAction","target":{"@type":"EntryPoint","urlTemplate":"https:\/\/www.viena.es\/ca\/?s={search_term_string}"},"query-input":{"@type":"PropertyValueSpecification","valueRequired":true,"valueName":"search_term_string"}}],"inLanguage":"ca"},{"@type":"Organization","@id":"https:\/\/www.viena.es\/ca\/#organization","name":"Viena","url":"https:\/\/www.viena.es\/ca\/","logo":{"@type":"ImageObject","inLanguage":"ca","@id":"https:\/\/www.viena.es\/ca\/#\/schema\/logo\/image\/","url":"https:\/\/www.viena.es\/wp-content\/uploads\/2022\/06\/viena-logo.png","contentUrl":"https:\/\/www.viena.es\/wp-content\/uploads\/2022\/06\/viena-logo.png","width":256,"height":52,"caption":"Viena"},"image":{"@id":"https:\/\/www.viena.es\/ca\/#\/schema\/logo\/image\/"},"sameAs":["http:\/\/www.facebook.com\/VienaSocVienes","http:\/\/www.instagram.com\/Vienasocvienes"]},{"@type":"Person","@id":"https:\/\/www.viena.es\/ca\/#\/schema\/person\/98b0c0ca3b2c2c590f6dd9ef8ef51bab","name":"Mariona Castells"}]}},"_links":{"self":[{"href":"https:\/\/www.viena.es\/ca\/wp-json\/wp\/v2\/posts\/43580","targetHints":{"allow":["GET"]}}],"collection":[{"href":"https:\/\/www.viena.es\/ca\/wp-json\/wp\/v2\/posts"}],"about":[{"href":"https:\/\/www.viena.es\/ca\/wp-json\/wp\/v2\/types\/post"}],"author":[{"embeddable":true,"href":"https:\/\/www.viena.es\/ca\/wp-json\/wp\/v2\/users\/7"}],"replies":[{"embeddable":true,"href":"https:\/\/www.viena.es\/ca\/wp-json\/wp\/v2\/comments?post=43580"}],"version-history":[{"count":54,"href":"https:\/\/www.viena.es\/ca\/wp-json\/wp\/v2\/posts\/43580\/revisions"}],"predecessor-version":[{"id":43934,"href":"https:\/\/www.viena.es\/ca\/wp-json\/wp\/v2\/posts\/43580\/revisions\/43934"}],"wp:featuredmedia":[{"embeddable":true,"href":"https:\/\/www.viena.es\/ca\/wp-json\/wp\/v2\/media\/43598"}],"wp:attachment":[{"href":"https:\/\/www.viena.es\/ca\/wp-json\/wp\/v2\/media?parent=43580"}],"wp:term":[{"taxonomy":"category","embeddable":true,"href":"https:\/\/www.viena.es\/ca\/wp-json\/wp\/v2\/categories?post=43580"}],"curies":[{"name":"wp","href":"https:\/\/api.w.org\/{rel}","templated":true}]}}