 {"id":43098,"date":"2022-07-21T13:57:58","date_gmt":"2022-07-21T11:57:58","guid":{"rendered":"https:\/\/www.viena.es\/?p=43098"},"modified":"2022-09-28T09:24:10","modified_gmt":"2022-09-28T07:24:10","slug":"qui-es-la-mirpratur","status":"publish","type":"post","link":"https:\/\/www.viena.es\/ca\/blog\/novetats\/qui-es-la-mirpratur\/","title":{"rendered":"Qui \u00e9s la @mirpratur?"},"content":{"rendered":"\t\t<div data-elementor-type=\"wp-post\" data-elementor-id=\"43098\" class=\"elementor elementor-43098\">\n\t\t\t\t\t\t<section class=\"elementor-section elementor-top-section elementor-element elementor-element-861996d elementor-section-boxed elementor-section-height-default elementor-section-height-default\" data-id=\"861996d\" data-element_type=\"section\" data-e-type=\"section\">\n\t\t\t\t\t\t<div class=\"elementor-container elementor-column-gap-default\">\n\t\t\t\t\t<div class=\"elementor-column elementor-col-100 elementor-top-column elementor-element elementor-element-ed43f74\" data-id=\"ed43f74\" data-element_type=\"column\" data-e-type=\"column\">\n\t\t\t<div class=\"elementor-widget-wrap elementor-element-populated\">\n\t\t\t\t\t\t<div class=\"elementor-element elementor-element-c1109bd elementor-widget elementor-widget-heading\" data-id=\"c1109bd\" data-element_type=\"widget\" data-e-type=\"widget\" data-widget_type=\"heading.default\">\n\t\t\t\t<div class=\"elementor-widget-container\">\n\t\t\t\t\t<h5 class=\"elementor-heading-title elementor-size-default\">VIENESOS<\/h5>\t\t\t\t<\/div>\n\t\t\t\t<\/div>\n\t\t\t\t<div class=\"elementor-element elementor-element-b2f0f59 elementor-widget elementor-widget-heading\" data-id=\"b2f0f59\" data-element_type=\"widget\" data-e-type=\"widget\" data-widget_type=\"heading.default\">\n\t\t\t\t<div class=\"elementor-widget-container\">\n\t\t\t\t\t<h2 class=\"elementor-heading-title elementor-size-default\">PARLEM AMB LA M\u00cdRIAM PRAT<\/h2>\t\t\t\t<\/div>\n\t\t\t\t<\/div>\n\t\t\t\t<div class=\"elementor-element elementor-element-1d58808 elementor-widget elementor-widget-text-editor\" data-id=\"1d58808\" data-element_type=\"widget\" data-e-type=\"widget\" data-widget_type=\"text-editor.default\">\n\t\t\t\t<div class=\"elementor-widget-container\">\n\t\t\t\t\t\t\t\t\t<h4><strong>La M\u00edriam \u00e9s m\u00e9s coneguda a IG com @mirpratur<br \/><\/strong><\/h4>\t\t\t\t\t\t\t\t<\/div>\n\t\t\t\t<\/div>\n\t\t\t\t\t<\/div>\n\t\t<\/div>\n\t\t\t\t\t<\/div>\n\t\t<\/section>\n\t\t\t\t<section class=\"elementor-section elementor-top-section elementor-element elementor-element-3c5f275 elementor-section-boxed elementor-section-height-default elementor-section-height-default\" data-id=\"3c5f275\" data-element_type=\"section\" data-e-type=\"section\">\n\t\t\t\t\t\t<div class=\"elementor-container elementor-column-gap-default\">\n\t\t\t\t\t<div class=\"elementor-column elementor-col-16 elementor-top-column elementor-element elementor-element-666cf10\" data-id=\"666cf10\" data-element_type=\"column\" data-e-type=\"column\">\n\t\t\t<div class=\"elementor-widget-wrap\">\n\t\t\t\t\t\t\t<\/div>\n\t\t<\/div>\n\t\t\t\t<div class=\"elementor-column elementor-col-66 elementor-top-column elementor-element elementor-element-b9f8f52\" data-id=\"b9f8f52\" data-element_type=\"column\" data-e-type=\"column\">\n\t\t\t<div class=\"elementor-widget-wrap elementor-element-populated\">\n\t\t\t\t\t\t<div class=\"elementor-element elementor-element-e0ff120 elementor-widget elementor-widget-text-editor\" data-id=\"e0ff120\" data-element_type=\"widget\" data-e-type=\"widget\" data-widget_type=\"text-editor.default\">\n\t\t\t\t<div class=\"elementor-widget-container\">\n\t\t\t\t\t\t\t\t\t<p>Aquest estiu ha tastat el nostre Pollastre del Diumenge i per ella: ha estat la seva salvaci\u00f3! No et perdis l&#8217;entrevista sencera.<\/p>\t\t\t\t\t\t\t\t<\/div>\n\t\t\t\t<\/div>\n\t\t\t\t<div class=\"elementor-element elementor-element-d4f856e elementor-widget-divider--view-line elementor-widget elementor-widget-divider\" data-id=\"d4f856e\" data-element_type=\"widget\" data-e-type=\"widget\" data-widget_type=\"divider.default\">\n\t\t\t\t<div class=\"elementor-widget-container\">\n\t\t\t\t\t\t\t<div class=\"elementor-divider\">\n\t\t\t<span class=\"elementor-divider-separator\">\n\t\t\t\t\t\t<\/span>\n\t\t<\/div>\n\t\t\t\t\t\t<\/div>\n\t\t\t\t<\/div>\n\t\t\t\t\t<\/div>\n\t\t<\/div>\n\t\t\t\t<div class=\"elementor-column elementor-col-16 elementor-top-column elementor-element elementor-element-e9f4ff6\" data-id=\"e9f4ff6\" data-element_type=\"column\" data-e-type=\"column\">\n\t\t\t<div class=\"elementor-widget-wrap\">\n\t\t\t\t\t\t\t<\/div>\n\t\t<\/div>\n\t\t\t\t\t<\/div>\n\t\t<\/section>\n\t\t\t\t<section class=\"elementor-section elementor-top-section elementor-element elementor-element-17d7c89 elementor-section-full_width elementor-section-stretched elementor-section-height-default elementor-section-height-default\" data-id=\"17d7c89\" data-element_type=\"section\" data-e-type=\"section\" data-settings=\"{&quot;stretch_section&quot;:&quot;section-stretched&quot;,&quot;background_background&quot;:&quot;classic&quot;}\">\n\t\t\t\t\t\t<div class=\"elementor-container elementor-column-gap-no\">\n\t\t\t\t\t<div class=\"elementor-column elementor-col-100 elementor-top-column elementor-element elementor-element-926998d\" data-id=\"926998d\" data-element_type=\"column\" data-e-type=\"column\" data-settings=\"{&quot;background_background&quot;:&quot;classic&quot;}\">\n\t\t\t<div class=\"elementor-widget-wrap elementor-element-populated\">\n\t\t\t\t\t\t<div class=\"elementor-element elementor-element-a8aabe9 elementor-widget elementor-widget-image\" data-id=\"a8aabe9\" data-element_type=\"widget\" data-e-type=\"widget\" data-widget_type=\"image.default\">\n\t\t\t\t<div class=\"elementor-widget-container\">\n\t\t\t\t\t\t\t\t\t\t\t\t\t\t\t<img fetchpriority=\"high\" decoding=\"async\" width=\"1200\" height=\"295\" src=\"https:\/\/www.viena.es\/wp-content\/uploads\/2022\/07\/capcalera_entrevista-1200x295.jpg\" class=\"attachment-large size-large wp-image-43169 img-fluid \" alt=\"\" srcset=\"https:\/\/www.viena.es\/wp-content\/uploads\/2022\/07\/capcalera_entrevista-1200x295.jpg 1200w, https:\/\/www.viena.es\/wp-content\/uploads\/2022\/07\/capcalera_entrevista-768x189.jpg 768w, https:\/\/www.viena.es\/wp-content\/uploads\/2022\/07\/capcalera_entrevista-1536x378.jpg 1536w, https:\/\/www.viena.es\/wp-content\/uploads\/2022\/07\/capcalera_entrevista-2048x504.jpg 2048w\" sizes=\"(max-width: 1200px) 100vw, 1200px\" \/>\t\t\t\t\t\t\t\t\t\t\t\t\t\t\t<\/div>\n\t\t\t\t<\/div>\n\t\t\t\t<section class=\"elementor-section elementor-inner-section elementor-element elementor-element-3b0851d elementor-section-boxed elementor-section-height-default elementor-section-height-default\" data-id=\"3b0851d\" data-element_type=\"section\" data-e-type=\"section\">\n\t\t\t\t\t\t<div class=\"elementor-container elementor-column-gap-default\">\n\t\t\t\t\t<div class=\"elementor-column elementor-col-100 elementor-inner-column elementor-element elementor-element-f658bd8\" data-id=\"f658bd8\" data-element_type=\"column\" data-e-type=\"column\">\n\t\t\t<div class=\"elementor-widget-wrap elementor-element-populated\">\n\t\t\t\t\t\t<div class=\"elementor-element elementor-element-e4b3318 elementor-widget elementor-widget-text-editor\" data-id=\"e4b3318\" data-element_type=\"widget\" data-e-type=\"widget\" data-widget_type=\"text-editor.default\">\n\t\t\t\t<div class=\"elementor-widget-container\">\n\t\t\t\t\t\t\t\t\t<h5>HoLa M\u00edriam!<\/h5><h5>Aquest estiu, tu i la teva fam\u00edlia heu tastat El Pollastre del Diumenge. Digue&#8217;ns, com ha encaixat el nostre pollastre en el vostre dia a dia? El recomanaries als teus seguidors com un comod\u00ed pels dinars d&#8217;estiu? Per qu\u00e8?<\/h5>\t\t\t\t\t\t\t\t<\/div>\n\t\t\t\t<\/div>\n\t\t\t\t<div class=\"elementor-element elementor-element-b5d22bd elementor-widget elementor-widget-spacer\" data-id=\"b5d22bd\" data-element_type=\"widget\" data-e-type=\"widget\" data-widget_type=\"spacer.default\">\n\t\t\t\t<div class=\"elementor-widget-container\">\n\t\t\t\t\t\t\t<div class=\"elementor-spacer\">\n\t\t\t<div class=\"elementor-spacer-inner\"><\/div>\n\t\t<\/div>\n\t\t\t\t\t\t<\/div>\n\t\t\t\t<\/div>\n\t\t\t\t\t<\/div>\n\t\t<\/div>\n\t\t\t\t\t<\/div>\n\t\t<\/section>\n\t\t\t\t\t<\/div>\n\t\t<\/div>\n\t\t\t\t\t<\/div>\n\t\t<\/section>\n\t\t\t\t<section class=\"elementor-section elementor-top-section elementor-element elementor-element-44eacda elementor-section-stretched elementor-section-boxed elementor-section-height-default elementor-section-height-default\" data-id=\"44eacda\" data-element_type=\"section\" data-e-type=\"section\" data-settings=\"{&quot;stretch_section&quot;:&quot;section-stretched&quot;,&quot;background_background&quot;:&quot;classic&quot;}\">\n\t\t\t\t\t\t\t<div class=\"elementor-background-overlay\"><\/div>\n\t\t\t\t\t\t\t<div class=\"elementor-container elementor-column-gap-default\">\n\t\t\t\t\t<div class=\"elementor-column elementor-col-33 elementor-top-column elementor-element elementor-element-da8d058\" data-id=\"da8d058\" data-element_type=\"column\" data-e-type=\"column\">\n\t\t\t<div class=\"elementor-widget-wrap elementor-element-populated\">\n\t\t\t\t\t\t<div class=\"elementor-element elementor-element-e94d0f8 elementor-widget elementor-widget-heading\" data-id=\"e94d0f8\" data-element_type=\"widget\" data-e-type=\"widget\" data-widget_type=\"heading.default\">\n\t\t\t\t<div class=\"elementor-widget-container\">\n\t\t\t\t\t<h5 class=\"elementor-heading-title elementor-size-default\">1.\tClienta del Viena? \ud83d\ude0a<\/h5>\t\t\t\t<\/div>\n\t\t\t\t<\/div>\n\t\t\t\t<div class=\"elementor-element elementor-element-47867b0 elementor-widget elementor-widget-text-editor\" data-id=\"47867b0\" data-element_type=\"widget\" data-e-type=\"widget\" data-widget_type=\"text-editor.default\">\n\t\t\t\t<div class=\"elementor-widget-container\">\n\t\t\t\t\t\t\t\t\t<p>S\u00ed, m\u2019encanta. A qui no li agrada el Viena? Abans de tenir els petits hi anava a esmorzar sola tranquil\u00b7lament, i ara s\u2019ha convertit en un imprescindible per a tota la fam\u00edlia i hi acostumem a anar per dinar o sopar tots junts.\u00a0<\/p>\t\t\t\t\t\t\t\t<\/div>\n\t\t\t\t<\/div>\n\t\t\t\t<div class=\"elementor-element elementor-element-17b31d3 elementor-widget elementor-widget-heading\" data-id=\"17b31d3\" data-element_type=\"widget\" data-e-type=\"widget\" data-widget_type=\"heading.default\">\n\t\t\t\t<div class=\"elementor-widget-container\">\n\t\t\t\t\t<h5 class=\"elementor-heading-title elementor-size-default\">2.\tCom \u00e9s un dia normal a la teva vida?<\/h5>\t\t\t\t<\/div>\n\t\t\t\t<\/div>\n\t\t\t\t<div class=\"elementor-element elementor-element-b27a1b6 elementor-widget elementor-widget-text-editor\" data-id=\"b27a1b6\" data-element_type=\"widget\" data-e-type=\"widget\" data-widget_type=\"text-editor.default\">\n\t\t\t\t<div class=\"elementor-widget-container\">\n\t\t\t\t\t\t\t\t\t<p>Als matins preparo als nens per anar a escola i vaig a entrenar. Seguidament, torno a casa i dedico unes hores a crear contingut (v\u00eddeos\/fotos) i responc missatges pendents.\u00a0Preparo el dinar, i a la tarda estic amb els petits.\u00a0<\/p>\t\t\t\t\t\t\t\t<\/div>\n\t\t\t\t<\/div>\n\t\t\t\t<div class=\"elementor-element elementor-element-1d2668d elementor-widget elementor-widget-text-editor\" data-id=\"1d2668d\" data-element_type=\"widget\" data-e-type=\"widget\" data-widget_type=\"text-editor.default\">\n\t\t\t\t<div class=\"elementor-widget-container\">\n\t\t\t\t\t\t\t\t\t<p><em>&#8220;EL POLLASTRE DEL DIUMENGE \u00c9S LA NOSTRA SALVACI\u00d3 (HA, HA!). <\/em><em>\u00c9S IDEAL PER A GENT COM NOSALTRES, QUE IMPROVISA, O QUAN NO ET VE DE GUST CUINAR&#8221;<\/em><\/p>\t\t\t\t\t\t\t\t<\/div>\n\t\t\t\t<\/div>\n\t\t\t\t<div class=\"elementor-element elementor-element-c05b1d7 elementor-widget elementor-widget-heading\" data-id=\"c05b1d7\" data-element_type=\"widget\" data-e-type=\"widget\" data-widget_type=\"heading.default\">\n\t\t\t\t<div class=\"elementor-widget-container\">\n\t\t\t\t\t<h5 class=\"elementor-heading-title elementor-size-default\">3. A qu\u00e8 li dediques m\u00e9s temps i esfor\u00e7?<\/h5>\t\t\t\t<\/div>\n\t\t\t\t<\/div>\n\t\t\t\t<div class=\"elementor-element elementor-element-34e76a6 elementor-widget elementor-widget-text-editor\" data-id=\"34e76a6\" data-element_type=\"widget\" data-e-type=\"widget\" data-widget_type=\"text-editor.default\">\n\t\t\t\t<div class=\"elementor-widget-container\">\n\t\t\t\t\t\t\t\t\t<p>A la meva fam\u00edlia. Tinc un nen molt petitet que requereix molta atenci\u00f3.\u00a0<\/p><p>Tamb\u00e9 dedico molt temps a la meva feina, a crear contingut per a Instagram. Faig v\u00eddeos relacionats amb l\u2019educaci\u00f3 (soc mestra per\u00f2 ara em dedico a les xarxes).<\/p>\t\t\t\t\t\t\t\t<\/div>\n\t\t\t\t<\/div>\n\t\t\t\t<div class=\"elementor-element elementor-element-321f2a0 elementor-widget elementor-widget-heading\" data-id=\"321f2a0\" data-element_type=\"widget\" data-e-type=\"widget\" data-widget_type=\"heading.default\">\n\t\t\t\t<div class=\"elementor-widget-container\">\n\t\t\t\t\t<h5 class=\"elementor-heading-title elementor-size-default\">4.\tCom compagines la teva feina d\u2019influencer amb la vida personal?<\/h5>\t\t\t\t<\/div>\n\t\t\t\t<\/div>\n\t\t\t\t<div class=\"elementor-element elementor-element-4ba5a4d elementor-widget elementor-widget-text-editor\" data-id=\"4ba5a4d\" data-element_type=\"widget\" data-e-type=\"widget\" data-widget_type=\"text-editor.default\">\n\t\t\t\t<div class=\"elementor-widget-container\">\n\t\t\t\t\t\t\t\t\t<p>La feina d\u2019instagramer no s\u2019acaba mai, per\u00f2 ara he optat per seguir un horari. Aprofito els matins i els vespres, quan els nens estan a escola o descansant.\u00a0<\/p>\t\t\t\t\t\t\t\t<\/div>\n\t\t\t\t<\/div>\n\t\t\t\t<div class=\"elementor-element elementor-element-dfc9ff0 elementor-widget elementor-widget-text-editor\" data-id=\"dfc9ff0\" data-element_type=\"widget\" data-e-type=\"widget\" data-widget_type=\"text-editor.default\">\n\t\t\t\t<div class=\"elementor-widget-container\">\n\t\t\t\t\t\t\t\t\t<p><em>&#8220;HA ESTAT UN DESCOBRIMENT! A PART DE BON\u00cdSSIM \u00c9S UN COMOD\u00cd A CASA NOSTRA. &#8220;<\/em><\/p>\t\t\t\t\t\t\t\t<\/div>\n\t\t\t\t<\/div>\n\t\t\t\t\t<\/div>\n\t\t<\/div>\n\t\t\t\t<div class=\"elementor-column elementor-col-33 elementor-top-column elementor-element elementor-element-15cc811\" data-id=\"15cc811\" data-element_type=\"column\" data-e-type=\"column\">\n\t\t\t<div class=\"elementor-widget-wrap elementor-element-populated\">\n\t\t\t\t\t\t<div class=\"elementor-element elementor-element-6306aa2 elementor-widget elementor-widget-image\" data-id=\"6306aa2\" data-element_type=\"widget\" data-e-type=\"widget\" data-widget_type=\"image.default\">\n\t\t\t\t<div class=\"elementor-widget-container\">\n\t\t\t\t\t\t\t\t\t\t\t\t\t\t\t<img decoding=\"async\" width=\"479\" height=\"715\" src=\"https:\/\/www.viena.es\/wp-content\/uploads\/2022\/07\/mirpratur-2.png\" class=\"attachment-large size-large wp-image-43121 img-fluid \" alt=\"\" \/>\t\t\t\t\t\t\t\t\t\t\t\t\t\t\t<\/div>\n\t\t\t\t<\/div>\n\t\t\t\t<div class=\"elementor-element elementor-element-e4f1e38 elementor-widget elementor-widget-heading\" data-id=\"e4f1e38\" data-element_type=\"widget\" data-e-type=\"widget\" data-widget_type=\"heading.default\">\n\t\t\t\t<div class=\"elementor-widget-container\">\n\t\t\t\t\t<h5 class=\"elementor-heading-title elementor-size-default\">5.\tQu\u00e8 \u00e9s el que m\u00e9s t\u2019agrada fer en fam\u00edlia? <\/h5>\t\t\t\t<\/div>\n\t\t\t\t<\/div>\n\t\t\t\t<div class=\"elementor-element elementor-element-b977cd2 elementor-widget elementor-widget-text-editor\" data-id=\"b977cd2\" data-element_type=\"widget\" data-e-type=\"widget\" data-widget_type=\"text-editor.default\">\n\t\t\t\t<div class=\"elementor-widget-container\">\n\t\t\t\t\t\t\t\t\t<p>M\u2019encanta fer activitats per a nens, ho gaudim tots un munt. Veure les seves cares d\u2019il\u00b7lusi\u00f3 no t\u00e9 preu! Tamb\u00e9 ens encanta fer coses senzilles, com p\u00edcnics o passejos per la platja.<\/p>\t\t\t\t\t\t\t\t<\/div>\n\t\t\t\t<\/div>\n\t\t\t\t<div class=\"elementor-element elementor-element-874937f elementor-widget elementor-widget-heading\" data-id=\"874937f\" data-element_type=\"widget\" data-e-type=\"widget\" data-widget_type=\"heading.default\">\n\t\t\t\t<div class=\"elementor-widget-container\">\n\t\t\t\t\t<h5 class=\"elementor-heading-title elementor-size-default\">6.\tQui cuina a casa?<\/h5>\t\t\t\t<\/div>\n\t\t\t\t<\/div>\n\t\t\t\t<div class=\"elementor-element elementor-element-8bf9ee1 elementor-widget elementor-widget-text-editor\" data-id=\"8bf9ee1\" data-element_type=\"widget\" data-e-type=\"widget\" data-widget_type=\"text-editor.default\">\n\t\t\t\t<div class=\"elementor-widget-container\">\n\t\t\t\t\t\t\t\t\t<p>Cuino m\u00e9s jo que la meva parella, per\u00f2 perqu\u00e8 ell treballa a fora.\u00a0<\/p>\t\t\t\t\t\t\t\t<\/div>\n\t\t\t\t<\/div>\n\t\t\t\t<div class=\"elementor-element elementor-element-cde12e0 elementor-widget elementor-widget-heading\" data-id=\"cde12e0\" data-element_type=\"widget\" data-e-type=\"widget\" data-widget_type=\"heading.default\">\n\t\t\t\t<div class=\"elementor-widget-container\">\n\t\t\t\t\t<h5 class=\"elementor-heading-title elementor-size-default\">7.\tEts de les que improvises o de les que organitzes?<\/h5>\t\t\t\t<\/div>\n\t\t\t\t<\/div>\n\t\t\t\t<div class=\"elementor-element elementor-element-5272161 elementor-widget elementor-widget-text-editor\" data-id=\"5272161\" data-element_type=\"widget\" data-e-type=\"widget\" data-widget_type=\"text-editor.default\">\n\t\t\t\t<div class=\"elementor-widget-container\">\n\t\t\t\t\t\t\t\t\t<p>Nosaltres som d\u2019improvisar al 100%. Mai s\u00e9 el que far\u00e9 per dinar o sopar. Miro el que hi ha a la nevera i a partir d\u2019aqu\u00ed creo el men\u00fa.\u00a0<\/p>\t\t\t\t\t\t\t\t<\/div>\n\t\t\t\t<\/div>\n\t\t\t\t<div class=\"elementor-element elementor-element-87df0fb elementor-widget elementor-widget-heading\" data-id=\"87df0fb\" data-element_type=\"widget\" data-e-type=\"widget\" data-widget_type=\"heading.default\">\n\t\t\t\t<div class=\"elementor-widget-container\">\n\t\t\t\t\t<h5 class=\"elementor-heading-title elementor-size-default\">8.\tCom encaixa El Pollastre del Diumenge en la vostra vida en fam\u00edlia?<\/h5>\t\t\t\t<\/div>\n\t\t\t\t<\/div>\n\t\t\t\t<div class=\"elementor-element elementor-element-3c511d5 elementor-widget elementor-widget-text-editor\" data-id=\"3c511d5\" data-element_type=\"widget\" data-e-type=\"widget\" data-widget_type=\"text-editor.default\">\n\t\t\t\t<div class=\"elementor-widget-container\">\n\t\t\t\t\t\t\t\t\t<p>El Pollastre del Diumenge \u00e9s la nostra salvaci\u00f3 (ha,ha!). \u00c9s ideal per a gent com nosaltres, que improvisa, o quan no et ve de gust cuinar o vols sorprendre els convidats.<\/p>\t\t\t\t\t\t\t\t<\/div>\n\t\t\t\t<\/div>\n\t\t\t\t<div class=\"elementor-element elementor-element-9348372 elementor-widget elementor-widget-heading\" data-id=\"9348372\" data-element_type=\"widget\" data-e-type=\"widget\" data-widget_type=\"heading.default\">\n\t\t\t\t<div class=\"elementor-widget-container\">\n\t\t\t\t\t<h5 class=\"elementor-heading-title elementor-size-default\">9.\tQu\u00e8 teniu en compte a l\u2019hora de comprar el dinar de tota la fam\u00edlia?<\/h5>\t\t\t\t<\/div>\n\t\t\t\t<\/div>\n\t\t\t\t<div class=\"elementor-element elementor-element-cd102e2 elementor-widget elementor-widget-text-editor\" data-id=\"cd102e2\" data-element_type=\"widget\" data-e-type=\"widget\" data-widget_type=\"text-editor.default\">\n\t\t\t\t<div class=\"elementor-widget-container\">\n\t\t\t\t\t\t\t\t\t<p>Com que nosaltres improvisem molt, tamb\u00e9 ho fem a l\u2019hora de comprar. No seguim cap llista.\u00a0El que s\u00ed que procurem \u00e9s comprar menjar saludable i no caure en el parany dels processats. Intentem seguir una dieta sana i equilibrada.<\/p>\t\t\t\t\t\t\t\t<\/div>\n\t\t\t\t<\/div>\n\t\t\t\t\t<\/div>\n\t\t<\/div>\n\t\t\t\t<div class=\"elementor-column elementor-col-33 elementor-top-column elementor-element elementor-element-64c1a15\" data-id=\"64c1a15\" data-element_type=\"column\" data-e-type=\"column\">\n\t\t\t<div class=\"elementor-widget-wrap elementor-element-populated\">\n\t\t\t\t\t\t<div class=\"elementor-element elementor-element-b847dda elementor-widget elementor-widget-heading\" data-id=\"b847dda\" data-element_type=\"widget\" data-e-type=\"widget\" data-widget_type=\"heading.default\">\n\t\t\t\t<div class=\"elementor-widget-container\">\n\t\t\t\t\t<h5 class=\"elementor-heading-title elementor-size-default\">10.\tCuinar amb nens: diversi\u00f3 o un bon sarau?<\/h5>\t\t\t\t<\/div>\n\t\t\t\t<\/div>\n\t\t\t\t<div class=\"elementor-element elementor-element-8d70ad6 elementor-widget elementor-widget-text-editor\" data-id=\"8d70ad6\" data-element_type=\"widget\" data-e-type=\"widget\" data-widget_type=\"text-editor.default\">\n\t\t\t\t<div class=\"elementor-widget-container\">\n\t\t\t\t\t\t\t\t\t<p>Diversi\u00f3! Cuinar amb nens \u00e9s aprenentatge, i a m\u00e9s ens ho passem molt b\u00e9. A la cuina aprenen numeraci\u00f3, llenguatge, valors\u2026 \u00e9s fant\u00e0stic! <\/p>\t\t\t\t\t\t\t\t<\/div>\n\t\t\t\t<\/div>\n\t\t\t\t<div class=\"elementor-element elementor-element-94fa6a5 elementor-widget elementor-widget-heading\" data-id=\"94fa6a5\" data-element_type=\"widget\" data-e-type=\"widget\" data-widget_type=\"heading.default\">\n\t\t\t\t<div class=\"elementor-widget-container\">\n\t\t\t\t\t<h5 class=\"elementor-heading-title elementor-size-default\">\n11.\tQu\u00e8 et motiva a l\u2019hora de descobrir nous productes i receptes per a la teva fam\u00edlia?\n<\/h5>\t\t\t\t<\/div>\n\t\t\t\t<\/div>\n\t\t\t\t<div class=\"elementor-element elementor-element-f8411fd elementor-widget elementor-widget-text-editor\" data-id=\"f8411fd\" data-element_type=\"widget\" data-e-type=\"widget\" data-widget_type=\"text-editor.default\">\n\t\t\t\t<div class=\"elementor-widget-container\">\n\t\t\t\t\t\t\t\t\t<p>Sempre em plantejo si els hi agradar\u00e0, especialment a la J\u00falia, la meva nena gran.\u00a0A la vegada, tamb\u00e9 em plantejo si a la gent li pot interessar la recepta, a l\u2019hora de compartir-ho al meu perfil (tamb\u00e9 compartim receptes per a fer amb els petits de la casa). M\u2019encanta que a part de bones, siguin senzilles i ho puguin fer els nens amb facilitat.<\/p>\t\t\t\t\t\t\t\t<\/div>\n\t\t\t\t<\/div>\n\t\t\t\t<div class=\"elementor-element elementor-element-87cf07f elementor-widget elementor-widget-heading\" data-id=\"87cf07f\" data-element_type=\"widget\" data-e-type=\"widget\" data-widget_type=\"heading.default\">\n\t\t\t\t<div class=\"elementor-widget-container\">\n\t\t\t\t\t<h5 class=\"elementor-heading-title elementor-size-default\">12.\tQu\u00e8 t\u2019ha semblat El Pollastre del Diumenge?<\/h5>\t\t\t\t<\/div>\n\t\t\t\t<\/div>\n\t\t\t\t<div class=\"elementor-element elementor-element-21d8cb5 elementor-widget elementor-widget-text-editor\" data-id=\"21d8cb5\" data-element_type=\"widget\" data-e-type=\"widget\" data-widget_type=\"text-editor.default\">\n\t\t\t\t<div class=\"elementor-widget-container\">\n\t\t\t\t\t\t\t\t\t<p>M\u2019ha encantat! \u00c9s un gran descobriment!\u00a0A part de bon\u00edssim \u00e9s un comod\u00ed a casa nostra. Quan no ens ve de gust cuinar o tenim convidats toca\u2026 POLLASTRE DEL DIUMENGE!!<\/p>\t\t\t\t\t\t\t\t<\/div>\n\t\t\t\t<\/div>\n\t\t\t\t<div class=\"elementor-element elementor-element-6c497d5 elementor-widget elementor-widget-image\" data-id=\"6c497d5\" data-element_type=\"widget\" data-e-type=\"widget\" data-widget_type=\"image.default\">\n\t\t\t\t<div class=\"elementor-widget-container\">\n\t\t\t\t\t\t\t\t\t\t\t\t\t\t\t\t<a href=\"https:\/\/www.instagram.com\/p\/CgRms02gCRt\/\">\n\t\t\t\t\t\t\t<img decoding=\"async\" width=\"499\" height=\"1200\" src=\"https:\/\/www.viena.es\/wp-content\/uploads\/2022\/07\/gif_reels_MIRPRATUR_CAT-499x1200.png\" class=\"attachment-large size-large wp-image-43175 img-fluid \" alt=\"\" srcset=\"https:\/\/www.viena.es\/wp-content\/uploads\/2022\/07\/gif_reels_MIRPRATUR_CAT-499x1200.png 499w, https:\/\/www.viena.es\/wp-content\/uploads\/2022\/07\/gif_reels_MIRPRATUR_CAT-319x768.png 319w, https:\/\/www.viena.es\/wp-content\/uploads\/2022\/07\/gif_reels_MIRPRATUR_CAT-768x1848.png 768w, https:\/\/www.viena.es\/wp-content\/uploads\/2022\/07\/gif_reels_MIRPRATUR_CAT-638x1536.png 638w, https:\/\/www.viena.es\/wp-content\/uploads\/2022\/07\/gif_reels_MIRPRATUR_CAT-851x2048.png 851w, https:\/\/www.viena.es\/wp-content\/uploads\/2022\/07\/gif_reels_MIRPRATUR_CAT.png 1276w\" sizes=\"(max-width: 499px) 100vw, 499px\" \/>\t\t\t\t\t\t\t\t<\/a>\n\t\t\t\t\t\t\t\t\t\t\t\t\t\t\t<\/div>\n\t\t\t\t<\/div>\n\t\t\t\t\t<\/div>\n\t\t<\/div>\n\t\t\t\t\t<\/div>\n\t\t<\/section>\n\t\t\t\t<\/div>\n\t\t","protected":false},"excerpt":{"rendered":"<p>M\u00edriam Prat, m\u00e9s coneguda a Instagram com @mirpratur. Ha provat tastat aquest estiu El Pollastre del Diumenge i per a ella: ha estat la seva salvaci\u00f3!<\/p>\n<p>No et perdis l&#8217;entrevista completa!<\/p>\n","protected":false},"author":7,"featured_media":43121,"comment_status":"closed","ping_status":"closed","sticky":false,"template":"","format":"standard","meta":{"footnotes":""},"categories":[62],"class_list":["post-43098","post","type-post","status-publish","format-standard","has-post-thumbnail","hentry","category-novetats"],"yoast_head":"<!-- This site is optimized with the Yoast SEO plugin v24.4 - https:\/\/yoast.com\/wordpress\/plugins\/seo\/ -->\n<title>Qui \u00e9s la @mirpratur? - Viena<\/title>\n<meta name=\"robots\" content=\"index, follow, max-snippet:-1, max-image-preview:large, max-video-preview:-1\" \/>\n<link rel=\"canonical\" href=\"https:\/\/www.viena.es\/ca\/blog\/novetats\/qui-es-la-mirpratur\/\" \/>\n<meta property=\"og:locale\" content=\"ca_ES\" \/>\n<meta property=\"og:type\" content=\"article\" \/>\n<meta property=\"og:title\" content=\"Qui \u00e9s la @mirpratur? - Viena\" \/>\n<meta property=\"og:description\" content=\"M\u00edriam Prat, m\u00e9s coneguda a Instagram com @mirpratur. Ha provat tastat aquest estiu El Pollastre del Diumenge i per a ella: ha estat la seva salvaci\u00f3! No et perdis l&#039;entrevista completa!\" \/>\n<meta property=\"og:url\" content=\"https:\/\/www.viena.es\/ca\/blog\/novetats\/qui-es-la-mirpratur\/\" \/>\n<meta property=\"og:site_name\" content=\"Viena\" \/>\n<meta property=\"article:publisher\" content=\"http:\/\/www.facebook.com\/VienaSocVienes\" \/>\n<meta property=\"article:published_time\" content=\"2022-07-21T11:57:58+00:00\" \/>\n<meta property=\"article:modified_time\" content=\"2022-09-28T07:24:10+00:00\" \/>\n<meta property=\"og:image\" content=\"https:\/\/www.viena.es\/wp-content\/uploads\/2022\/07\/mirpratur-2.png\" \/>\n\t<meta property=\"og:image:width\" content=\"479\" \/>\n\t<meta property=\"og:image:height\" content=\"715\" \/>\n\t<meta property=\"og:image:type\" content=\"image\/png\" \/>\n<meta name=\"author\" content=\"Mariona Castells\" \/>\n<meta name=\"twitter:card\" content=\"summary_large_image\" \/>\n<meta name=\"twitter:label1\" content=\"Escrit per\" \/>\n\t<meta name=\"twitter:data1\" content=\"Mariona Castells\" \/>\n\t<meta name=\"twitter:label2\" content=\"Temps estimat de lectura\" \/>\n\t<meta name=\"twitter:data2\" content=\"5 minuts\" \/>\n<script type=\"application\/ld+json\" class=\"yoast-schema-graph\">{\"@context\":\"https:\/\/schema.org\",\"@graph\":[{\"@type\":\"Article\",\"@id\":\"https:\/\/www.viena.es\/ca\/blog\/novetats\/qui-es-la-mirpratur\/#article\",\"isPartOf\":{\"@id\":\"https:\/\/www.viena.es\/ca\/blog\/novetats\/qui-es-la-mirpratur\/\"},\"author\":{\"name\":\"Mariona Castells\",\"@id\":\"https:\/\/www.viena.es\/ca\/#\/schema\/person\/98b0c0ca3b2c2c590f6dd9ef8ef51bab\"},\"headline\":\"Qui \u00e9s la @mirpratur?\",\"datePublished\":\"2022-07-21T11:57:58+00:00\",\"dateModified\":\"2022-09-28T07:24:10+00:00\",\"mainEntityOfPage\":{\"@id\":\"https:\/\/www.viena.es\/ca\/blog\/novetats\/qui-es-la-mirpratur\/\"},\"wordCount\":691,\"publisher\":{\"@id\":\"https:\/\/www.viena.es\/ca\/#organization\"},\"image\":{\"@id\":\"https:\/\/www.viena.es\/ca\/blog\/novetats\/qui-es-la-mirpratur\/#primaryimage\"},\"thumbnailUrl\":\"https:\/\/www.viena.es\/wp-content\/uploads\/2022\/07\/mirpratur-2.png\",\"articleSection\":[\"Novetats\"],\"inLanguage\":\"ca\"},{\"@type\":\"WebPage\",\"@id\":\"https:\/\/www.viena.es\/ca\/blog\/novetats\/qui-es-la-mirpratur\/\",\"url\":\"https:\/\/www.viena.es\/ca\/blog\/novetats\/qui-es-la-mirpratur\/\",\"name\":\"Qui \u00e9s la @mirpratur? - Viena\",\"isPartOf\":{\"@id\":\"https:\/\/www.viena.es\/ca\/#website\"},\"primaryImageOfPage\":{\"@id\":\"https:\/\/www.viena.es\/ca\/blog\/novetats\/qui-es-la-mirpratur\/#primaryimage\"},\"image\":{\"@id\":\"https:\/\/www.viena.es\/ca\/blog\/novetats\/qui-es-la-mirpratur\/#primaryimage\"},\"thumbnailUrl\":\"https:\/\/www.viena.es\/wp-content\/uploads\/2022\/07\/mirpratur-2.png\",\"datePublished\":\"2022-07-21T11:57:58+00:00\",\"dateModified\":\"2022-09-28T07:24:10+00:00\",\"breadcrumb\":{\"@id\":\"https:\/\/www.viena.es\/ca\/blog\/novetats\/qui-es-la-mirpratur\/#breadcrumb\"},\"inLanguage\":\"ca\",\"potentialAction\":[{\"@type\":\"ReadAction\",\"target\":[\"https:\/\/www.viena.es\/ca\/blog\/novetats\/qui-es-la-mirpratur\/\"]}]},{\"@type\":\"ImageObject\",\"inLanguage\":\"ca\",\"@id\":\"https:\/\/www.viena.es\/ca\/blog\/novetats\/qui-es-la-mirpratur\/#primaryimage\",\"url\":\"https:\/\/www.viena.es\/wp-content\/uploads\/2022\/07\/mirpratur-2.png\",\"contentUrl\":\"https:\/\/www.viena.es\/wp-content\/uploads\/2022\/07\/mirpratur-2.png\",\"width\":479,\"height\":715},{\"@type\":\"BreadcrumbList\",\"@id\":\"https:\/\/www.viena.es\/ca\/blog\/novetats\/qui-es-la-mirpratur\/#breadcrumb\",\"itemListElement\":[{\"@type\":\"ListItem\",\"position\":1,\"name\":\"Home\",\"item\":\"https:\/\/www.viena.es\/ca\/\"},{\"@type\":\"ListItem\",\"position\":2,\"name\":\"Qui \u00e9s la @mirpratur?\"}]},{\"@type\":\"WebSite\",\"@id\":\"https:\/\/www.viena.es\/ca\/#website\",\"url\":\"https:\/\/www.viena.es\/ca\/\",\"name\":\"Viena\",\"description\":\"\",\"publisher\":{\"@id\":\"https:\/\/www.viena.es\/ca\/#organization\"},\"potentialAction\":[{\"@type\":\"SearchAction\",\"target\":{\"@type\":\"EntryPoint\",\"urlTemplate\":\"https:\/\/www.viena.es\/ca\/?s={search_term_string}\"},\"query-input\":{\"@type\":\"PropertyValueSpecification\",\"valueRequired\":true,\"valueName\":\"search_term_string\"}}],\"inLanguage\":\"ca\"},{\"@type\":\"Organization\",\"@id\":\"https:\/\/www.viena.es\/ca\/#organization\",\"name\":\"Viena\",\"url\":\"https:\/\/www.viena.es\/ca\/\",\"logo\":{\"@type\":\"ImageObject\",\"inLanguage\":\"ca\",\"@id\":\"https:\/\/www.viena.es\/ca\/#\/schema\/logo\/image\/\",\"url\":\"https:\/\/www.viena.es\/wp-content\/uploads\/2022\/06\/viena-logo.png\",\"contentUrl\":\"https:\/\/www.viena.es\/wp-content\/uploads\/2022\/06\/viena-logo.png\",\"width\":256,\"height\":52,\"caption\":\"Viena\"},\"image\":{\"@id\":\"https:\/\/www.viena.es\/ca\/#\/schema\/logo\/image\/\"},\"sameAs\":[\"http:\/\/www.facebook.com\/VienaSocVienes\",\"http:\/\/www.instagram.com\/Vienasocvienes\"]},{\"@type\":\"Person\",\"@id\":\"https:\/\/www.viena.es\/ca\/#\/schema\/person\/98b0c0ca3b2c2c590f6dd9ef8ef51bab\",\"name\":\"Mariona Castells\"}]}<\/script>\n<!-- \/ Yoast SEO plugin. -->","yoast_head_json":{"title":"Qui \u00e9s la @mirpratur? - Viena","robots":{"index":"index","follow":"follow","max-snippet":"max-snippet:-1","max-image-preview":"max-image-preview:large","max-video-preview":"max-video-preview:-1"},"canonical":"https:\/\/www.viena.es\/ca\/blog\/novetats\/qui-es-la-mirpratur\/","og_locale":"ca_ES","og_type":"article","og_title":"Qui \u00e9s la @mirpratur? - Viena","og_description":"M\u00edriam Prat, m\u00e9s coneguda a Instagram com @mirpratur. Ha provat tastat aquest estiu El Pollastre del Diumenge i per a ella: ha estat la seva salvaci\u00f3! No et perdis l'entrevista completa!","og_url":"https:\/\/www.viena.es\/ca\/blog\/novetats\/qui-es-la-mirpratur\/","og_site_name":"Viena","article_publisher":"http:\/\/www.facebook.com\/VienaSocVienes","article_published_time":"2022-07-21T11:57:58+00:00","article_modified_time":"2022-09-28T07:24:10+00:00","og_image":[{"width":479,"height":715,"url":"https:\/\/www.viena.es\/wp-content\/uploads\/2022\/07\/mirpratur-2.png","type":"image\/png"}],"author":"Mariona Castells","twitter_card":"summary_large_image","twitter_misc":{"Escrit per":"Mariona Castells","Temps estimat de lectura":"5 minuts"},"schema":{"@context":"https:\/\/schema.org","@graph":[{"@type":"Article","@id":"https:\/\/www.viena.es\/ca\/blog\/novetats\/qui-es-la-mirpratur\/#article","isPartOf":{"@id":"https:\/\/www.viena.es\/ca\/blog\/novetats\/qui-es-la-mirpratur\/"},"author":{"name":"Mariona Castells","@id":"https:\/\/www.viena.es\/ca\/#\/schema\/person\/98b0c0ca3b2c2c590f6dd9ef8ef51bab"},"headline":"Qui \u00e9s la @mirpratur?","datePublished":"2022-07-21T11:57:58+00:00","dateModified":"2022-09-28T07:24:10+00:00","mainEntityOfPage":{"@id":"https:\/\/www.viena.es\/ca\/blog\/novetats\/qui-es-la-mirpratur\/"},"wordCount":691,"publisher":{"@id":"https:\/\/www.viena.es\/ca\/#organization"},"image":{"@id":"https:\/\/www.viena.es\/ca\/blog\/novetats\/qui-es-la-mirpratur\/#primaryimage"},"thumbnailUrl":"https:\/\/www.viena.es\/wp-content\/uploads\/2022\/07\/mirpratur-2.png","articleSection":["Novetats"],"inLanguage":"ca"},{"@type":"WebPage","@id":"https:\/\/www.viena.es\/ca\/blog\/novetats\/qui-es-la-mirpratur\/","url":"https:\/\/www.viena.es\/ca\/blog\/novetats\/qui-es-la-mirpratur\/","name":"Qui \u00e9s la @mirpratur? - Viena","isPartOf":{"@id":"https:\/\/www.viena.es\/ca\/#website"},"primaryImageOfPage":{"@id":"https:\/\/www.viena.es\/ca\/blog\/novetats\/qui-es-la-mirpratur\/#primaryimage"},"image":{"@id":"https:\/\/www.viena.es\/ca\/blog\/novetats\/qui-es-la-mirpratur\/#primaryimage"},"thumbnailUrl":"https:\/\/www.viena.es\/wp-content\/uploads\/2022\/07\/mirpratur-2.png","datePublished":"2022-07-21T11:57:58+00:00","dateModified":"2022-09-28T07:24:10+00:00","breadcrumb":{"@id":"https:\/\/www.viena.es\/ca\/blog\/novetats\/qui-es-la-mirpratur\/#breadcrumb"},"inLanguage":"ca","potentialAction":[{"@type":"ReadAction","target":["https:\/\/www.viena.es\/ca\/blog\/novetats\/qui-es-la-mirpratur\/"]}]},{"@type":"ImageObject","inLanguage":"ca","@id":"https:\/\/www.viena.es\/ca\/blog\/novetats\/qui-es-la-mirpratur\/#primaryimage","url":"https:\/\/www.viena.es\/wp-content\/uploads\/2022\/07\/mirpratur-2.png","contentUrl":"https:\/\/www.viena.es\/wp-content\/uploads\/2022\/07\/mirpratur-2.png","width":479,"height":715},{"@type":"BreadcrumbList","@id":"https:\/\/www.viena.es\/ca\/blog\/novetats\/qui-es-la-mirpratur\/#breadcrumb","itemListElement":[{"@type":"ListItem","position":1,"name":"Home","item":"https:\/\/www.viena.es\/ca\/"},{"@type":"ListItem","position":2,"name":"Qui \u00e9s la @mirpratur?"}]},{"@type":"WebSite","@id":"https:\/\/www.viena.es\/ca\/#website","url":"https:\/\/www.viena.es\/ca\/","name":"Viena","description":"","publisher":{"@id":"https:\/\/www.viena.es\/ca\/#organization"},"potentialAction":[{"@type":"SearchAction","target":{"@type":"EntryPoint","urlTemplate":"https:\/\/www.viena.es\/ca\/?s={search_term_string}"},"query-input":{"@type":"PropertyValueSpecification","valueRequired":true,"valueName":"search_term_string"}}],"inLanguage":"ca"},{"@type":"Organization","@id":"https:\/\/www.viena.es\/ca\/#organization","name":"Viena","url":"https:\/\/www.viena.es\/ca\/","logo":{"@type":"ImageObject","inLanguage":"ca","@id":"https:\/\/www.viena.es\/ca\/#\/schema\/logo\/image\/","url":"https:\/\/www.viena.es\/wp-content\/uploads\/2022\/06\/viena-logo.png","contentUrl":"https:\/\/www.viena.es\/wp-content\/uploads\/2022\/06\/viena-logo.png","width":256,"height":52,"caption":"Viena"},"image":{"@id":"https:\/\/www.viena.es\/ca\/#\/schema\/logo\/image\/"},"sameAs":["http:\/\/www.facebook.com\/VienaSocVienes","http:\/\/www.instagram.com\/Vienasocvienes"]},{"@type":"Person","@id":"https:\/\/www.viena.es\/ca\/#\/schema\/person\/98b0c0ca3b2c2c590f6dd9ef8ef51bab","name":"Mariona Castells"}]}},"_links":{"self":[{"href":"https:\/\/www.viena.es\/ca\/wp-json\/wp\/v2\/posts\/43098","targetHints":{"allow":["GET"]}}],"collection":[{"href":"https:\/\/www.viena.es\/ca\/wp-json\/wp\/v2\/posts"}],"about":[{"href":"https:\/\/www.viena.es\/ca\/wp-json\/wp\/v2\/types\/post"}],"author":[{"embeddable":true,"href":"https:\/\/www.viena.es\/ca\/wp-json\/wp\/v2\/users\/7"}],"replies":[{"embeddable":true,"href":"https:\/\/www.viena.es\/ca\/wp-json\/wp\/v2\/comments?post=43098"}],"version-history":[{"count":55,"href":"https:\/\/www.viena.es\/ca\/wp-json\/wp\/v2\/posts\/43098\/revisions"}],"predecessor-version":[{"id":43941,"href":"https:\/\/www.viena.es\/ca\/wp-json\/wp\/v2\/posts\/43098\/revisions\/43941"}],"wp:featuredmedia":[{"embeddable":true,"href":"https:\/\/www.viena.es\/ca\/wp-json\/wp\/v2\/media\/43121"}],"wp:attachment":[{"href":"https:\/\/www.viena.es\/ca\/wp-json\/wp\/v2\/media?parent=43098"}],"wp:term":[{"taxonomy":"category","embeddable":true,"href":"https:\/\/www.viena.es\/ca\/wp-json\/wp\/v2\/categories?post=43098"}],"curies":[{"name":"wp","href":"https:\/\/api.w.org\/{rel}","templated":true}]}}