 {"id":41813,"date":"2022-05-25T12:58:56","date_gmt":"2022-05-25T10:58:56","guid":{"rendered":"https:\/\/www.viena.es\/?p=41813"},"modified":"2022-09-27T14:28:34","modified_gmt":"2022-09-27T12:28:34","slug":"electrolineres-viena","status":"publish","type":"post","link":"https:\/\/www.viena.es\/ca\/blog\/mediambient\/electrolineres-viena\/","title":{"rendered":"Electrolineres en els nostres restaurants"},"content":{"rendered":"\t\t<div data-elementor-type=\"wp-post\" data-elementor-id=\"41813\" class=\"elementor elementor-41813\">\n\t\t\t\t\t\t<section class=\"elementor-section elementor-top-section elementor-element elementor-element-91d5db8 elementor-section-boxed elementor-section-height-default elementor-section-height-default\" data-id=\"91d5db8\" data-element_type=\"section\" data-e-type=\"section\">\n\t\t\t\t\t\t<div class=\"elementor-container elementor-column-gap-default\">\n\t\t\t\t\t<div class=\"elementor-column elementor-col-100 elementor-top-column elementor-element elementor-element-e9e6289\" data-id=\"e9e6289\" data-element_type=\"column\" data-e-type=\"column\">\n\t\t\t<div class=\"elementor-widget-wrap elementor-element-populated\">\n\t\t\t\t\t\t<div class=\"elementor-element elementor-element-72a7775 elementor-widget elementor-widget-image\" data-id=\"72a7775\" data-element_type=\"widget\" data-e-type=\"widget\" data-widget_type=\"image.default\">\n\t\t\t\t<div class=\"elementor-widget-container\">\n\t\t\t\t\t\t\t\t\t\t\t\t\t\t\t<img fetchpriority=\"high\" decoding=\"async\" width=\"1199\" height=\"482\" src=\"https:\/\/www.viena.es\/wp-content\/uploads\/2022\/05\/Cargador.jpg\" class=\"attachment-full size-full wp-image-41880 img-fluid \" alt=\"\" srcset=\"https:\/\/www.viena.es\/wp-content\/uploads\/2022\/05\/Cargador.jpg 1199w, https:\/\/www.viena.es\/wp-content\/uploads\/2022\/05\/Cargador-768x309.jpg 768w\" sizes=\"(max-width: 1199px) 100vw, 1199px\" \/>\t\t\t\t\t\t\t\t\t\t\t\t\t\t\t<\/div>\n\t\t\t\t<\/div>\n\t\t\t\t\t<\/div>\n\t\t<\/div>\n\t\t\t\t\t<\/div>\n\t\t<\/section>\n\t\t\t\t<section class=\"elementor-section elementor-top-section elementor-element elementor-element-0262462 elementor-section-boxed elementor-section-height-default elementor-section-height-default\" data-id=\"0262462\" data-element_type=\"section\" data-e-type=\"section\">\n\t\t\t\t\t\t<div class=\"elementor-container elementor-column-gap-default\">\n\t\t\t\t\t<div class=\"elementor-column elementor-col-33 elementor-top-column elementor-element elementor-element-858e1d3\" data-id=\"858e1d3\" data-element_type=\"column\" data-e-type=\"column\">\n\t\t\t<div class=\"elementor-widget-wrap\">\n\t\t\t\t\t\t\t<\/div>\n\t\t<\/div>\n\t\t\t\t<div class=\"elementor-column elementor-col-33 elementor-top-column elementor-element elementor-element-9d2eb1b\" data-id=\"9d2eb1b\" data-element_type=\"column\" data-e-type=\"column\">\n\t\t\t<div class=\"elementor-widget-wrap elementor-element-populated\">\n\t\t\t\t\t\t<div class=\"elementor-element elementor-element-7de0e22 elementor-widget elementor-widget-heading\" data-id=\"7de0e22\" data-element_type=\"widget\" data-e-type=\"widget\" data-widget_type=\"heading.default\">\n\t\t\t\t<div class=\"elementor-widget-container\">\n\t\t\t\t\t<h5 class=\"elementor-heading-title elementor-size-default\">MEDIAMBIENT<\/h5>\t\t\t\t<\/div>\n\t\t\t\t<\/div>\n\t\t\t\t<div class=\"elementor-element elementor-element-005044a elementor-widget elementor-widget-heading\" data-id=\"005044a\" data-element_type=\"widget\" data-e-type=\"widget\" data-widget_type=\"heading.default\">\n\t\t\t\t<div class=\"elementor-widget-container\">\n\t\t\t\t\t<h2 class=\"elementor-heading-title elementor-size-default\">ELECTROLINERES <\/h2>\t\t\t\t<\/div>\n\t\t\t\t<\/div>\n\t\t\t\t<div class=\"elementor-element elementor-element-670a237 elementor-widget elementor-widget-text-editor\" data-id=\"670a237\" data-element_type=\"widget\" data-e-type=\"widget\" data-widget_type=\"text-editor.default\">\n\t\t\t\t<div class=\"elementor-widget-container\">\n\t\t\t\t\t\t\t\t\t<h5><strong>Reafirmem el nostre comprom\u00eds amb la sostenibilitat instal\u00b7lant electrolineres en els aparcaments dels nostres restaurants. <\/strong><\/h5>\t\t\t\t\t\t\t\t<\/div>\n\t\t\t\t<\/div>\n\t\t\t\t\t<\/div>\n\t\t<\/div>\n\t\t\t\t<div class=\"elementor-column elementor-col-33 elementor-top-column elementor-element elementor-element-11acd4a\" data-id=\"11acd4a\" data-element_type=\"column\" data-e-type=\"column\">\n\t\t\t<div class=\"elementor-widget-wrap\">\n\t\t\t\t\t\t\t<\/div>\n\t\t<\/div>\n\t\t\t\t\t<\/div>\n\t\t<\/section>\n\t\t\t\t<section class=\"elementor-section elementor-top-section elementor-element elementor-element-b20bd57 elementor-section-boxed elementor-section-height-default elementor-section-height-default\" data-id=\"b20bd57\" data-element_type=\"section\" data-e-type=\"section\">\n\t\t\t\t\t\t<div class=\"elementor-container elementor-column-gap-default\">\n\t\t\t\t\t<div class=\"elementor-column elementor-col-16 elementor-top-column elementor-element elementor-element-987b6ee\" data-id=\"987b6ee\" data-element_type=\"column\" data-e-type=\"column\">\n\t\t\t<div class=\"elementor-widget-wrap\">\n\t\t\t\t\t\t\t<\/div>\n\t\t<\/div>\n\t\t\t\t<div class=\"elementor-column elementor-col-66 elementor-top-column elementor-element elementor-element-296e181\" data-id=\"296e181\" data-element_type=\"column\" data-e-type=\"column\">\n\t\t\t<div class=\"elementor-widget-wrap elementor-element-populated\">\n\t\t\t\t\t\t<div class=\"elementor-element elementor-element-6cde9db elementor-widget elementor-widget-text-editor\" data-id=\"6cde9db\" data-element_type=\"widget\" data-e-type=\"widget\" data-widget_type=\"text-editor.default\">\n\t\t\t\t<div class=\"elementor-widget-container\">\n\t\t\t\t\t\t\t\t\t<p>El nou panorama de la mobilitat porta amb si grans oportunitats per donar suport a la sostenibilitat. Avui parlem d&#8217;una mesura en particular, clau per a la nova realitat de la mobilitat sostenible.<\/p>\t\t\t\t\t\t\t\t<\/div>\n\t\t\t\t<\/div>\n\t\t\t\t<div class=\"elementor-element elementor-element-2fde338 elementor-widget-divider--view-line elementor-widget elementor-widget-divider\" data-id=\"2fde338\" data-element_type=\"widget\" data-e-type=\"widget\" data-widget_type=\"divider.default\">\n\t\t\t\t<div class=\"elementor-widget-container\">\n\t\t\t\t\t\t\t<div class=\"elementor-divider\">\n\t\t\t<span class=\"elementor-divider-separator\">\n\t\t\t\t\t\t<\/span>\n\t\t<\/div>\n\t\t\t\t\t\t<\/div>\n\t\t\t\t<\/div>\n\t\t\t\t<div class=\"elementor-element elementor-element-e586472 elementor-widget elementor-widget-text-editor\" data-id=\"e586472\" data-element_type=\"widget\" data-e-type=\"widget\" data-widget_type=\"text-editor.default\">\n\t\t\t\t<div class=\"elementor-widget-container\">\n\t\t\t\t\t\t\t\t\t<div class=\"wpb_text_column wpb_content_element \"><div class=\"wpb_wrapper\"><p>Reafirmem el nostre comprom\u00eds amb la sostenibilitat instal\u00b7lant carregadors el\u00e8ctrics de 50 kW per a vehicles en els aparcaments dels nostres restaurants. Aix\u00f2 significa que, de mitjana, en menys de mitja hora un usuari podria carregar fins al 80% de la bateria del seu vehicle. L&#8217;acord de col\u00b7laboraci\u00f3 amb Iberdrola, l\u00edder en el sector el\u00e8ctric, ens ha perm\u00e8s instal\u00b7lar vint-i-dos punts de rec\u00e0rrega, repartits en catorze establiments. El nostre objectiu \u00e9s tenir 30 carregadors el\u00e8ctrics instal\u00b7lats en acabar aquest any, arreu del territori catal\u00e0.<\/p><\/div><\/div>\t\t\t\t\t\t\t\t<\/div>\n\t\t\t\t<\/div>\n\t\t\t\t<div class=\"elementor-element elementor-element-6dfd60b elementor-widget elementor-widget-text-editor\" data-id=\"6dfd60b\" data-element_type=\"widget\" data-e-type=\"widget\" data-widget_type=\"text-editor.default\">\n\t\t\t\t<div class=\"elementor-widget-container\">\n\t\t\t\t\t\t\t\t\t<p>Els nostres restaurants ofereixen bons moments als nostres clients alhora que opcions i serveis que ajuden a cuidar el medi ambient<\/p>\t\t\t\t\t\t\t\t<\/div>\n\t\t\t\t<\/div>\n\t\t\t\t<div class=\"elementor-element elementor-element-82fd0da elementor-widget elementor-widget-text-editor\" data-id=\"82fd0da\" data-element_type=\"widget\" data-e-type=\"widget\" data-widget_type=\"text-editor.default\">\n\t\t\t\t<div class=\"elementor-widget-container\">\n\t\t\t\t\t\t\t\t\t<div class=\"wpb_text_column wpb_content_element \"><div class=\"wpb_wrapper\">D\u2019aquesta manera, les electrolineres ens permeten oferir un servei m\u00e9s als nostres clients en el moment en qu\u00e8 s\u2019acosten a un dels nostres restaurants, i gaudeixen del seu \u00e0pat. Els nostres restaurants ofereixen bons moments als nostres consumidors alhora que opcions i serveis que ajuden a cuidar el medi ambient, promovent aix\u00ed l&#8217;\u00fas del cotxe el\u00e8ctric, \u00e9s a dir, sense emissions de gasos a l&#8217;atmosfera.<\/div><\/div>\t\t\t\t\t\t\t\t<\/div>\n\t\t\t\t<\/div>\n\t\t\t\t<div class=\"elementor-element elementor-element-0443a2a elementor-widget elementor-widget-spacer\" data-id=\"0443a2a\" data-element_type=\"widget\" data-e-type=\"widget\" data-widget_type=\"spacer.default\">\n\t\t\t\t<div class=\"elementor-widget-container\">\n\t\t\t\t\t\t\t<div class=\"elementor-spacer\">\n\t\t\t<div class=\"elementor-spacer-inner\"><\/div>\n\t\t<\/div>\n\t\t\t\t\t\t<\/div>\n\t\t\t\t<\/div>\n\t\t\t\t\t<\/div>\n\t\t<\/div>\n\t\t\t\t<div class=\"elementor-column elementor-col-16 elementor-top-column elementor-element elementor-element-f83be46\" data-id=\"f83be46\" data-element_type=\"column\" data-e-type=\"column\">\n\t\t\t<div class=\"elementor-widget-wrap\">\n\t\t\t\t\t\t\t<\/div>\n\t\t<\/div>\n\t\t\t\t\t<\/div>\n\t\t<\/section>\n\t\t\t\t<section class=\"elementor-section elementor-top-section elementor-element elementor-element-8f2c95e elementor-section-boxed elementor-section-height-default elementor-section-height-default\" data-id=\"8f2c95e\" data-element_type=\"section\" data-e-type=\"section\">\n\t\t\t\t\t\t<div class=\"elementor-container elementor-column-gap-default\">\n\t\t\t\t\t<div class=\"elementor-column elementor-col-50 elementor-top-column elementor-element elementor-element-55278b7\" data-id=\"55278b7\" data-element_type=\"column\" data-e-type=\"column\">\n\t\t\t<div class=\"elementor-widget-wrap elementor-element-populated\">\n\t\t\t\t\t\t<div class=\"elementor-element elementor-element-20eb517 elementor-widget elementor-widget-image\" data-id=\"20eb517\" data-element_type=\"widget\" data-e-type=\"widget\" data-widget_type=\"image.default\">\n\t\t\t\t<div class=\"elementor-widget-container\">\n\t\t\t\t\t\t\t\t\t\t\t\t\t\t\t<img decoding=\"async\" width=\"768\" height=\"764\" src=\"https:\/\/www.viena.es\/wp-content\/uploads\/2022\/05\/punts-carrega-cotxe-electric-Viena-768x764.jpg\" class=\"attachment-medium size-medium wp-image-43819 img-fluid \" alt=\"\" srcset=\"https:\/\/www.viena.es\/wp-content\/uploads\/2022\/05\/punts-carrega-cotxe-electric-Viena-768x764.jpg 768w, https:\/\/www.viena.es\/wp-content\/uploads\/2022\/05\/punts-carrega-cotxe-electric-Viena.jpg 863w\" sizes=\"(max-width: 768px) 100vw, 768px\" \/>\t\t\t\t\t\t\t\t\t\t\t\t\t\t\t<\/div>\n\t\t\t\t<\/div>\n\t\t\t\t\t<\/div>\n\t\t<\/div>\n\t\t\t\t<div class=\"elementor-column elementor-col-50 elementor-top-column elementor-element elementor-element-ceeb95f\" data-id=\"ceeb95f\" data-element_type=\"column\" data-e-type=\"column\">\n\t\t\t<div class=\"elementor-widget-wrap elementor-element-populated\">\n\t\t\t\t\t\t<div class=\"elementor-element elementor-element-c3a1f9c elementor-widget elementor-widget-spacer\" data-id=\"c3a1f9c\" data-element_type=\"widget\" data-e-type=\"widget\" data-widget_type=\"spacer.default\">\n\t\t\t\t<div class=\"elementor-widget-container\">\n\t\t\t\t\t\t\t<div class=\"elementor-spacer\">\n\t\t\t<div class=\"elementor-spacer-inner\"><\/div>\n\t\t<\/div>\n\t\t\t\t\t\t<\/div>\n\t\t\t\t<\/div>\n\t\t\t\t<div class=\"elementor-element elementor-element-a551a80 elementor-widget elementor-widget-spacer\" data-id=\"a551a80\" data-element_type=\"widget\" data-e-type=\"widget\" data-widget_type=\"spacer.default\">\n\t\t\t\t<div class=\"elementor-widget-container\">\n\t\t\t\t\t\t\t<div class=\"elementor-spacer\">\n\t\t\t<div class=\"elementor-spacer-inner\"><\/div>\n\t\t<\/div>\n\t\t\t\t\t\t<\/div>\n\t\t\t\t<\/div>\n\t\t\t\t<div class=\"elementor-element elementor-element-4b5aaa7 elementor-widget elementor-widget-text-editor\" data-id=\"4b5aaa7\" data-element_type=\"widget\" data-e-type=\"widget\" data-widget_type=\"text-editor.default\">\n\t\t\t\t<div class=\"elementor-widget-container\">\n\t\t\t\t\t\t\t\t\t<p>Aquest tipus d&#8217;acords s\u00f3n un exemple clar de cap a on avancem, i fins a quin punt arriba la nostra implicaci\u00f3 aportant solucions a la mobilitat sostenible proveint als ciutadans de nous punts de rec\u00e0rrega i fent us d\u2019aquests d&#8217;una manera cada vegada m\u00e9s c\u00f2moda i senzilla.<\/p>\t\t\t\t\t\t\t\t<\/div>\n\t\t\t\t<\/div>\n\t\t\t\t<div class=\"elementor-element elementor-element-70ca677 elementor-align-center elementor-widget elementor-widget-button\" data-id=\"70ca677\" data-element_type=\"widget\" data-e-type=\"widget\" data-widget_type=\"button.default\">\n\t\t\t\t<div class=\"elementor-widget-container\">\n\t\t\t\t\t\t\t\t\t<div class=\"elementor-button-wrapper\">\n\t\t\t\t\t<a class=\"elementor-button elementor-button-link elementor-size-xs\" href=\"https:\/\/www.viena.es\/ca\/restaurants\/\">\n\t\t\t\t\t\t<span class=\"elementor-button-content-wrapper\">\n\t\t\t\t\t\t\t\t\t<span class=\"elementor-button-text\">PUNTS DE C\u00c0RREGA EL\u00c8CTRIC<\/span>\n\t\t\t\t\t<\/span>\n\t\t\t\t\t<\/a>\n\t\t\t\t<\/div>\n\t\t\t\t\t\t\t\t<\/div>\n\t\t\t\t<\/div>\n\t\t\t\t\t<\/div>\n\t\t<\/div>\n\t\t\t\t\t<\/div>\n\t\t<\/section>\n\t\t\t\t<section class=\"elementor-section elementor-top-section elementor-element elementor-element-1d9f897 elementor-section-boxed elementor-section-height-default elementor-section-height-default\" data-id=\"1d9f897\" data-element_type=\"section\" data-e-type=\"section\">\n\t\t\t\t\t\t<div class=\"elementor-container elementor-column-gap-default\">\n\t\t\t\t\t<div class=\"elementor-column elementor-col-100 elementor-top-column elementor-element elementor-element-57b2ae4\" data-id=\"57b2ae4\" data-element_type=\"column\" data-e-type=\"column\">\n\t\t\t<div class=\"elementor-widget-wrap elementor-element-populated\">\n\t\t\t\t\t\t<div class=\"elementor-element elementor-element-2b57d95 elementor-widget elementor-widget-spacer\" data-id=\"2b57d95\" data-element_type=\"widget\" data-e-type=\"widget\" data-widget_type=\"spacer.default\">\n\t\t\t\t<div class=\"elementor-widget-container\">\n\t\t\t\t\t\t\t<div class=\"elementor-spacer\">\n\t\t\t<div class=\"elementor-spacer-inner\"><\/div>\n\t\t<\/div>\n\t\t\t\t\t\t<\/div>\n\t\t\t\t<\/div>\n\t\t\t\t<div class=\"elementor-element elementor-element-f92008c elementor-widget elementor-widget-spacer\" data-id=\"f92008c\" data-element_type=\"widget\" data-e-type=\"widget\" data-widget_type=\"spacer.default\">\n\t\t\t\t<div class=\"elementor-widget-container\">\n\t\t\t\t\t\t\t<div class=\"elementor-spacer\">\n\t\t\t<div class=\"elementor-spacer-inner\"><\/div>\n\t\t<\/div>\n\t\t\t\t\t\t<\/div>\n\t\t\t\t<\/div>\n\t\t\t\t\t<\/div>\n\t\t<\/div>\n\t\t\t\t\t<\/div>\n\t\t<\/section>\n\t\t\t\t<section class=\"elementor-section elementor-top-section elementor-element elementor-element-b9865ff elementor-section-stretched elementor-section-boxed elementor-section-height-default elementor-section-height-default\" data-id=\"b9865ff\" data-element_type=\"section\" data-e-type=\"section\" data-settings=\"{&quot;stretch_section&quot;:&quot;section-stretched&quot;,&quot;background_background&quot;:&quot;classic&quot;}\">\n\t\t\t\t\t\t<div class=\"elementor-container elementor-column-gap-default\">\n\t\t\t\t\t<div class=\"elementor-column elementor-col-100 elementor-top-column elementor-element elementor-element-5c139a8\" data-id=\"5c139a8\" data-element_type=\"column\" data-e-type=\"column\">\n\t\t\t<div class=\"elementor-widget-wrap elementor-element-populated\">\n\t\t\t\t\t\t<div class=\"elementor-element elementor-element-ed3d467 elementor-widget elementor-widget-heading\" data-id=\"ed3d467\" data-element_type=\"widget\" data-e-type=\"widget\" data-widget_type=\"heading.default\">\n\t\t\t\t<div class=\"elementor-widget-container\">\n\t\t\t\t\t<h4 class=\"elementor-heading-title elementor-size-default\">COMPROMESOS AMB EL MEDIA AMBIENT<\/h4>\t\t\t\t<\/div>\n\t\t\t\t<\/div>\n\t\t\t\t<div class=\"elementor-element elementor-element-448b734 elementor-widget elementor-widget-text-editor\" data-id=\"448b734\" data-element_type=\"widget\" data-e-type=\"widget\" data-widget_type=\"text-editor.default\">\n\t\t\t\t<div class=\"elementor-widget-container\">\n\t\t\t\t\t\t\t\t\t<p>Els recursos naturals s\u00f3n limitats, de manera que \u00e9s indispensable tenir cura a l\u2019hora d\u2019utilitzar los. Aix\u00ed doncs, seran claus totes les accions que treballin a favor de l\u2019efici\u00e8ncia i de la utilitzaci\u00f3 responsable d&#8217;aquests recursos. Viena posa el focus en aquest aspecte, i l&#8217;articula estrat\u00e8gicament des de l\u2019angle del: \u201cFer m\u00e9s amb menys\u201d.<\/p><p>En definitiva, Viena t\u00e9 el comprom\u00eds i la intenci\u00f3 de contribuir a la preservaci\u00f3 del medi ambient. M\u00e9s enll\u00e0 del compliment legislatiu obligat, se sent compromesa amb la conservaci\u00f3 de l\u2019entorn i reafirma la seva responsabilitat vers la protecci\u00f3 del medi ambient. Per aix\u00f2 la seva voluntat \u00e9s continuar treballant i millorant les seves pr\u00e0ctiques en aquest \u00e0mbit de manera continuada.<\/p>\t\t\t\t\t\t\t\t<\/div>\n\t\t\t\t<\/div>\n\t\t\t\t\t<\/div>\n\t\t<\/div>\n\t\t\t\t\t<\/div>\n\t\t<\/section>\n\t\t\t\t<\/div>\n\t\t","protected":false},"excerpt":{"rendered":"<p>Reafirmem el nostre comprom\u00eds amb la sostenibilitat instal\u00b7lant carregadors el\u00e8ctrics de 50 kW per a vehicles en els aparcaments dels nostres restaurants.  <\/p>\n","protected":false},"author":7,"featured_media":41855,"comment_status":"closed","ping_status":"closed","sticky":false,"template":"","format":"standard","meta":{"footnotes":""},"categories":[63],"class_list":["post-41813","post","type-post","status-publish","format-standard","has-post-thumbnail","hentry","category-mediambient"],"yoast_head":"<!-- This site is optimized with the Yoast SEO plugin v24.4 - https:\/\/yoast.com\/wordpress\/plugins\/seo\/ -->\n<title>Electrolineres en els nostres restaurants - Viena<\/title>\n<meta name=\"robots\" content=\"index, follow, max-snippet:-1, max-image-preview:large, max-video-preview:-1\" \/>\n<link rel=\"canonical\" href=\"https:\/\/www.viena.es\/ca\/blog\/mediambient\/electrolineres-viena\/\" \/>\n<meta property=\"og:locale\" content=\"ca_ES\" \/>\n<meta property=\"og:type\" content=\"article\" \/>\n<meta property=\"og:title\" content=\"Electrolineres en els nostres restaurants - Viena\" \/>\n<meta property=\"og:description\" content=\"Reafirmem el nostre comprom\u00eds amb la sostenibilitat instal\u00b7lant carregadors el\u00e8ctrics de 50 kW per a vehicles en els aparcaments dels nostres restaurants.\" \/>\n<meta property=\"og:url\" content=\"https:\/\/www.viena.es\/ca\/blog\/mediambient\/electrolineres-viena\/\" \/>\n<meta property=\"og:site_name\" content=\"Viena\" \/>\n<meta property=\"article:publisher\" content=\"http:\/\/www.facebook.com\/VienaSocVienes\" \/>\n<meta property=\"article:published_time\" content=\"2022-05-25T10:58:56+00:00\" \/>\n<meta property=\"article:modified_time\" content=\"2022-09-27T12:28:34+00:00\" \/>\n<meta property=\"og:image\" content=\"https:\/\/www.viena.es\/wp-content\/uploads\/2022\/05\/retall-electro.jpg\" \/>\n\t<meta property=\"og:image:width\" content=\"437\" \/>\n\t<meta property=\"og:image:height\" content=\"581\" \/>\n\t<meta property=\"og:image:type\" content=\"image\/jpeg\" \/>\n<meta name=\"author\" content=\"Mariona Castells\" \/>\n<meta name=\"twitter:card\" content=\"summary_large_image\" \/>\n<meta name=\"twitter:label1\" content=\"Escrit per\" \/>\n\t<meta name=\"twitter:data1\" content=\"Mariona Castells\" \/>\n\t<meta name=\"twitter:label2\" content=\"Temps estimat de lectura\" \/>\n\t<meta name=\"twitter:data2\" content=\"3 minuts\" \/>\n<script type=\"application\/ld+json\" class=\"yoast-schema-graph\">{\"@context\":\"https:\/\/schema.org\",\"@graph\":[{\"@type\":\"Article\",\"@id\":\"https:\/\/www.viena.es\/ca\/blog\/mediambient\/electrolineres-viena\/#article\",\"isPartOf\":{\"@id\":\"https:\/\/www.viena.es\/ca\/blog\/mediambient\/electrolineres-viena\/\"},\"author\":{\"name\":\"Mariona Castells\",\"@id\":\"https:\/\/www.viena.es\/ca\/#\/schema\/person\/98b0c0ca3b2c2c590f6dd9ef8ef51bab\"},\"headline\":\"Electrolineres en els nostres restaurants\",\"datePublished\":\"2022-05-25T10:58:56+00:00\",\"dateModified\":\"2022-09-27T12:28:34+00:00\",\"mainEntityOfPage\":{\"@id\":\"https:\/\/www.viena.es\/ca\/blog\/mediambient\/electrolineres-viena\/\"},\"wordCount\":429,\"publisher\":{\"@id\":\"https:\/\/www.viena.es\/ca\/#organization\"},\"image\":{\"@id\":\"https:\/\/www.viena.es\/ca\/blog\/mediambient\/electrolineres-viena\/#primaryimage\"},\"thumbnailUrl\":\"https:\/\/www.viena.es\/wp-content\/uploads\/2022\/05\/retall-electro.jpg\",\"articleSection\":[\"Medi Ambient\"],\"inLanguage\":\"ca\"},{\"@type\":\"WebPage\",\"@id\":\"https:\/\/www.viena.es\/ca\/blog\/mediambient\/electrolineres-viena\/\",\"url\":\"https:\/\/www.viena.es\/ca\/blog\/mediambient\/electrolineres-viena\/\",\"name\":\"Electrolineres en els nostres restaurants - Viena\",\"isPartOf\":{\"@id\":\"https:\/\/www.viena.es\/ca\/#website\"},\"primaryImageOfPage\":{\"@id\":\"https:\/\/www.viena.es\/ca\/blog\/mediambient\/electrolineres-viena\/#primaryimage\"},\"image\":{\"@id\":\"https:\/\/www.viena.es\/ca\/blog\/mediambient\/electrolineres-viena\/#primaryimage\"},\"thumbnailUrl\":\"https:\/\/www.viena.es\/wp-content\/uploads\/2022\/05\/retall-electro.jpg\",\"datePublished\":\"2022-05-25T10:58:56+00:00\",\"dateModified\":\"2022-09-27T12:28:34+00:00\",\"breadcrumb\":{\"@id\":\"https:\/\/www.viena.es\/ca\/blog\/mediambient\/electrolineres-viena\/#breadcrumb\"},\"inLanguage\":\"ca\",\"potentialAction\":[{\"@type\":\"ReadAction\",\"target\":[\"https:\/\/www.viena.es\/ca\/blog\/mediambient\/electrolineres-viena\/\"]}]},{\"@type\":\"ImageObject\",\"inLanguage\":\"ca\",\"@id\":\"https:\/\/www.viena.es\/ca\/blog\/mediambient\/electrolineres-viena\/#primaryimage\",\"url\":\"https:\/\/www.viena.es\/wp-content\/uploads\/2022\/05\/retall-electro.jpg\",\"contentUrl\":\"https:\/\/www.viena.es\/wp-content\/uploads\/2022\/05\/retall-electro.jpg\",\"width\":437,\"height\":581},{\"@type\":\"BreadcrumbList\",\"@id\":\"https:\/\/www.viena.es\/ca\/blog\/mediambient\/electrolineres-viena\/#breadcrumb\",\"itemListElement\":[{\"@type\":\"ListItem\",\"position\":1,\"name\":\"Home\",\"item\":\"https:\/\/www.viena.es\/ca\/\"},{\"@type\":\"ListItem\",\"position\":2,\"name\":\"Electrolineres en els nostres restaurants\"}]},{\"@type\":\"WebSite\",\"@id\":\"https:\/\/www.viena.es\/ca\/#website\",\"url\":\"https:\/\/www.viena.es\/ca\/\",\"name\":\"Viena\",\"description\":\"\",\"publisher\":{\"@id\":\"https:\/\/www.viena.es\/ca\/#organization\"},\"potentialAction\":[{\"@type\":\"SearchAction\",\"target\":{\"@type\":\"EntryPoint\",\"urlTemplate\":\"https:\/\/www.viena.es\/ca\/?s={search_term_string}\"},\"query-input\":{\"@type\":\"PropertyValueSpecification\",\"valueRequired\":true,\"valueName\":\"search_term_string\"}}],\"inLanguage\":\"ca\"},{\"@type\":\"Organization\",\"@id\":\"https:\/\/www.viena.es\/ca\/#organization\",\"name\":\"Viena\",\"url\":\"https:\/\/www.viena.es\/ca\/\",\"logo\":{\"@type\":\"ImageObject\",\"inLanguage\":\"ca\",\"@id\":\"https:\/\/www.viena.es\/ca\/#\/schema\/logo\/image\/\",\"url\":\"https:\/\/www.viena.es\/wp-content\/uploads\/2022\/06\/viena-logo.png\",\"contentUrl\":\"https:\/\/www.viena.es\/wp-content\/uploads\/2022\/06\/viena-logo.png\",\"width\":256,\"height\":52,\"caption\":\"Viena\"},\"image\":{\"@id\":\"https:\/\/www.viena.es\/ca\/#\/schema\/logo\/image\/\"},\"sameAs\":[\"http:\/\/www.facebook.com\/VienaSocVienes\",\"http:\/\/www.instagram.com\/Vienasocvienes\"]},{\"@type\":\"Person\",\"@id\":\"https:\/\/www.viena.es\/ca\/#\/schema\/person\/98b0c0ca3b2c2c590f6dd9ef8ef51bab\",\"name\":\"Mariona Castells\"}]}<\/script>\n<!-- \/ Yoast SEO plugin. -->","yoast_head_json":{"title":"Electrolineres en els nostres restaurants - Viena","robots":{"index":"index","follow":"follow","max-snippet":"max-snippet:-1","max-image-preview":"max-image-preview:large","max-video-preview":"max-video-preview:-1"},"canonical":"https:\/\/www.viena.es\/ca\/blog\/mediambient\/electrolineres-viena\/","og_locale":"ca_ES","og_type":"article","og_title":"Electrolineres en els nostres restaurants - Viena","og_description":"Reafirmem el nostre comprom\u00eds amb la sostenibilitat instal\u00b7lant carregadors el\u00e8ctrics de 50 kW per a vehicles en els aparcaments dels nostres restaurants.","og_url":"https:\/\/www.viena.es\/ca\/blog\/mediambient\/electrolineres-viena\/","og_site_name":"Viena","article_publisher":"http:\/\/www.facebook.com\/VienaSocVienes","article_published_time":"2022-05-25T10:58:56+00:00","article_modified_time":"2022-09-27T12:28:34+00:00","og_image":[{"width":437,"height":581,"url":"https:\/\/www.viena.es\/wp-content\/uploads\/2022\/05\/retall-electro.jpg","type":"image\/jpeg"}],"author":"Mariona Castells","twitter_card":"summary_large_image","twitter_misc":{"Escrit per":"Mariona Castells","Temps estimat de lectura":"3 minuts"},"schema":{"@context":"https:\/\/schema.org","@graph":[{"@type":"Article","@id":"https:\/\/www.viena.es\/ca\/blog\/mediambient\/electrolineres-viena\/#article","isPartOf":{"@id":"https:\/\/www.viena.es\/ca\/blog\/mediambient\/electrolineres-viena\/"},"author":{"name":"Mariona Castells","@id":"https:\/\/www.viena.es\/ca\/#\/schema\/person\/98b0c0ca3b2c2c590f6dd9ef8ef51bab"},"headline":"Electrolineres en els nostres restaurants","datePublished":"2022-05-25T10:58:56+00:00","dateModified":"2022-09-27T12:28:34+00:00","mainEntityOfPage":{"@id":"https:\/\/www.viena.es\/ca\/blog\/mediambient\/electrolineres-viena\/"},"wordCount":429,"publisher":{"@id":"https:\/\/www.viena.es\/ca\/#organization"},"image":{"@id":"https:\/\/www.viena.es\/ca\/blog\/mediambient\/electrolineres-viena\/#primaryimage"},"thumbnailUrl":"https:\/\/www.viena.es\/wp-content\/uploads\/2022\/05\/retall-electro.jpg","articleSection":["Medi Ambient"],"inLanguage":"ca"},{"@type":"WebPage","@id":"https:\/\/www.viena.es\/ca\/blog\/mediambient\/electrolineres-viena\/","url":"https:\/\/www.viena.es\/ca\/blog\/mediambient\/electrolineres-viena\/","name":"Electrolineres en els nostres restaurants - Viena","isPartOf":{"@id":"https:\/\/www.viena.es\/ca\/#website"},"primaryImageOfPage":{"@id":"https:\/\/www.viena.es\/ca\/blog\/mediambient\/electrolineres-viena\/#primaryimage"},"image":{"@id":"https:\/\/www.viena.es\/ca\/blog\/mediambient\/electrolineres-viena\/#primaryimage"},"thumbnailUrl":"https:\/\/www.viena.es\/wp-content\/uploads\/2022\/05\/retall-electro.jpg","datePublished":"2022-05-25T10:58:56+00:00","dateModified":"2022-09-27T12:28:34+00:00","breadcrumb":{"@id":"https:\/\/www.viena.es\/ca\/blog\/mediambient\/electrolineres-viena\/#breadcrumb"},"inLanguage":"ca","potentialAction":[{"@type":"ReadAction","target":["https:\/\/www.viena.es\/ca\/blog\/mediambient\/electrolineres-viena\/"]}]},{"@type":"ImageObject","inLanguage":"ca","@id":"https:\/\/www.viena.es\/ca\/blog\/mediambient\/electrolineres-viena\/#primaryimage","url":"https:\/\/www.viena.es\/wp-content\/uploads\/2022\/05\/retall-electro.jpg","contentUrl":"https:\/\/www.viena.es\/wp-content\/uploads\/2022\/05\/retall-electro.jpg","width":437,"height":581},{"@type":"BreadcrumbList","@id":"https:\/\/www.viena.es\/ca\/blog\/mediambient\/electrolineres-viena\/#breadcrumb","itemListElement":[{"@type":"ListItem","position":1,"name":"Home","item":"https:\/\/www.viena.es\/ca\/"},{"@type":"ListItem","position":2,"name":"Electrolineres en els nostres restaurants"}]},{"@type":"WebSite","@id":"https:\/\/www.viena.es\/ca\/#website","url":"https:\/\/www.viena.es\/ca\/","name":"Viena","description":"","publisher":{"@id":"https:\/\/www.viena.es\/ca\/#organization"},"potentialAction":[{"@type":"SearchAction","target":{"@type":"EntryPoint","urlTemplate":"https:\/\/www.viena.es\/ca\/?s={search_term_string}"},"query-input":{"@type":"PropertyValueSpecification","valueRequired":true,"valueName":"search_term_string"}}],"inLanguage":"ca"},{"@type":"Organization","@id":"https:\/\/www.viena.es\/ca\/#organization","name":"Viena","url":"https:\/\/www.viena.es\/ca\/","logo":{"@type":"ImageObject","inLanguage":"ca","@id":"https:\/\/www.viena.es\/ca\/#\/schema\/logo\/image\/","url":"https:\/\/www.viena.es\/wp-content\/uploads\/2022\/06\/viena-logo.png","contentUrl":"https:\/\/www.viena.es\/wp-content\/uploads\/2022\/06\/viena-logo.png","width":256,"height":52,"caption":"Viena"},"image":{"@id":"https:\/\/www.viena.es\/ca\/#\/schema\/logo\/image\/"},"sameAs":["http:\/\/www.facebook.com\/VienaSocVienes","http:\/\/www.instagram.com\/Vienasocvienes"]},{"@type":"Person","@id":"https:\/\/www.viena.es\/ca\/#\/schema\/person\/98b0c0ca3b2c2c590f6dd9ef8ef51bab","name":"Mariona Castells"}]}},"_links":{"self":[{"href":"https:\/\/www.viena.es\/ca\/wp-json\/wp\/v2\/posts\/41813","targetHints":{"allow":["GET"]}}],"collection":[{"href":"https:\/\/www.viena.es\/ca\/wp-json\/wp\/v2\/posts"}],"about":[{"href":"https:\/\/www.viena.es\/ca\/wp-json\/wp\/v2\/types\/post"}],"author":[{"embeddable":true,"href":"https:\/\/www.viena.es\/ca\/wp-json\/wp\/v2\/users\/7"}],"replies":[{"embeddable":true,"href":"https:\/\/www.viena.es\/ca\/wp-json\/wp\/v2\/comments?post=41813"}],"version-history":[{"count":58,"href":"https:\/\/www.viena.es\/ca\/wp-json\/wp\/v2\/posts\/41813\/revisions"}],"predecessor-version":[{"id":43828,"href":"https:\/\/www.viena.es\/ca\/wp-json\/wp\/v2\/posts\/41813\/revisions\/43828"}],"wp:featuredmedia":[{"embeddable":true,"href":"https:\/\/www.viena.es\/ca\/wp-json\/wp\/v2\/media\/41855"}],"wp:attachment":[{"href":"https:\/\/www.viena.es\/ca\/wp-json\/wp\/v2\/media?parent=41813"}],"wp:term":[{"taxonomy":"category","embeddable":true,"href":"https:\/\/www.viena.es\/ca\/wp-json\/wp\/v2\/categories?post=41813"}],"curies":[{"name":"wp","href":"https:\/\/api.w.org\/{rel}","templated":true}]}}