 {"id":10319,"date":"2018-11-19T08:19:00","date_gmt":"2018-11-19T06:19:00","guid":{"rendered":"https:\/\/www.viena.es\/?p=10319"},"modified":"2022-03-19T17:24:36","modified_gmt":"2022-03-19T15:24:36","slug":"centim-a-centim-fem-memoria","status":"publish","type":"post","link":"https:\/\/www.viena.es\/ca\/blog\/societat\/centim-a-centim-fem-memoria\/","title":{"rendered":"C\u00e8ntim a c\u00e8ntim, fem mem\u00f2ria"},"content":{"rendered":"\t\t<div data-elementor-type=\"wp-post\" data-elementor-id=\"10319\" class=\"elementor elementor-10319\">\n\t\t\t\t\t\t<section class=\"elementor-section elementor-top-section elementor-element elementor-element-ac1ae6a elementor-section-boxed elementor-section-height-default elementor-section-height-default\" data-id=\"ac1ae6a\" data-element_type=\"section\" data-e-type=\"section\">\n\t\t\t\t\t\t<div class=\"elementor-container elementor-column-gap-default\">\n\t\t\t\t\t<div class=\"elementor-column elementor-col-100 elementor-top-column elementor-element elementor-element-dc8cdae\" data-id=\"dc8cdae\" data-element_type=\"column\" data-e-type=\"column\">\n\t\t\t<div class=\"elementor-widget-wrap elementor-element-populated\">\n\t\t\t\t\t\t<div class=\"elementor-element elementor-element-f55ead4 elementor-widget elementor-widget-image\" data-id=\"f55ead4\" data-element_type=\"widget\" data-e-type=\"widget\" data-widget_type=\"image.default\">\n\t\t\t\t<div class=\"elementor-widget-container\">\n\t\t\t\t\t\t\t\t\t\t\t\t\t\t\t<img fetchpriority=\"high\" decoding=\"async\" width=\"1200\" height=\"700\" src=\"https:\/\/www.viena.es\/wp-content\/uploads\/2018\/11\/viena-nadal18-worldcoo-principal-1200x700-1.jpg\" class=\"attachment-large size-large wp-image-10619 img-fluid \" alt=\"\" srcset=\"https:\/\/www.viena.es\/wp-content\/uploads\/2018\/11\/viena-nadal18-worldcoo-principal-1200x700-1.jpg 1200w, https:\/\/www.viena.es\/wp-content\/uploads\/2018\/11\/viena-nadal18-worldcoo-principal-1200x700-1-768x448.jpg 768w\" sizes=\"(max-width: 1200px) 100vw, 1200px\" \/>\t\t\t\t\t\t\t\t\t\t\t\t\t\t\t<\/div>\n\t\t\t\t<\/div>\n\t\t\t\t\t<\/div>\n\t\t<\/div>\n\t\t\t\t\t<\/div>\n\t\t<\/section>\n\t\t\t\t<section class=\"elementor-section elementor-top-section elementor-element elementor-element-edc7a23 elementor-section-boxed elementor-section-height-default elementor-section-height-default\" data-id=\"edc7a23\" data-element_type=\"section\" data-e-type=\"section\">\n\t\t\t\t\t\t<div class=\"elementor-container elementor-column-gap-default\">\n\t\t\t\t\t<div class=\"elementor-column elementor-col-33 elementor-top-column elementor-element elementor-element-9261952\" data-id=\"9261952\" data-element_type=\"column\" data-e-type=\"column\">\n\t\t\t<div class=\"elementor-widget-wrap\">\n\t\t\t\t\t\t\t<\/div>\n\t\t<\/div>\n\t\t\t\t<div class=\"elementor-column elementor-col-33 elementor-top-column elementor-element elementor-element-c69a137\" data-id=\"c69a137\" data-element_type=\"column\" data-e-type=\"column\">\n\t\t\t<div class=\"elementor-widget-wrap elementor-element-populated\">\n\t\t\t\t\t\t<div class=\"elementor-element elementor-element-eaf94f1 elementor-widget elementor-widget-heading\" data-id=\"eaf94f1\" data-element_type=\"widget\" data-e-type=\"widget\" data-widget_type=\"heading.default\">\n\t\t\t\t<div class=\"elementor-widget-container\">\n\t\t\t\t\t<h5 class=\"elementor-heading-title elementor-size-default\">SOCIETAT<\/h5>\t\t\t\t<\/div>\n\t\t\t\t<\/div>\n\t\t\t\t<div class=\"elementor-element elementor-element-4710082 elementor-widget elementor-widget-heading\" data-id=\"4710082\" data-element_type=\"widget\" data-e-type=\"widget\" data-widget_type=\"heading.default\">\n\t\t\t\t<div class=\"elementor-widget-container\">\n\t\t\t\t\t<h2 class=\"elementor-heading-title elementor-size-default\">C\u00c8NTIM A C\u00c8NTIM, FEM MEM\u00d2RIA<\/h2>\t\t\t\t<\/div>\n\t\t\t\t<\/div>\n\t\t\t\t<div class=\"elementor-element elementor-element-3ef6057 elementor-widget elementor-widget-text-editor\" data-id=\"3ef6057\" data-element_type=\"widget\" data-e-type=\"widget\" data-widget_type=\"text-editor.default\">\n\t\t\t\t<div class=\"elementor-widget-container\">\n\t\t\t\t\t\t\t\t\t<h5><strong>Viena impulsa una nova iniciativa solid\u00e0ria amb la col\u00b7laboraci\u00f3 de la Fundaci\u00f3 Pasqual Maragall.<\/strong><\/h5>\t\t\t\t\t\t\t\t<\/div>\n\t\t\t\t<\/div>\n\t\t\t\t\t<\/div>\n\t\t<\/div>\n\t\t\t\t<div class=\"elementor-column elementor-col-33 elementor-top-column elementor-element elementor-element-2b35e2a\" data-id=\"2b35e2a\" data-element_type=\"column\" data-e-type=\"column\">\n\t\t\t<div class=\"elementor-widget-wrap\">\n\t\t\t\t\t\t\t<\/div>\n\t\t<\/div>\n\t\t\t\t\t<\/div>\n\t\t<\/section>\n\t\t\t\t<section class=\"elementor-section elementor-top-section elementor-element elementor-element-15cab4d elementor-section-boxed elementor-section-height-default elementor-section-height-default\" data-id=\"15cab4d\" data-element_type=\"section\" data-e-type=\"section\">\n\t\t\t\t\t\t<div class=\"elementor-container elementor-column-gap-default\">\n\t\t\t\t\t<div class=\"elementor-column elementor-col-16 elementor-top-column elementor-element elementor-element-296424d\" data-id=\"296424d\" data-element_type=\"column\" data-e-type=\"column\">\n\t\t\t<div class=\"elementor-widget-wrap\">\n\t\t\t\t\t\t\t<\/div>\n\t\t<\/div>\n\t\t\t\t<div class=\"elementor-column elementor-col-66 elementor-top-column elementor-element elementor-element-e7bc05b\" data-id=\"e7bc05b\" data-element_type=\"column\" data-e-type=\"column\">\n\t\t\t<div class=\"elementor-widget-wrap elementor-element-populated\">\n\t\t\t\t\t\t<div class=\"elementor-element elementor-element-1e2fe1a elementor-widget elementor-widget-text-editor\" data-id=\"1e2fe1a\" data-element_type=\"widget\" data-e-type=\"widget\" data-widget_type=\"text-editor.default\">\n\t\t\t\t<div class=\"elementor-widget-container\">\n\t\t\t\t\t\t\t\t\t<p>C\u00e8ntim a c\u00e8ntim, els vienesos col\u00b7laboren en la recaptaci\u00f3 de fons per a un futur sense Alzheimer. Es tracta d\u2019una petita aportaci\u00f3 de tots destinada a la investigaci\u00f3 per v\u00e8ncer aquesta malaltia. Una malaltia que, a hores d\u2019ara, afecta m\u00e9s de 46 milions de persones a tot el m\u00f3n.<\/p>\t\t\t\t\t\t\t\t<\/div>\n\t\t\t\t<\/div>\n\t\t\t\t<div class=\"elementor-element elementor-element-806efef elementor-widget-divider--view-line elementor-widget elementor-widget-divider\" data-id=\"806efef\" data-element_type=\"widget\" data-e-type=\"widget\" data-widget_type=\"divider.default\">\n\t\t\t\t<div class=\"elementor-widget-container\">\n\t\t\t\t\t\t\t<div class=\"elementor-divider\">\n\t\t\t<span class=\"elementor-divider-separator\">\n\t\t\t\t\t\t<\/span>\n\t\t<\/div>\n\t\t\t\t\t\t<\/div>\n\t\t\t\t<\/div>\n\t\t\t\t<div class=\"elementor-element elementor-element-d0845a9 elementor-widget elementor-widget-text-editor\" data-id=\"d0845a9\" data-element_type=\"widget\" data-e-type=\"widget\" data-widget_type=\"text-editor.default\">\n\t\t\t\t<div class=\"elementor-widget-container\">\n\t\t\t\t\t\t\t\t\t<p>L\u2019import recaptat en aquesta iniciativa es destinar\u00e0, \u00edntegrament, a la nova\u00a0<strong>Unitat de Recerca Cl\u00ednica en Prevenci\u00f3 de la Dem\u00e8ncia<\/strong>, impulsada per\u00a0<strong>Barcelona\u03b2eta Brain Research Center (BBRC)<\/strong>, el centre d\u2019investigaci\u00f3 de la\u00a0<strong>Fundaci\u00f3 Pasqual Maragall<\/strong>, que estudia el risc de desenvolupar dem\u00e8ncia a cinc anys vista en persones amb un risc accentuat de patir la malaltia. Aix\u00ed mateix, analitzar\u00e0 si revelar aquesta informaci\u00f3 genera un impacte emocional en els participants i s\u2019oferir\u00e0 un pla d\u2019acci\u00f3 que disposar\u00e0 de consells de prevenci\u00f3 prim\u00e0ria per reduir els factors de risc modificables de la malaltia, i que oferir\u00e0 la seva participaci\u00f3 en estudis espec\u00edfics de detecci\u00f3 i prevenci\u00f3 de la malaltia d\u2019Alzheimer.<\/p>\t\t\t\t\t\t\t\t<\/div>\n\t\t\t\t<\/div>\n\t\t\t\t<div class=\"elementor-element elementor-element-be27a86 elementor-widget elementor-widget-text-editor\" data-id=\"be27a86\" data-element_type=\"widget\" data-e-type=\"widget\" data-widget_type=\"text-editor.default\">\n\t\t\t\t<div class=\"elementor-widget-container\">\n\t\t\t\t\t\t\t\t\t<p>Totes les aportacions es destinaran a la investigaci\u00f3 per v\u00e8ncer l\u2019Alzheimer.<\/p>\t\t\t\t\t\t\t\t<\/div>\n\t\t\t\t<\/div>\n\t\t\t\t<div class=\"elementor-element elementor-element-5429c0a elementor-widget elementor-widget-text-editor\" data-id=\"5429c0a\" data-element_type=\"widget\" data-e-type=\"widget\" data-widget_type=\"text-editor.default\">\n\t\t\t\t<div class=\"elementor-widget-container\">\n\t\t\t\t\t\t\t\t\t<p><span style=\"font-size: 1rem;\">La Fundaci\u00f3 t\u00e9 com a principis el\u00a0<\/span><strong style=\"font-size: 1rem;\">respecte<\/strong><span style=\"font-size: 1rem;\">,la<\/span><strong style=\"font-size: 1rem;\">\u00a0integritat\u00a0<\/strong><span style=\"font-size: 1rem;\">ila<\/span><strong style=\"font-size: 1rem;\">\u00a0transpar\u00e8ncia<\/strong><span style=\"font-size: 1rem;\">; valors que tamb\u00e9 compartim al Viena. Petits gestos quotidians poden significar grans canvis; perqu\u00e8 al Viena som dels que creiem fermament que, amb el nostre esfor\u00e7 i comprom\u00eds diaris, podem ajudar a deixar un m\u00f3n m\u00e9s bell a les generacions que vindran.<\/span><\/p>\t\t\t\t\t\t\t\t<\/div>\n\t\t\t\t<\/div>\n\t\t\t\t\t<\/div>\n\t\t<\/div>\n\t\t\t\t<div class=\"elementor-column elementor-col-16 elementor-top-column elementor-element elementor-element-7eef605\" data-id=\"7eef605\" data-element_type=\"column\" data-e-type=\"column\">\n\t\t\t<div class=\"elementor-widget-wrap\">\n\t\t\t\t\t\t\t<\/div>\n\t\t<\/div>\n\t\t\t\t\t<\/div>\n\t\t<\/section>\n\t\t\t\t<section class=\"elementor-section elementor-top-section elementor-element elementor-element-98095a5 elementor-section-boxed elementor-section-height-default elementor-section-height-default\" data-id=\"98095a5\" data-element_type=\"section\" data-e-type=\"section\">\n\t\t\t\t\t\t<div class=\"elementor-container elementor-column-gap-default\">\n\t\t\t\t\t<div class=\"elementor-column elementor-col-50 elementor-top-column elementor-element elementor-element-ac28ce3\" data-id=\"ac28ce3\" data-element_type=\"column\" data-e-type=\"column\">\n\t\t\t<div class=\"elementor-widget-wrap elementor-element-populated\">\n\t\t\t\t\t\t<div class=\"elementor-element elementor-element-96cdafc elementor-widget elementor-widget-image\" data-id=\"96cdafc\" data-element_type=\"widget\" data-e-type=\"widget\" data-widget_type=\"image.default\">\n\t\t\t\t<div class=\"elementor-widget-container\">\n\t\t\t\t\t\t\t\t\t\t\t\t\t\t\t<img decoding=\"async\" width=\"1200\" height=\"800\" src=\"https:\/\/www.viena.es\/wp-content\/uploads\/2018\/11\/MG_5168-1200x800.jpg\" class=\"attachment-large size-large wp-image-14771 img-fluid \" alt=\"\" srcset=\"https:\/\/www.viena.es\/wp-content\/uploads\/2018\/11\/MG_5168-1200x800.jpg 1200w, https:\/\/www.viena.es\/wp-content\/uploads\/2018\/11\/MG_5168-768x512.jpg 768w, https:\/\/www.viena.es\/wp-content\/uploads\/2018\/11\/MG_5168-1536x1024.jpg 1536w, https:\/\/www.viena.es\/wp-content\/uploads\/2018\/11\/MG_5168-2048x1366.jpg 2048w\" sizes=\"(max-width: 1200px) 100vw, 1200px\" \/>\t\t\t\t\t\t\t\t\t\t\t\t\t\t\t<\/div>\n\t\t\t\t<\/div>\n\t\t\t\t\t<\/div>\n\t\t<\/div>\n\t\t\t\t<div class=\"elementor-column elementor-col-50 elementor-top-column elementor-element elementor-element-f104778\" data-id=\"f104778\" data-element_type=\"column\" data-e-type=\"column\">\n\t\t\t<div class=\"elementor-widget-wrap elementor-element-populated\">\n\t\t\t\t\t\t<div class=\"elementor-element elementor-element-3f39929 elementor-widget elementor-widget-image\" data-id=\"3f39929\" data-element_type=\"widget\" data-e-type=\"widget\" data-widget_type=\"image.default\">\n\t\t\t\t<div class=\"elementor-widget-container\">\n\t\t\t\t\t\t\t\t\t\t\t\t\t\t\t<img decoding=\"async\" width=\"1200\" height=\"800\" src=\"https:\/\/www.viena.es\/wp-content\/uploads\/2018\/11\/MG_5123-1200x800.jpg\" class=\"attachment-large size-large wp-image-14777 img-fluid \" alt=\"\" srcset=\"https:\/\/www.viena.es\/wp-content\/uploads\/2018\/11\/MG_5123-1200x800.jpg 1200w, https:\/\/www.viena.es\/wp-content\/uploads\/2018\/11\/MG_5123-768x512.jpg 768w, https:\/\/www.viena.es\/wp-content\/uploads\/2018\/11\/MG_5123-1536x1024.jpg 1536w, https:\/\/www.viena.es\/wp-content\/uploads\/2018\/11\/MG_5123-2048x1365.jpg 2048w\" sizes=\"(max-width: 1200px) 100vw, 1200px\" \/>\t\t\t\t\t\t\t\t\t\t\t\t\t\t\t<\/div>\n\t\t\t\t<\/div>\n\t\t\t\t\t<\/div>\n\t\t<\/div>\n\t\t\t\t\t<\/div>\n\t\t<\/section>\n\t\t\t\t<section class=\"elementor-section elementor-top-section elementor-element elementor-element-e0bfae6 elementor-section-boxed elementor-section-height-default elementor-section-height-default\" data-id=\"e0bfae6\" data-element_type=\"section\" data-e-type=\"section\">\n\t\t\t\t\t\t<div class=\"elementor-container elementor-column-gap-default\">\n\t\t\t\t\t<div class=\"elementor-column elementor-col-16 elementor-top-column elementor-element elementor-element-590ecf4\" data-id=\"590ecf4\" data-element_type=\"column\" data-e-type=\"column\">\n\t\t\t<div class=\"elementor-widget-wrap\">\n\t\t\t\t\t\t\t<\/div>\n\t\t<\/div>\n\t\t\t\t<div class=\"elementor-column elementor-col-66 elementor-top-column elementor-element elementor-element-b44cd61\" data-id=\"b44cd61\" data-element_type=\"column\" data-e-type=\"column\">\n\t\t\t<div class=\"elementor-widget-wrap elementor-element-populated\">\n\t\t\t\t\t\t<div class=\"elementor-element elementor-element-a7f4129 elementor-widget elementor-widget-text-editor\" data-id=\"a7f4129\" data-element_type=\"widget\" data-e-type=\"widget\" data-widget_type=\"text-editor.default\">\n\t\t\t\t<div class=\"elementor-widget-container\">\n\t\t\t\t\t\t\t\t\t<p>Som la primera empresa de restauraci\u00f3 que aposta per l\u2019<strong>arrodoniment solidari<\/strong>, gr\u00e0cies a\u00a0<strong>Worldcoo<\/strong>, l\u2019start-up catalana que integra les ONG, les empreses i els ciutadans per a la cooperaci\u00f3. Ells van idear aquesta nova forma de donar de manera col\u00b7lectiva a trav\u00e9s dels petits gestos de cadasc\u00fa.<\/p>\t\t\t\t\t\t\t\t<\/div>\n\t\t\t\t<\/div>\n\t\t\t\t\t<\/div>\n\t\t<\/div>\n\t\t\t\t<div class=\"elementor-column elementor-col-16 elementor-top-column elementor-element elementor-element-bc58c75\" data-id=\"bc58c75\" data-element_type=\"column\" data-e-type=\"column\">\n\t\t\t<div class=\"elementor-widget-wrap\">\n\t\t\t\t\t\t\t<\/div>\n\t\t<\/div>\n\t\t\t\t\t<\/div>\n\t\t<\/section>\n\t\t\t\t<section class=\"elementor-section elementor-top-section elementor-element elementor-element-cba7103 elementor-section-boxed elementor-section-height-default elementor-section-height-default\" data-id=\"cba7103\" data-element_type=\"section\" data-e-type=\"section\">\n\t\t\t\t\t\t<div class=\"elementor-container elementor-column-gap-default\">\n\t\t\t\t\t<div class=\"elementor-column elementor-col-33 elementor-top-column elementor-element elementor-element-016244d\" data-id=\"016244d\" data-element_type=\"column\" data-e-type=\"column\">\n\t\t\t<div class=\"elementor-widget-wrap elementor-element-populated\">\n\t\t\t\t\t\t<div class=\"elementor-element elementor-element-b325f2f elementor-widget elementor-widget-text-editor\" data-id=\"b325f2f\" data-element_type=\"widget\" data-e-type=\"widget\" data-widget_type=\"text-editor.default\">\n\t\t\t\t<div class=\"elementor-widget-container\">\n\t\t\t\t\t\t\t\t\t<p><span style=\"font-size: 1rem;\">La iniciativa es posa en marxa als establiments de Catalunya i Val\u00e8ncia per a tots els clients que paguen amb targeta. Tamb\u00e9 es poden fer a trav\u00e9s de la\u00a0<\/span><a style=\"font-size: 1rem;\" href=\"https:\/\/viena.worldcoo.com\/ca\/\">web<\/a><span style=\"font-size: 1rem;\">, on veureu la suma total de recaptacions.\u00a0<\/span><strong style=\"font-size: 1rem;\">Perqu\u00e8 c\u00e8ntim a c\u00e8ntim, anem sumant i fem mem\u00f2ria<\/strong><span style=\"font-size: 1rem;\">.<\/span><\/p>\t\t\t\t\t\t\t\t<\/div>\n\t\t\t\t<\/div>\n\t\t\t\t\t<\/div>\n\t\t<\/div>\n\t\t\t\t<div class=\"elementor-column elementor-col-66 elementor-top-column elementor-element elementor-element-6bb0abb\" data-id=\"6bb0abb\" data-element_type=\"column\" data-e-type=\"column\">\n\t\t\t<div class=\"elementor-widget-wrap elementor-element-populated\">\n\t\t\t\t\t\t<div class=\"elementor-element elementor-element-12172fd elementor-widget elementor-widget-image\" data-id=\"12172fd\" data-element_type=\"widget\" data-e-type=\"widget\" data-widget_type=\"image.default\">\n\t\t\t\t<div class=\"elementor-widget-container\">\n\t\t\t\t\t\t\t\t\t\t\t\t\t\t\t<img loading=\"lazy\" decoding=\"async\" width=\"1200\" height=\"800\" src=\"https:\/\/www.viena.es\/wp-content\/uploads\/2018\/11\/MG_5095-1200x800.jpg\" class=\"attachment-large size-large wp-image-14774 img-fluid \" alt=\"\" srcset=\"https:\/\/www.viena.es\/wp-content\/uploads\/2018\/11\/MG_5095-1200x800.jpg 1200w, https:\/\/www.viena.es\/wp-content\/uploads\/2018\/11\/MG_5095-768x512.jpg 768w, https:\/\/www.viena.es\/wp-content\/uploads\/2018\/11\/MG_5095-1536x1024.jpg 1536w, https:\/\/www.viena.es\/wp-content\/uploads\/2018\/11\/MG_5095-2048x1365.jpg 2048w\" sizes=\"(max-width: 1200px) 100vw, 1200px\" \/>\t\t\t\t\t\t\t\t\t\t\t\t\t\t\t<\/div>\n\t\t\t\t<\/div>\n\t\t\t\t<div class=\"elementor-element elementor-element-10aba39 elementor-widget elementor-widget-spacer\" data-id=\"10aba39\" data-element_type=\"widget\" data-e-type=\"widget\" data-widget_type=\"spacer.default\">\n\t\t\t\t<div class=\"elementor-widget-container\">\n\t\t\t\t\t\t\t<div class=\"elementor-spacer\">\n\t\t\t<div class=\"elementor-spacer-inner\"><\/div>\n\t\t<\/div>\n\t\t\t\t\t\t<\/div>\n\t\t\t\t<\/div>\n\t\t\t\t\t<\/div>\n\t\t<\/div>\n\t\t\t\t\t<\/div>\n\t\t<\/section>\n\t\t\t\t<section class=\"elementor-section elementor-top-section elementor-element elementor-element-ca36669 elementor-section-stretched elementor-section-boxed elementor-section-height-default elementor-section-height-default\" data-id=\"ca36669\" data-element_type=\"section\" data-e-type=\"section\" data-settings=\"{&quot;stretch_section&quot;:&quot;section-stretched&quot;,&quot;background_background&quot;:&quot;classic&quot;,&quot;shape_divider_top&quot;:&quot;opacity-tilt&quot;}\">\n\t\t\t\t\t<div class=\"elementor-shape elementor-shape-top\" aria-hidden=\"true\" data-negative=\"false\">\n\t\t\t<svg xmlns=\"http:\/\/www.w3.org\/2000\/svg\" viewBox=\"0 0 2600 131.1\" preserveAspectRatio=\"none\">\n\t<path class=\"elementor-shape-fill\" d=\"M0 0L2600 0 2600 69.1 0 0z\"\/>\n\t<path class=\"elementor-shape-fill\" style=\"opacity:0.5\" d=\"M0 0L2600 0 2600 69.1 0 69.1z\"\/>\n\t<path class=\"elementor-shape-fill\" style=\"opacity:0.25\" d=\"M2600 0L0 0 0 130.1 2600 69.1z\"\/>\n<\/svg>\t\t<\/div>\n\t\t\t\t\t<div class=\"elementor-container elementor-column-gap-default\">\n\t\t\t\t\t<div class=\"elementor-column elementor-col-100 elementor-top-column elementor-element elementor-element-1ad733e\" data-id=\"1ad733e\" data-element_type=\"column\" data-e-type=\"column\">\n\t\t\t<div class=\"elementor-widget-wrap elementor-element-populated\">\n\t\t\t\t\t\t<div class=\"elementor-element elementor-element-887606b elementor-widget elementor-widget-heading\" data-id=\"887606b\" data-element_type=\"widget\" data-e-type=\"widget\" data-widget_type=\"heading.default\">\n\t\t\t\t<div class=\"elementor-widget-container\">\n\t\t\t\t\t<h3 class=\"elementor-heading-title elementor-size-default\">COM PUC ARRODONIR LA MEVA COMANDA?<br>\u00c9s tan f\u00e0cil com dir \u00abs\u00ed\u00bb.<\/h3>\t\t\t\t<\/div>\n\t\t\t\t<\/div>\n\t\t\t\t\t<\/div>\n\t\t<\/div>\n\t\t\t\t\t<\/div>\n\t\t<\/section>\n\t\t\t\t<section class=\"elementor-section elementor-top-section elementor-element elementor-element-84169de elementor-section-boxed elementor-section-height-default elementor-section-height-default\" data-id=\"84169de\" data-element_type=\"section\" data-e-type=\"section\">\n\t\t\t\t\t\t<div class=\"elementor-container elementor-column-gap-default\">\n\t\t\t\t\t<div class=\"elementor-column elementor-col-25 elementor-top-column elementor-element elementor-element-9888dbc\" data-id=\"9888dbc\" data-element_type=\"column\" data-e-type=\"column\">\n\t\t\t<div class=\"elementor-widget-wrap\">\n\t\t\t\t\t\t\t<\/div>\n\t\t<\/div>\n\t\t\t\t<div class=\"elementor-column elementor-col-50 elementor-top-column elementor-element elementor-element-36671a5\" data-id=\"36671a5\" data-element_type=\"column\" data-e-type=\"column\">\n\t\t\t<div class=\"elementor-widget-wrap elementor-element-populated\">\n\t\t\t\t\t\t<div class=\"elementor-element elementor-element-ca930ec elementor-widget elementor-widget-spacer\" data-id=\"ca930ec\" data-element_type=\"widget\" data-e-type=\"widget\" data-widget_type=\"spacer.default\">\n\t\t\t\t<div class=\"elementor-widget-container\">\n\t\t\t\t\t\t\t<div class=\"elementor-spacer\">\n\t\t\t<div class=\"elementor-spacer-inner\"><\/div>\n\t\t<\/div>\n\t\t\t\t\t\t<\/div>\n\t\t\t\t<\/div>\n\t\t\t\t<div class=\"elementor-element elementor-element-d688345 elementor-widget elementor-widget-text-editor\" data-id=\"d688345\" data-element_type=\"widget\" data-e-type=\"widget\" data-widget_type=\"text-editor.default\">\n\t\t\t\t<div class=\"elementor-widget-container\">\n\t\t\t\t\t\t\t\t\t<p>1. Fes la teva comanda a caixa.<\/p><p>2. Digues que pagues amb targeta.<\/p><p>3. Clica \u00abs\u00ed\u00bb a la pantalla del dat\u00e0fon quan et demani si vols arrodonir la teva comanda.<\/p><p>4. Paga amb normalitat.<\/p>\t\t\t\t\t\t\t\t<\/div>\n\t\t\t\t<\/div>\n\t\t\t\t<div class=\"elementor-element elementor-element-dd3e9d8 elementor-widget-divider--view-line elementor-widget elementor-widget-divider\" data-id=\"dd3e9d8\" data-element_type=\"widget\" data-e-type=\"widget\" data-widget_type=\"divider.default\">\n\t\t\t\t<div class=\"elementor-widget-container\">\n\t\t\t\t\t\t\t<div class=\"elementor-divider\">\n\t\t\t<span class=\"elementor-divider-separator\">\n\t\t\t\t\t\t<\/span>\n\t\t<\/div>\n\t\t\t\t\t\t<\/div>\n\t\t\t\t<\/div>\n\t\t\t\t<div class=\"elementor-element elementor-element-4805868 elementor-widget elementor-widget-text-editor\" data-id=\"4805868\" data-element_type=\"widget\" data-e-type=\"widget\" data-widget_type=\"text-editor.default\">\n\t\t\t\t<div class=\"elementor-widget-container\">\n\t\t\t\t\t\t\t\t\t<p><strong>Portem a terme aquesta iniciativa amb la col\u00b7laboraci\u00f3 de:<\/strong><\/p>\t\t\t\t\t\t\t\t<\/div>\n\t\t\t\t<\/div>\n\t\t\t\t<div class=\"elementor-element elementor-element-a544406 elementor-widget elementor-widget-image\" data-id=\"a544406\" data-element_type=\"widget\" data-e-type=\"widget\" data-widget_type=\"image.default\">\n\t\t\t\t<div class=\"elementor-widget-container\">\n\t\t\t\t\t\t\t\t\t\t\t\t\t\t\t<img loading=\"lazy\" decoding=\"async\" width=\"768\" height=\"450\" src=\"https:\/\/www.viena.es\/wp-content\/uploads\/2018\/11\/viena-nadal18-logo-fundacio-worldcoo-cat-768x450-768x450-1.png\" class=\"attachment-medium size-medium wp-image-10616 img-fluid \" alt=\"\" \/>\t\t\t\t\t\t\t\t\t\t\t\t\t\t\t<\/div>\n\t\t\t\t<\/div>\n\t\t\t\t\t<\/div>\n\t\t<\/div>\n\t\t\t\t<div class=\"elementor-column elementor-col-25 elementor-top-column elementor-element elementor-element-b5b798b\" data-id=\"b5b798b\" data-element_type=\"column\" data-e-type=\"column\">\n\t\t\t<div class=\"elementor-widget-wrap\">\n\t\t\t\t\t\t\t<\/div>\n\t\t<\/div>\n\t\t\t\t\t<\/div>\n\t\t<\/section>\n\t\t\t\t<\/div>\n\t\t","protected":false},"excerpt":{"rendered":"<p>C\u00e8ntim a c\u00e8ntim, els vienesos col\u00b7laboren en la recaptaci\u00f3 de fons per a un futur sense Alzheimer.<\/p>\n","protected":false},"author":1,"featured_media":26337,"comment_status":"closed","ping_status":"closed","sticky":false,"template":"","format":"standard","meta":{"footnotes":""},"categories":[65],"class_list":["post-10319","post","type-post","status-publish","format-standard","has-post-thumbnail","hentry","category-societat"],"yoast_head":"<!-- This site is optimized with the Yoast SEO plugin v24.4 - https:\/\/yoast.com\/wordpress\/plugins\/seo\/ -->\n<title>C\u00e8ntim a c\u00e8ntim, fem mem\u00f2ria - Viena<\/title>\n<meta name=\"robots\" content=\"index, follow, max-snippet:-1, max-image-preview:large, max-video-preview:-1\" \/>\n<link rel=\"canonical\" href=\"https:\/\/www.viena.es\/ca\/blog\/societat\/centim-a-centim-fem-memoria\/\" \/>\n<meta property=\"og:locale\" content=\"ca_ES\" \/>\n<meta property=\"og:type\" content=\"article\" \/>\n<meta property=\"og:title\" content=\"C\u00e8ntim a c\u00e8ntim, fem mem\u00f2ria - Viena\" \/>\n<meta property=\"og:description\" content=\"C\u00e8ntim a c\u00e8ntim, els vienesos col\u00b7laboren en la recaptaci\u00f3 de fons per a un futur sense Alzheimer.\" \/>\n<meta property=\"og:url\" content=\"https:\/\/www.viena.es\/ca\/blog\/societat\/centim-a-centim-fem-memoria\/\" \/>\n<meta property=\"og:site_name\" content=\"Viena\" \/>\n<meta property=\"article:publisher\" content=\"http:\/\/www.facebook.com\/VienaSocVienes\" \/>\n<meta property=\"article:published_time\" content=\"2018-11-19T06:19:00+00:00\" \/>\n<meta property=\"article:modified_time\" content=\"2022-03-19T15:24:36+00:00\" \/>\n<meta property=\"og:image\" content=\"https:\/\/www.viena.es\/wp-content\/uploads\/2022\/02\/fpmBlog.jpg\" \/>\n\t<meta property=\"og:image:width\" content=\"768\" \/>\n\t<meta property=\"og:image:height\" content=\"768\" \/>\n\t<meta property=\"og:image:type\" content=\"image\/jpeg\" \/>\n<meta name=\"author\" content=\"jordi\" \/>\n<meta name=\"twitter:card\" content=\"summary_large_image\" \/>\n<meta name=\"twitter:label1\" content=\"Escrit per\" \/>\n\t<meta name=\"twitter:data1\" content=\"jordi\" \/>\n\t<meta name=\"twitter:label2\" content=\"Temps estimat de lectura\" \/>\n\t<meta name=\"twitter:data2\" content=\"2 minuts\" \/>\n<script type=\"application\/ld+json\" class=\"yoast-schema-graph\">{\"@context\":\"https:\/\/schema.org\",\"@graph\":[{\"@type\":\"Article\",\"@id\":\"https:\/\/www.viena.es\/ca\/blog\/societat\/centim-a-centim-fem-memoria\/#article\",\"isPartOf\":{\"@id\":\"https:\/\/www.viena.es\/ca\/blog\/societat\/centim-a-centim-fem-memoria\/\"},\"author\":{\"name\":\"jordi\",\"@id\":\"https:\/\/www.viena.es\/ca\/#\/schema\/person\/bde8bba76a5c238d17a57ba546c0fb31\"},\"headline\":\"C\u00e8ntim a c\u00e8ntim, fem mem\u00f2ria\",\"datePublished\":\"2018-11-19T06:19:00+00:00\",\"dateModified\":\"2022-03-19T15:24:36+00:00\",\"mainEntityOfPage\":{\"@id\":\"https:\/\/www.viena.es\/ca\/blog\/societat\/centim-a-centim-fem-memoria\/\"},\"wordCount\":447,\"publisher\":{\"@id\":\"https:\/\/www.viena.es\/ca\/#organization\"},\"image\":{\"@id\":\"https:\/\/www.viena.es\/ca\/blog\/societat\/centim-a-centim-fem-memoria\/#primaryimage\"},\"thumbnailUrl\":\"https:\/\/www.viena.es\/wp-content\/uploads\/2022\/02\/fpmBlog.jpg\",\"articleSection\":[\"Societat\"],\"inLanguage\":\"ca\"},{\"@type\":\"WebPage\",\"@id\":\"https:\/\/www.viena.es\/ca\/blog\/societat\/centim-a-centim-fem-memoria\/\",\"url\":\"https:\/\/www.viena.es\/ca\/blog\/societat\/centim-a-centim-fem-memoria\/\",\"name\":\"C\u00e8ntim a c\u00e8ntim, fem mem\u00f2ria - Viena\",\"isPartOf\":{\"@id\":\"https:\/\/www.viena.es\/ca\/#website\"},\"primaryImageOfPage\":{\"@id\":\"https:\/\/www.viena.es\/ca\/blog\/societat\/centim-a-centim-fem-memoria\/#primaryimage\"},\"image\":{\"@id\":\"https:\/\/www.viena.es\/ca\/blog\/societat\/centim-a-centim-fem-memoria\/#primaryimage\"},\"thumbnailUrl\":\"https:\/\/www.viena.es\/wp-content\/uploads\/2022\/02\/fpmBlog.jpg\",\"datePublished\":\"2018-11-19T06:19:00+00:00\",\"dateModified\":\"2022-03-19T15:24:36+00:00\",\"breadcrumb\":{\"@id\":\"https:\/\/www.viena.es\/ca\/blog\/societat\/centim-a-centim-fem-memoria\/#breadcrumb\"},\"inLanguage\":\"ca\",\"potentialAction\":[{\"@type\":\"ReadAction\",\"target\":[\"https:\/\/www.viena.es\/ca\/blog\/societat\/centim-a-centim-fem-memoria\/\"]}]},{\"@type\":\"ImageObject\",\"inLanguage\":\"ca\",\"@id\":\"https:\/\/www.viena.es\/ca\/blog\/societat\/centim-a-centim-fem-memoria\/#primaryimage\",\"url\":\"https:\/\/www.viena.es\/wp-content\/uploads\/2022\/02\/fpmBlog.jpg\",\"contentUrl\":\"https:\/\/www.viena.es\/wp-content\/uploads\/2022\/02\/fpmBlog.jpg\",\"width\":768,\"height\":768},{\"@type\":\"BreadcrumbList\",\"@id\":\"https:\/\/www.viena.es\/ca\/blog\/societat\/centim-a-centim-fem-memoria\/#breadcrumb\",\"itemListElement\":[{\"@type\":\"ListItem\",\"position\":1,\"name\":\"Home\",\"item\":\"https:\/\/www.viena.es\/ca\/\"},{\"@type\":\"ListItem\",\"position\":2,\"name\":\"C\u00e8ntim a c\u00e8ntim, fem mem\u00f2ria\"}]},{\"@type\":\"WebSite\",\"@id\":\"https:\/\/www.viena.es\/ca\/#website\",\"url\":\"https:\/\/www.viena.es\/ca\/\",\"name\":\"Viena\",\"description\":\"\",\"publisher\":{\"@id\":\"https:\/\/www.viena.es\/ca\/#organization\"},\"potentialAction\":[{\"@type\":\"SearchAction\",\"target\":{\"@type\":\"EntryPoint\",\"urlTemplate\":\"https:\/\/www.viena.es\/ca\/?s={search_term_string}\"},\"query-input\":{\"@type\":\"PropertyValueSpecification\",\"valueRequired\":true,\"valueName\":\"search_term_string\"}}],\"inLanguage\":\"ca\"},{\"@type\":\"Organization\",\"@id\":\"https:\/\/www.viena.es\/ca\/#organization\",\"name\":\"Viena\",\"url\":\"https:\/\/www.viena.es\/ca\/\",\"logo\":{\"@type\":\"ImageObject\",\"inLanguage\":\"ca\",\"@id\":\"https:\/\/www.viena.es\/ca\/#\/schema\/logo\/image\/\",\"url\":\"https:\/\/www.viena.es\/wp-content\/uploads\/2022\/06\/viena-logo.png\",\"contentUrl\":\"https:\/\/www.viena.es\/wp-content\/uploads\/2022\/06\/viena-logo.png\",\"width\":256,\"height\":52,\"caption\":\"Viena\"},\"image\":{\"@id\":\"https:\/\/www.viena.es\/ca\/#\/schema\/logo\/image\/\"},\"sameAs\":[\"http:\/\/www.facebook.com\/VienaSocVienes\",\"http:\/\/www.instagram.com\/Vienasocvienes\"]},{\"@type\":\"Person\",\"@id\":\"https:\/\/www.viena.es\/ca\/#\/schema\/person\/bde8bba76a5c238d17a57ba546c0fb31\",\"name\":\"jordi\",\"sameAs\":[\"https:\/\/www.viena.es\"]}]}<\/script>\n<!-- \/ Yoast SEO plugin. -->","yoast_head_json":{"title":"C\u00e8ntim a c\u00e8ntim, fem mem\u00f2ria - Viena","robots":{"index":"index","follow":"follow","max-snippet":"max-snippet:-1","max-image-preview":"max-image-preview:large","max-video-preview":"max-video-preview:-1"},"canonical":"https:\/\/www.viena.es\/ca\/blog\/societat\/centim-a-centim-fem-memoria\/","og_locale":"ca_ES","og_type":"article","og_title":"C\u00e8ntim a c\u00e8ntim, fem mem\u00f2ria - Viena","og_description":"C\u00e8ntim a c\u00e8ntim, els vienesos col\u00b7laboren en la recaptaci\u00f3 de fons per a un futur sense Alzheimer.","og_url":"https:\/\/www.viena.es\/ca\/blog\/societat\/centim-a-centim-fem-memoria\/","og_site_name":"Viena","article_publisher":"http:\/\/www.facebook.com\/VienaSocVienes","article_published_time":"2018-11-19T06:19:00+00:00","article_modified_time":"2022-03-19T15:24:36+00:00","og_image":[{"width":768,"height":768,"url":"https:\/\/www.viena.es\/wp-content\/uploads\/2022\/02\/fpmBlog.jpg","type":"image\/jpeg"}],"author":"jordi","twitter_card":"summary_large_image","twitter_misc":{"Escrit per":"jordi","Temps estimat de lectura":"2 minuts"},"schema":{"@context":"https:\/\/schema.org","@graph":[{"@type":"Article","@id":"https:\/\/www.viena.es\/ca\/blog\/societat\/centim-a-centim-fem-memoria\/#article","isPartOf":{"@id":"https:\/\/www.viena.es\/ca\/blog\/societat\/centim-a-centim-fem-memoria\/"},"author":{"name":"jordi","@id":"https:\/\/www.viena.es\/ca\/#\/schema\/person\/bde8bba76a5c238d17a57ba546c0fb31"},"headline":"C\u00e8ntim a c\u00e8ntim, fem mem\u00f2ria","datePublished":"2018-11-19T06:19:00+00:00","dateModified":"2022-03-19T15:24:36+00:00","mainEntityOfPage":{"@id":"https:\/\/www.viena.es\/ca\/blog\/societat\/centim-a-centim-fem-memoria\/"},"wordCount":447,"publisher":{"@id":"https:\/\/www.viena.es\/ca\/#organization"},"image":{"@id":"https:\/\/www.viena.es\/ca\/blog\/societat\/centim-a-centim-fem-memoria\/#primaryimage"},"thumbnailUrl":"https:\/\/www.viena.es\/wp-content\/uploads\/2022\/02\/fpmBlog.jpg","articleSection":["Societat"],"inLanguage":"ca"},{"@type":"WebPage","@id":"https:\/\/www.viena.es\/ca\/blog\/societat\/centim-a-centim-fem-memoria\/","url":"https:\/\/www.viena.es\/ca\/blog\/societat\/centim-a-centim-fem-memoria\/","name":"C\u00e8ntim a c\u00e8ntim, fem mem\u00f2ria - Viena","isPartOf":{"@id":"https:\/\/www.viena.es\/ca\/#website"},"primaryImageOfPage":{"@id":"https:\/\/www.viena.es\/ca\/blog\/societat\/centim-a-centim-fem-memoria\/#primaryimage"},"image":{"@id":"https:\/\/www.viena.es\/ca\/blog\/societat\/centim-a-centim-fem-memoria\/#primaryimage"},"thumbnailUrl":"https:\/\/www.viena.es\/wp-content\/uploads\/2022\/02\/fpmBlog.jpg","datePublished":"2018-11-19T06:19:00+00:00","dateModified":"2022-03-19T15:24:36+00:00","breadcrumb":{"@id":"https:\/\/www.viena.es\/ca\/blog\/societat\/centim-a-centim-fem-memoria\/#breadcrumb"},"inLanguage":"ca","potentialAction":[{"@type":"ReadAction","target":["https:\/\/www.viena.es\/ca\/blog\/societat\/centim-a-centim-fem-memoria\/"]}]},{"@type":"ImageObject","inLanguage":"ca","@id":"https:\/\/www.viena.es\/ca\/blog\/societat\/centim-a-centim-fem-memoria\/#primaryimage","url":"https:\/\/www.viena.es\/wp-content\/uploads\/2022\/02\/fpmBlog.jpg","contentUrl":"https:\/\/www.viena.es\/wp-content\/uploads\/2022\/02\/fpmBlog.jpg","width":768,"height":768},{"@type":"BreadcrumbList","@id":"https:\/\/www.viena.es\/ca\/blog\/societat\/centim-a-centim-fem-memoria\/#breadcrumb","itemListElement":[{"@type":"ListItem","position":1,"name":"Home","item":"https:\/\/www.viena.es\/ca\/"},{"@type":"ListItem","position":2,"name":"C\u00e8ntim a c\u00e8ntim, fem mem\u00f2ria"}]},{"@type":"WebSite","@id":"https:\/\/www.viena.es\/ca\/#website","url":"https:\/\/www.viena.es\/ca\/","name":"Viena","description":"","publisher":{"@id":"https:\/\/www.viena.es\/ca\/#organization"},"potentialAction":[{"@type":"SearchAction","target":{"@type":"EntryPoint","urlTemplate":"https:\/\/www.viena.es\/ca\/?s={search_term_string}"},"query-input":{"@type":"PropertyValueSpecification","valueRequired":true,"valueName":"search_term_string"}}],"inLanguage":"ca"},{"@type":"Organization","@id":"https:\/\/www.viena.es\/ca\/#organization","name":"Viena","url":"https:\/\/www.viena.es\/ca\/","logo":{"@type":"ImageObject","inLanguage":"ca","@id":"https:\/\/www.viena.es\/ca\/#\/schema\/logo\/image\/","url":"https:\/\/www.viena.es\/wp-content\/uploads\/2022\/06\/viena-logo.png","contentUrl":"https:\/\/www.viena.es\/wp-content\/uploads\/2022\/06\/viena-logo.png","width":256,"height":52,"caption":"Viena"},"image":{"@id":"https:\/\/www.viena.es\/ca\/#\/schema\/logo\/image\/"},"sameAs":["http:\/\/www.facebook.com\/VienaSocVienes","http:\/\/www.instagram.com\/Vienasocvienes"]},{"@type":"Person","@id":"https:\/\/www.viena.es\/ca\/#\/schema\/person\/bde8bba76a5c238d17a57ba546c0fb31","name":"jordi","sameAs":["https:\/\/www.viena.es"]}]}},"_links":{"self":[{"href":"https:\/\/www.viena.es\/ca\/wp-json\/wp\/v2\/posts\/10319","targetHints":{"allow":["GET"]}}],"collection":[{"href":"https:\/\/www.viena.es\/ca\/wp-json\/wp\/v2\/posts"}],"about":[{"href":"https:\/\/www.viena.es\/ca\/wp-json\/wp\/v2\/types\/post"}],"author":[{"embeddable":true,"href":"https:\/\/www.viena.es\/ca\/wp-json\/wp\/v2\/users\/1"}],"replies":[{"embeddable":true,"href":"https:\/\/www.viena.es\/ca\/wp-json\/wp\/v2\/comments?post=10319"}],"version-history":[{"count":48,"href":"https:\/\/www.viena.es\/ca\/wp-json\/wp\/v2\/posts\/10319\/revisions"}],"predecessor-version":[{"id":32672,"href":"https:\/\/www.viena.es\/ca\/wp-json\/wp\/v2\/posts\/10319\/revisions\/32672"}],"wp:featuredmedia":[{"embeddable":true,"href":"https:\/\/www.viena.es\/ca\/wp-json\/wp\/v2\/media\/26337"}],"wp:attachment":[{"href":"https:\/\/www.viena.es\/ca\/wp-json\/wp\/v2\/media?parent=10319"}],"wp:term":[{"taxonomy":"category","embeddable":true,"href":"https:\/\/www.viena.es\/ca\/wp-json\/wp\/v2\/categories?post=10319"}],"curies":[{"name":"wp","href":"https:\/\/api.w.org\/{rel}","templated":true}]}}