 {"id":10312,"date":"2019-06-16T13:16:00","date_gmt":"2019-06-16T11:16:00","guid":{"rendered":"https:\/\/www.viena.es\/?p=10312"},"modified":"2022-03-19T17:21:57","modified_gmt":"2022-03-19T15:21:57","slug":"parlem-amb-pau-gasol","status":"publish","type":"post","link":"https:\/\/www.viena.es\/ca\/blog\/societat\/parlem-amb-pau-gasol\/","title":{"rendered":"Parlem amb Pau Gasol"},"content":{"rendered":"\t\t<div data-elementor-type=\"wp-post\" data-elementor-id=\"10312\" class=\"elementor elementor-10312\">\n\t\t\t\t\t\t<section class=\"elementor-section elementor-top-section elementor-element elementor-element-cda89ed elementor-section-boxed elementor-section-height-default elementor-section-height-default\" data-id=\"cda89ed\" data-element_type=\"section\" data-e-type=\"section\">\n\t\t\t\t\t\t<div class=\"elementor-container elementor-column-gap-default\">\n\t\t\t\t\t<div class=\"elementor-column elementor-col-100 elementor-top-column elementor-element elementor-element-67f0aad\" data-id=\"67f0aad\" data-element_type=\"column\" data-e-type=\"column\">\n\t\t\t<div class=\"elementor-widget-wrap elementor-element-populated\">\n\t\t\t\t\t\t<div class=\"elementor-element elementor-element-cc897ec elementor-widget elementor-widget-image\" data-id=\"cc897ec\" data-element_type=\"widget\" data-e-type=\"widget\" data-widget_type=\"image.default\">\n\t\t\t\t<div class=\"elementor-widget-container\">\n\t\t\t\t\t\t\t\t\t\t\t\t\t\t\t<img fetchpriority=\"high\" decoding=\"async\" width=\"1200\" height=\"700\" src=\"https:\/\/www.viena.es\/wp-content\/uploads\/2021\/09\/Viena-pau-gasol-1200x700-1.jpg\" class=\"attachment-large size-large wp-image-10687 img-fluid \" alt=\"\" srcset=\"https:\/\/www.viena.es\/wp-content\/uploads\/2021\/09\/Viena-pau-gasol-1200x700-1.jpg 1200w, https:\/\/www.viena.es\/wp-content\/uploads\/2021\/09\/Viena-pau-gasol-1200x700-1-768x448.jpg 768w\" sizes=\"(max-width: 1200px) 100vw, 1200px\" \/>\t\t\t\t\t\t\t\t\t\t\t\t\t\t\t<\/div>\n\t\t\t\t<\/div>\n\t\t\t\t\t<\/div>\n\t\t<\/div>\n\t\t\t\t\t<\/div>\n\t\t<\/section>\n\t\t\t\t<section class=\"elementor-section elementor-top-section elementor-element elementor-element-8801441 elementor-section-boxed elementor-section-height-default elementor-section-height-default\" data-id=\"8801441\" data-element_type=\"section\" data-e-type=\"section\">\n\t\t\t\t\t\t<div class=\"elementor-container elementor-column-gap-default\">\n\t\t\t\t\t<div class=\"elementor-column elementor-col-100 elementor-top-column elementor-element elementor-element-c91aea3\" data-id=\"c91aea3\" data-element_type=\"column\" data-e-type=\"column\">\n\t\t\t<div class=\"elementor-widget-wrap elementor-element-populated\">\n\t\t\t\t\t\t<div class=\"elementor-element elementor-element-b316c51 elementor-widget elementor-widget-heading\" data-id=\"b316c51\" data-element_type=\"widget\" data-e-type=\"widget\" data-widget_type=\"heading.default\">\n\t\t\t\t<div class=\"elementor-widget-container\">\n\t\t\t\t\t<h5 class=\"elementor-heading-title elementor-size-default\">SOCIETAT<\/h5>\t\t\t\t<\/div>\n\t\t\t\t<\/div>\n\t\t\t\t<div class=\"elementor-element elementor-element-304fc34 elementor-widget elementor-widget-heading\" data-id=\"304fc34\" data-element_type=\"widget\" data-e-type=\"widget\" data-widget_type=\"heading.default\">\n\t\t\t\t<div class=\"elementor-widget-container\">\n\t\t\t\t\t<h2 class=\"elementor-heading-title elementor-size-default\">PARLEM AMB PAU GASOL<\/h2>\t\t\t\t<\/div>\n\t\t\t\t<\/div>\n\t\t\t\t<div class=\"elementor-element elementor-element-1c78ffc elementor-widget elementor-widget-text-editor\" data-id=\"1c78ffc\" data-element_type=\"widget\" data-e-type=\"widget\" data-widget_type=\"text-editor.default\">\n\t\t\t\t<div class=\"elementor-widget-container\">\n\t\t\t\t\t\t\t\t\t<h4><strong>President i fundador de la Gasol Foundation<\/strong><\/h4>\t\t\t\t\t\t\t\t<\/div>\n\t\t\t\t<\/div>\n\t\t\t\t\t<\/div>\n\t\t<\/div>\n\t\t\t\t\t<\/div>\n\t\t<\/section>\n\t\t\t\t<section class=\"elementor-section elementor-top-section elementor-element elementor-element-1ffbd53 elementor-section-boxed elementor-section-height-default elementor-section-height-default\" data-id=\"1ffbd53\" data-element_type=\"section\" data-e-type=\"section\">\n\t\t\t\t\t\t<div class=\"elementor-container elementor-column-gap-default\">\n\t\t\t\t\t<div class=\"elementor-column elementor-col-16 elementor-top-column elementor-element elementor-element-c8dbd87\" data-id=\"c8dbd87\" data-element_type=\"column\" data-e-type=\"column\">\n\t\t\t<div class=\"elementor-widget-wrap\">\n\t\t\t\t\t\t\t<\/div>\n\t\t<\/div>\n\t\t\t\t<div class=\"elementor-column elementor-col-66 elementor-top-column elementor-element elementor-element-1f7b0f9\" data-id=\"1f7b0f9\" data-element_type=\"column\" data-e-type=\"column\">\n\t\t\t<div class=\"elementor-widget-wrap elementor-element-populated\">\n\t\t\t\t\t\t<div class=\"elementor-element elementor-element-2edcf9f elementor-widget elementor-widget-text-editor\" data-id=\"2edcf9f\" data-element_type=\"widget\" data-e-type=\"widget\" data-widget_type=\"text-editor.default\">\n\t\t\t\t<div class=\"elementor-widget-container\">\n\t\t\t\t\t\t\t\t\t<p>Posem en marxa una nova iniciativa d&#8217;arrodoniment solidari amb Gasol Foundation. L&#8217;import recaptat anir\u00e0 \u00edntegrament al projecte d&#8217;investigaci\u00f3 PASOS, un estudi per avaluar.<\/p>\t\t\t\t\t\t\t\t<\/div>\n\t\t\t\t<\/div>\n\t\t\t\t<div class=\"elementor-element elementor-element-eee5f3b elementor-widget-divider--view-line elementor-widget elementor-widget-divider\" data-id=\"eee5f3b\" data-element_type=\"widget\" data-e-type=\"widget\" data-widget_type=\"divider.default\">\n\t\t\t\t<div class=\"elementor-widget-container\">\n\t\t\t\t\t\t\t<div class=\"elementor-divider\">\n\t\t\t<span class=\"elementor-divider-separator\">\n\t\t\t\t\t\t<\/span>\n\t\t<\/div>\n\t\t\t\t\t\t<\/div>\n\t\t\t\t<\/div>\n\t\t\t\t\t<\/div>\n\t\t<\/div>\n\t\t\t\t<div class=\"elementor-column elementor-col-16 elementor-top-column elementor-element elementor-element-b013593\" data-id=\"b013593\" data-element_type=\"column\" data-e-type=\"column\">\n\t\t\t<div class=\"elementor-widget-wrap\">\n\t\t\t\t\t\t\t<\/div>\n\t\t<\/div>\n\t\t\t\t\t<\/div>\n\t\t<\/section>\n\t\t\t\t<section class=\"elementor-section elementor-top-section elementor-element elementor-element-0cbbf4e elementor-section-stretched elementor-section-boxed elementor-section-height-default elementor-section-height-default\" data-id=\"0cbbf4e\" data-element_type=\"section\" data-e-type=\"section\" data-settings=\"{&quot;stretch_section&quot;:&quot;section-stretched&quot;,&quot;background_background&quot;:&quot;classic&quot;}\">\n\t\t\t\t\t\t<div class=\"elementor-container elementor-column-gap-default\">\n\t\t\t\t\t<div class=\"elementor-column elementor-col-33 elementor-top-column elementor-element elementor-element-a212443\" data-id=\"a212443\" data-element_type=\"column\" data-e-type=\"column\">\n\t\t\t<div class=\"elementor-widget-wrap elementor-element-populated\">\n\t\t\t\t\t\t<div class=\"elementor-element elementor-element-aca65b9 elementor-widget elementor-widget-heading\" data-id=\"aca65b9\" data-element_type=\"widget\" data-e-type=\"widget\" data-widget_type=\"heading.default\">\n\t\t\t\t<div class=\"elementor-widget-container\">\n\t\t\t\t\t<h4 class=\"elementor-heading-title elementor-size-default\">Al 2013, tu i el teu germ\u00e0 Marc, vau fundar la Gasol Foundation. Com va sorgir aquesta idea?<\/h4>\t\t\t\t<\/div>\n\t\t\t\t<\/div>\n\t\t\t\t<div class=\"elementor-element elementor-element-549f37a elementor-widget elementor-widget-text-editor\" data-id=\"549f37a\" data-element_type=\"widget\" data-e-type=\"widget\" data-widget_type=\"text-editor.default\">\n\t\t\t\t<div class=\"elementor-widget-container\">\n\t\t\t\t\t\t\t\t\t<p>Des de sempre el Marc i jo hem sentit una especial preocupaci\u00f3 i inter\u00e8s pels temes relacionats amb la salut, especialment dels m\u00e9s petits. Els nostres pares han dedicat les seves vides a aquest \u00e0mbit (la meva mare \u00e9s metge i el meu pare, infermer) i l\u2019esport ha tingut un paper fonamental en les nostres vides. Als\u00a0 Estats Units, sempre he col\u00b7laborat amb diversos hospitals pedi\u00e0trics d\u2019all\u00e0 on he jugat (St. Jude\u2019s Hospital, Children\u2019s Hospital Los Angeles, etc.) i, a Espanya, des del 2003 s\u00f3c ambaixador de bona voluntat d\u2019UNICEF Comit\u00e8 Espanyol.<\/p>\t\t\t\t\t\t\t\t<\/div>\n\t\t\t\t<\/div>\n\t\t\t\t\t<\/div>\n\t\t<\/div>\n\t\t\t\t<div class=\"elementor-column elementor-col-33 elementor-top-column elementor-element elementor-element-aee3300\" data-id=\"aee3300\" data-element_type=\"column\" data-e-type=\"column\">\n\t\t\t<div class=\"elementor-widget-wrap elementor-element-populated\">\n\t\t\t\t\t\t<div class=\"elementor-element elementor-element-77ee721 elementor-widget elementor-widget-text-editor\" data-id=\"77ee721\" data-element_type=\"widget\" data-e-type=\"widget\" data-widget_type=\"text-editor.default\">\n\t\t\t\t<div class=\"elementor-widget-container\">\n\t\t\t\t\t\t\t\t\t<p><em>&#8220;MOLTS DELS MEUS RECORDS FAMILIARS GIREN ENTORN L&#8217;ACTIVITAT F\u00cdSICA I LA VIDA SALUDABLE. &#8220;<\/em><\/p>\t\t\t\t\t\t\t\t<\/div>\n\t\t\t\t<\/div>\n\t\t\t\t<div class=\"elementor-element elementor-element-81ccd35 elementor-widget elementor-widget-heading\" data-id=\"81ccd35\" data-element_type=\"widget\" data-e-type=\"widget\" data-widget_type=\"heading.default\">\n\t\t\t\t<div class=\"elementor-widget-container\">\n\t\t\t\t\t<h4 class=\"elementor-heading-title elementor-size-default\">El fet d\u2019haver estat sempre lligat a l\u2019esport, quins valors i h\u00e0bits saludables t\u2019ha inculcat?<\/h4>\t\t\t\t<\/div>\n\t\t\t\t<\/div>\n\t\t\t\t<div class=\"elementor-element elementor-element-090c04d elementor-widget elementor-widget-text-editor\" data-id=\"090c04d\" data-element_type=\"widget\" data-e-type=\"widget\" data-widget_type=\"text-editor.default\">\n\t\t\t\t<div class=\"elementor-widget-container\">\n\t\t\t\t\t\t\t\t\t<p>L\u2019esport \u00e9s una eina molt potent de transmissi\u00f3 de valors. A trav\u00e9s de la seva pr\u00e0ctica, adquireixes aprenentatges com la capacitat de sacrifici, l\u2019esfor\u00e7, el treball en equip, la comunicaci\u00f3, el respecte, la humilitat, la perseveran\u00e7a, la const\u00e0ncia\u2026<\/p>\t\t\t\t\t\t\t\t<\/div>\n\t\t\t\t<\/div>\n\t\t\t\t\t<\/div>\n\t\t<\/div>\n\t\t\t\t<div class=\"elementor-column elementor-col-33 elementor-top-column elementor-element elementor-element-00498a1\" data-id=\"00498a1\" data-element_type=\"column\" data-e-type=\"column\">\n\t\t\t<div class=\"elementor-widget-wrap elementor-element-populated\">\n\t\t\t\t\t\t<div class=\"elementor-element elementor-element-8498c34 elementor-widget elementor-widget-heading\" data-id=\"8498c34\" data-element_type=\"widget\" data-e-type=\"widget\" data-widget_type=\"heading.default\">\n\t\t\t\t<div class=\"elementor-widget-container\">\n\t\t\t\t\t<h4 class=\"elementor-heading-title elementor-size-default\">En qu\u00e8 es diferencia la visi\u00f3 de la Gasol Foundation amb altres moviments que tamb\u00e9 promouen una vida saludable?<\/h4>\t\t\t\t<\/div>\n\t\t\t\t<\/div>\n\t\t\t\t<div class=\"elementor-element elementor-element-489d502 elementor-widget elementor-widget-text-editor\" data-id=\"489d502\" data-element_type=\"widget\" data-e-type=\"widget\" data-widget_type=\"text-editor.default\">\n\t\t\t\t<div class=\"elementor-widget-container\">\n\t\t\t\t\t\t\t\t\t<p>Un dels pilars fonamentals \u00e9s l\u2019educaci\u00f3, per aix\u00f2 posem particular \u00e8mfasi en la idea que l\u2019\u00e0rea d\u2019influ\u00e8ncia dels nens (col\u00b7legi, llar i comunitat) els impacti de forma favorable en la seva salut i benestar. Ens enfoquem actualment en tres \u00e0rees de solucions clau: major activitat f\u00edsica abans, durant i despr\u00e9s de l\u2019escola, salut i benestar en l\u2019\u00e0mbit familiar i apropar-los els aliments saludables.<\/p>\t\t\t\t\t\t\t\t<\/div>\n\t\t\t\t<\/div>\n\t\t\t\t\t<\/div>\n\t\t<\/div>\n\t\t\t\t\t<\/div>\n\t\t<\/section>\n\t\t\t\t<section class=\"elementor-section elementor-top-section elementor-element elementor-element-2f58419 elementor-section-stretched elementor-section-boxed elementor-section-height-default elementor-section-height-default\" data-id=\"2f58419\" data-element_type=\"section\" data-e-type=\"section\" data-settings=\"{&quot;stretch_section&quot;:&quot;section-stretched&quot;,&quot;background_background&quot;:&quot;classic&quot;}\">\n\t\t\t\t\t\t<div class=\"elementor-container elementor-column-gap-default\">\n\t\t\t\t\t<div class=\"elementor-column elementor-col-33 elementor-top-column elementor-element elementor-element-f87abc7\" data-id=\"f87abc7\" data-element_type=\"column\" data-e-type=\"column\">\n\t\t\t<div class=\"elementor-widget-wrap elementor-element-populated\">\n\t\t\t\t\t\t<div class=\"elementor-element elementor-element-550be0c elementor-widget elementor-widget-heading\" data-id=\"550be0c\" data-element_type=\"widget\" data-e-type=\"widget\" data-widget_type=\"heading.default\">\n\t\t\t\t<div class=\"elementor-widget-container\">\n\t\t\t\t\t<h4 class=\"elementor-heading-title elementor-size-default\">Creus que la vostra experi\u00e8ncia vivint als EUA, aix\u00ed com la vostra cont\u00ednua implicaci\u00f3 en iniciatives solid\u00e0ries us ha perm\u00e8s prendre m\u00e9s consci\u00e8ncia envers el bon desenvolupament dels nens?<\/h4>\t\t\t\t<\/div>\n\t\t\t\t<\/div>\n\t\t\t\t<div class=\"elementor-element elementor-element-d8b3284 elementor-widget elementor-widget-text-editor\" data-id=\"d8b3284\" data-element_type=\"widget\" data-e-type=\"widget\" data-widget_type=\"text-editor.default\">\n\t\t\t\t<div class=\"elementor-widget-container\">\n\t\t\t\t\t\t\t\t\t<p>Sens dubte ha jugat un paper clau, per\u00f2 no nom\u00e9s per la nostra experi\u00e8ncia vivint als EUA, sin\u00f3 que el fet de jugar a la NBA ens ha obert les portes a col\u00b7laborar en projectes dins de la comunitat, adre\u00e7ats a col\u00b7lectius amb pocs recursos on la salut infantil t\u00e9 un pes important.<\/p>\t\t\t\t\t\t\t\t<\/div>\n\t\t\t\t<\/div>\n\t\t\t\t\t<\/div>\n\t\t<\/div>\n\t\t\t\t<div class=\"elementor-column elementor-col-33 elementor-top-column elementor-element elementor-element-0c74f30\" data-id=\"0c74f30\" data-element_type=\"column\" data-e-type=\"column\">\n\t\t\t<div class=\"elementor-widget-wrap elementor-element-populated\">\n\t\t\t\t\t\t<div class=\"elementor-element elementor-element-60052b5 elementor-widget elementor-widget-heading\" data-id=\"60052b5\" data-element_type=\"widget\" data-e-type=\"widget\" data-widget_type=\"heading.default\">\n\t\t\t\t<div class=\"elementor-widget-container\">\n\t\t\t\t\t<h4 class=\"elementor-heading-title elementor-size-default\">Tant tu com el Marc, gaudiu d\u2019un gran prestigi entre la poblaci\u00f3 general i no nom\u00e9s en l\u2019\u00e0mbit esportiu, qu\u00e8 espereu aconseguir a trav\u00e9s de la vostra figura?<\/h4>\t\t\t\t<\/div>\n\t\t\t\t<\/div>\n\t\t\t\t<div class=\"elementor-element elementor-element-1dfa65d elementor-widget elementor-widget-text-editor\" data-id=\"1dfa65d\" data-element_type=\"widget\" data-e-type=\"widget\" data-widget_type=\"text-editor.default\">\n\t\t\t\t<div class=\"elementor-widget-container\">\n\t\t\t\t\t\t\t\t\t<p>Intentem organitzar-nos b\u00e9 per estar presents en totes les iniciatives. Ens recolzem en els nostres equips de treball i amb el de la Fundaci\u00f3 especialment, per veure quan som necessaris i \u00fatils i quan la nostra pres\u00e8ncia pot ser molt significativa.<\/p>\t\t\t\t\t\t\t\t<\/div>\n\t\t\t\t<\/div>\n\t\t\t\t\t<\/div>\n\t\t<\/div>\n\t\t\t\t<div class=\"elementor-column elementor-col-33 elementor-top-column elementor-element elementor-element-95d1be1\" data-id=\"95d1be1\" data-element_type=\"column\" data-e-type=\"column\">\n\t\t\t<div class=\"elementor-widget-wrap elementor-element-populated\">\n\t\t\t\t\t\t<div class=\"elementor-element elementor-element-7ca491c elementor-widget elementor-widget-heading\" data-id=\"7ca491c\" data-element_type=\"widget\" data-e-type=\"widget\" data-widget_type=\"heading.default\">\n\t\t\t\t<div class=\"elementor-widget-container\">\n\t\t\t\t\t<h4 class=\"elementor-heading-title elementor-size-default\">Per qu\u00e8 \u00e9s tan important per a vosaltres que Viena aposti per Gasol Foundation?<\/h4>\t\t\t\t<\/div>\n\t\t\t\t<\/div>\n\t\t\t\t<div class=\"elementor-element elementor-element-a2e1372 elementor-widget elementor-widget-text-editor\" data-id=\"a2e1372\" data-element_type=\"widget\" data-e-type=\"widget\" data-widget_type=\"text-editor.default\">\n\t\t\t\t<div class=\"elementor-widget-container\">\n\t\t\t\t\t\t\t\t\t<p>La veritat \u00e9s que aplaudim la iniciativa de Viena per recolzar els projectes de recerca, ja que no \u00e9s quelcom habitual. Invertir en investigaci\u00f3 suposa apostar pel coneixement que ens ajudar\u00e0 a estar m\u00e9s a prop de trobar una soluci\u00f3 al problema i, per aix\u00f2, ens fa especial il\u00b7lusi\u00f3 que el vostre inter\u00e8s s\u2019hagi centrat en l\u2019estudi PASOS, al tractar-se d\u2019un projecte pioner que contribuir\u00e0 a posar en relleu la import\u00e0ncia de l\u2019activitat f\u00edsica i de reduir el sedentarisme infantil.<\/p>\t\t\t\t\t\t\t\t<\/div>\n\t\t\t\t<\/div>\n\t\t\t\t\t<\/div>\n\t\t<\/div>\n\t\t\t\t\t<\/div>\n\t\t<\/section>\n\t\t\t\t<section class=\"elementor-section elementor-top-section elementor-element elementor-element-d32a92f elementor-section-stretched elementor-section-boxed elementor-section-height-default elementor-section-height-default\" data-id=\"d32a92f\" data-element_type=\"section\" data-e-type=\"section\" data-settings=\"{&quot;stretch_section&quot;:&quot;section-stretched&quot;,&quot;background_background&quot;:&quot;classic&quot;}\">\n\t\t\t\t\t\t<div class=\"elementor-container elementor-column-gap-default\">\n\t\t\t\t\t<div class=\"elementor-column elementor-col-100 elementor-top-column elementor-element elementor-element-0a7c31c\" data-id=\"0a7c31c\" data-element_type=\"column\" data-e-type=\"column\">\n\t\t\t<div class=\"elementor-widget-wrap elementor-element-populated\">\n\t\t\t\t\t\t<div class=\"elementor-element elementor-element-7520797 elementor-widget elementor-widget-text-editor\" data-id=\"7520797\" data-element_type=\"widget\" data-e-type=\"widget\" data-widget_type=\"text-editor.default\">\n\t\t\t\t<div class=\"elementor-widget-container\">\n\t\t\t\t\t\t\t\t\t<p><em>&#8220;\u00c9S MOLT IL\u00b7LUSIONANT CONSTITUIR UN PROJECTE COM\u00da QUE POT ARRIBAR A BENEFICIAR TANTS INFANTS I ADOLESCENTS.&#8221;<\/em><\/p>\t\t\t\t\t\t\t\t<\/div>\n\t\t\t\t<\/div>\n\t\t\t\t\t<\/div>\n\t\t<\/div>\n\t\t\t\t\t<\/div>\n\t\t<\/section>\n\t\t\t\t<section class=\"elementor-section elementor-top-section elementor-element elementor-element-b038fae elementor-section-stretched elementor-section-boxed elementor-section-height-default elementor-section-height-default\" data-id=\"b038fae\" data-element_type=\"section\" data-e-type=\"section\" data-settings=\"{&quot;stretch_section&quot;:&quot;section-stretched&quot;,&quot;background_background&quot;:&quot;classic&quot;}\">\n\t\t\t\t\t\t<div class=\"elementor-container elementor-column-gap-default\">\n\t\t\t\t\t<div class=\"elementor-column elementor-col-33 elementor-top-column elementor-element elementor-element-f6428a2\" data-id=\"f6428a2\" data-element_type=\"column\" data-e-type=\"column\">\n\t\t\t<div class=\"elementor-widget-wrap elementor-element-populated\">\n\t\t\t\t\t\t<div class=\"elementor-element elementor-element-8eff159 elementor-widget elementor-widget-heading\" data-id=\"8eff159\" data-element_type=\"widget\" data-e-type=\"widget\" data-widget_type=\"heading.default\">\n\t\t\t\t<div class=\"elementor-widget-container\">\n\t\t\t\t\t<h4 class=\"elementor-heading-title elementor-size-default\">\u00c9s veritat que vosaltres viviu la realitat d\u2019una vida sedent\u00e0ria en els joves americans per\u00f2, \u00e9s tan greu aqu\u00ed?<\/h4>\t\t\t\t<\/div>\n\t\t\t\t<\/div>\n\t\t\t\t<div class=\"elementor-element elementor-element-95a893d elementor-widget elementor-widget-text-editor\" data-id=\"95a893d\" data-element_type=\"widget\" data-e-type=\"widget\" data-widget_type=\"text-editor.default\">\n\t\t\t\t<div class=\"elementor-widget-container\">\n\t\t\t\t\t\t\t\t\t<p>No \u00e9s nom\u00e9s un tema dels EUA o de determinats pa\u00efsos sin\u00f3 que el seu abast \u00e9s mundial i, malauradament, tamb\u00e9 \u00e9s una problem\u00e0tica que afecta el nostre pa\u00eds: m\u00e9s del 80% de la poblaci\u00f3 adolescent del m\u00f3n no t\u00e9 un nivell d\u2019activitat f\u00edsica suficient (OMS 2018). \u00c9s una realitat que hem d\u2019entendre i cal que siguem conseq\u00fcents amb ella perqu\u00e8 no perjudiqui la salut de les noves generacions.<\/p>\t\t\t\t\t\t\t\t<\/div>\n\t\t\t\t<\/div>\n\t\t\t\t\t<\/div>\n\t\t<\/div>\n\t\t\t\t<div class=\"elementor-column elementor-col-33 elementor-top-column elementor-element elementor-element-53c3de9\" data-id=\"53c3de9\" data-element_type=\"column\" data-e-type=\"column\">\n\t\t\t<div class=\"elementor-widget-wrap elementor-element-populated\">\n\t\t\t\t\t\t<div class=\"elementor-element elementor-element-e1efa18 elementor-widget elementor-widget-heading\" data-id=\"e1efa18\" data-element_type=\"widget\" data-e-type=\"widget\" data-widget_type=\"heading.default\">\n\t\t\t\t<div class=\"elementor-widget-container\">\n\t\t\t\t\t<h4 class=\"elementor-heading-title elementor-size-default\">Amb unes agendes tan complicades, com us hi impliqueu personalment?<\/h4>\t\t\t\t<\/div>\n\t\t\t\t<\/div>\n\t\t\t\t<div class=\"elementor-element elementor-element-25ad2bd elementor-widget elementor-widget-text-editor\" data-id=\"25ad2bd\" data-element_type=\"widget\" data-e-type=\"widget\" data-widget_type=\"text-editor.default\">\n\t\t\t\t<div class=\"elementor-widget-container\">\n\t\t\t\t\t\t\t\t\t<p>Un dels pilars fonamentals \u00e9s l\u2019educaci\u00f3, per aix\u00f2 posem particular \u00e8mfasi en la idea que l\u2019\u00e0rea d\u2019influ\u00e8ncia dels nens (col\u00b7legi, llar i comunitat) els impacti de forma favorable en la seva salut i benestar. Ens enfoquem actualment en tres \u00e0rees de solucions clau: major activitat f\u00edsica abans, durant i despr\u00e9s de l\u2019escola, salut i benestar en l\u2019\u00e0mbit familiar i apropar-los els aliments saludables.<\/p>\t\t\t\t\t\t\t\t<\/div>\n\t\t\t\t<\/div>\n\t\t\t\t\t<\/div>\n\t\t<\/div>\n\t\t\t\t<div class=\"elementor-column elementor-col-33 elementor-top-column elementor-element elementor-element-3b4e5d1\" data-id=\"3b4e5d1\" data-element_type=\"column\" data-e-type=\"column\">\n\t\t\t<div class=\"elementor-widget-wrap elementor-element-populated\">\n\t\t\t\t\t\t<div class=\"elementor-element elementor-element-94f760e elementor-widget elementor-widget-heading\" data-id=\"94f760e\" data-element_type=\"widget\" data-e-type=\"widget\" data-widget_type=\"heading.default\">\n\t\t\t\t<div class=\"elementor-widget-container\">\n\t\t\t\t\t<h4 class=\"elementor-heading-title elementor-size-default\">En quina fase es troba el projecte?<\/h4>\t\t\t\t<\/div>\n\t\t\t\t<\/div>\n\t\t\t\t<div class=\"elementor-element elementor-element-f8dd811 elementor-widget elementor-widget-text-editor\" data-id=\"f8dd811\" data-element_type=\"widget\" data-e-type=\"widget\" data-widget_type=\"text-editor.default\">\n\t\t\t\t<div class=\"elementor-widget-container\">\n\t\t\t\t\t\t\t\t\t<p>Actualment ens trobem en la fase de recollida de dades als 242 centres de prim\u00e0ria i de secund\u00e0ria de les 121 localitats seleccionades de manera aleat\u00f2ria. L\u2019objectiu final \u00e9s tenir evid\u00e8ncia cient\u00edfica per impulsar iniciatives innovadores de promoci\u00f3 d\u2019h\u00e0bits saludables. I estem segurs que amb l\u2019ajut de tots els vienesos, el resultat final pot ser gegant.<\/p>\t\t\t\t\t\t\t\t<\/div>\n\t\t\t\t<\/div>\n\t\t\t\t\t<\/div>\n\t\t<\/div>\n\t\t\t\t\t<\/div>\n\t\t<\/section>\n\t\t\t\t<section class=\"elementor-section elementor-top-section elementor-element elementor-element-939a497 elementor-section-boxed elementor-section-height-default elementor-section-height-default\" data-id=\"939a497\" data-element_type=\"section\" data-e-type=\"section\">\n\t\t\t\t\t\t<div class=\"elementor-container elementor-column-gap-default\">\n\t\t\t\t\t<div class=\"elementor-column elementor-col-100 elementor-top-column elementor-element elementor-element-6672649\" data-id=\"6672649\" data-element_type=\"column\" data-e-type=\"column\">\n\t\t\t<div class=\"elementor-widget-wrap elementor-element-populated\">\n\t\t\t\t\t\t<div class=\"elementor-element elementor-element-49dfcf7 elementor-widget elementor-widget-spacer\" data-id=\"49dfcf7\" data-element_type=\"widget\" data-e-type=\"widget\" data-widget_type=\"spacer.default\">\n\t\t\t\t<div class=\"elementor-widget-container\">\n\t\t\t\t\t\t\t<div class=\"elementor-spacer\">\n\t\t\t<div class=\"elementor-spacer-inner\"><\/div>\n\t\t<\/div>\n\t\t\t\t\t\t<\/div>\n\t\t\t\t<\/div>\n\t\t\t\t\t<\/div>\n\t\t<\/div>\n\t\t\t\t\t<\/div>\n\t\t<\/section>\n\t\t\t\t<section class=\"elementor-section elementor-top-section elementor-element elementor-element-a96b52d elementor-section-stretched elementor-section-boxed elementor-section-height-default elementor-section-height-default\" data-id=\"a96b52d\" data-element_type=\"section\" data-e-type=\"section\" data-settings=\"{&quot;stretch_section&quot;:&quot;section-stretched&quot;,&quot;background_background&quot;:&quot;classic&quot;}\">\n\t\t\t\t\t\t<div class=\"elementor-container elementor-column-gap-default\">\n\t\t\t\t\t<div class=\"elementor-column elementor-col-100 elementor-top-column elementor-element elementor-element-6292368\" data-id=\"6292368\" data-element_type=\"column\" data-e-type=\"column\">\n\t\t\t<div class=\"elementor-widget-wrap elementor-element-populated\">\n\t\t\t\t\t\t<div class=\"elementor-element elementor-element-fbcea26 elementor-widget elementor-widget-heading\" data-id=\"fbcea26\" data-element_type=\"widget\" data-e-type=\"widget\" data-widget_type=\"heading.default\">\n\t\t\t\t<div class=\"elementor-widget-container\">\n\t\t\t\t\t<h4 class=\"elementor-heading-title elementor-size-default\">L'ENTITAT<\/h4>\t\t\t\t<\/div>\n\t\t\t\t<\/div>\n\t\t\t\t<div class=\"elementor-element elementor-element-4ee95da elementor-widget elementor-widget-text-editor\" data-id=\"4ee95da\" data-element_type=\"widget\" data-e-type=\"widget\" data-widget_type=\"text-editor.default\">\n\t\t\t\t<div class=\"elementor-widget-container\">\n\t\t\t\t\t\t\t\t\t<p>La <strong>Gasol Foundation<\/strong> centra els seus esfor\u00e7os a desenvolupar activitats i programes amb un objectiu com\u00fa, reduir els \u00edndexs d&#8217;obesitat infantil a trav\u00e9s de la promoci\u00f3 de quatre pilars saludables principals: l&#8217;esport i l&#8217;activitat f\u00edsica, una alimentaci\u00f3 saludable, la import\u00e0ncia del descans i el benestar emocional. Sota el lema Lead by Example (Predica amb l&#8217;exemple) totes les seves iniciatives, activitats i programes a Espanya i els Estats Units involucren als pares i mares, aix\u00ed com als germans\/as per a empoderar a les mateixes fam\u00edlies a fer el canvi cap a una vida saludable per si mateixes.<\/p><p>L&#8217;estudi <strong>PASSOS<\/strong> t\u00e9 com a objectiu establir una gran xarxa d&#8217;entitats que treballin juntes en pro de la salut infantil i que marquin aquesta iniciativa com l&#8217;inici d&#8217;una alian\u00e7a de llarg recorregut.<\/p>\t\t\t\t\t\t\t\t<\/div>\n\t\t\t\t<\/div>\n\t\t\t\t\t<\/div>\n\t\t<\/div>\n\t\t\t\t\t<\/div>\n\t\t<\/section>\n\t\t\t\t<\/div>\n\t\t","protected":false},"excerpt":{"rendered":"<p>Gasol Foundation te la misi\u00f3 d&#8217;acabar amb el desenterisme infantil a trav\u00e9s de la implementaci\u00f3 de programes de promoci\u00f3n de la salud.<\/p>\n","protected":false},"author":1,"featured_media":26340,"comment_status":"closed","ping_status":"closed","sticky":false,"template":"","format":"standard","meta":{"footnotes":""},"categories":[65],"class_list":["post-10312","post","type-post","status-publish","format-standard","has-post-thumbnail","hentry","category-societat"],"yoast_head":"<!-- This site is optimized with the Yoast SEO plugin v24.4 - https:\/\/yoast.com\/wordpress\/plugins\/seo\/ -->\n<title>Parlem amb Pau Gasol - Viena<\/title>\n<meta name=\"robots\" content=\"index, follow, max-snippet:-1, max-image-preview:large, max-video-preview:-1\" \/>\n<link rel=\"canonical\" href=\"https:\/\/www.viena.es\/ca\/blog\/societat\/parlem-amb-pau-gasol\/\" \/>\n<meta property=\"og:locale\" content=\"ca_ES\" \/>\n<meta property=\"og:type\" content=\"article\" \/>\n<meta property=\"og:title\" content=\"Parlem amb Pau Gasol - Viena\" \/>\n<meta property=\"og:description\" content=\"Gasol Foundation te la misi\u00f3 d&#039;acabar amb el desenterisme infantil a trav\u00e9s de la implementaci\u00f3 de programes de promoci\u00f3n de la salud.\" \/>\n<meta property=\"og:url\" content=\"https:\/\/www.viena.es\/ca\/blog\/societat\/parlem-amb-pau-gasol\/\" \/>\n<meta property=\"og:site_name\" content=\"Viena\" \/>\n<meta property=\"article:publisher\" content=\"http:\/\/www.facebook.com\/VienaSocVienes\" \/>\n<meta property=\"article:published_time\" content=\"2019-06-16T11:16:00+00:00\" \/>\n<meta property=\"article:modified_time\" content=\"2022-03-19T15:21:57+00:00\" \/>\n<meta property=\"og:image\" content=\"https:\/\/www.viena.es\/wp-content\/uploads\/2022\/02\/gasol1Blog.jpg\" \/>\n\t<meta property=\"og:image:width\" content=\"768\" \/>\n\t<meta property=\"og:image:height\" content=\"768\" \/>\n\t<meta property=\"og:image:type\" content=\"image\/jpeg\" \/>\n<meta name=\"author\" content=\"jordi\" \/>\n<meta name=\"twitter:card\" content=\"summary_large_image\" \/>\n<meta name=\"twitter:label1\" content=\"Escrit per\" \/>\n\t<meta name=\"twitter:data1\" content=\"jordi\" \/>\n\t<meta name=\"twitter:label2\" content=\"Temps estimat de lectura\" \/>\n\t<meta name=\"twitter:data2\" content=\"5 minuts\" \/>\n<script type=\"application\/ld+json\" class=\"yoast-schema-graph\">{\"@context\":\"https:\/\/schema.org\",\"@graph\":[{\"@type\":\"Article\",\"@id\":\"https:\/\/www.viena.es\/ca\/blog\/societat\/parlem-amb-pau-gasol\/#article\",\"isPartOf\":{\"@id\":\"https:\/\/www.viena.es\/ca\/blog\/societat\/parlem-amb-pau-gasol\/\"},\"author\":{\"name\":\"jordi\",\"@id\":\"https:\/\/www.viena.es\/ca\/#\/schema\/person\/bde8bba76a5c238d17a57ba546c0fb31\"},\"headline\":\"Parlem amb Pau Gasol\",\"datePublished\":\"2019-06-16T11:16:00+00:00\",\"dateModified\":\"2022-03-19T15:21:57+00:00\",\"mainEntityOfPage\":{\"@id\":\"https:\/\/www.viena.es\/ca\/blog\/societat\/parlem-amb-pau-gasol\/\"},\"wordCount\":999,\"publisher\":{\"@id\":\"https:\/\/www.viena.es\/ca\/#organization\"},\"image\":{\"@id\":\"https:\/\/www.viena.es\/ca\/blog\/societat\/parlem-amb-pau-gasol\/#primaryimage\"},\"thumbnailUrl\":\"https:\/\/www.viena.es\/wp-content\/uploads\/2022\/02\/gasol1Blog.jpg\",\"articleSection\":[\"Societat\"],\"inLanguage\":\"ca\"},{\"@type\":\"WebPage\",\"@id\":\"https:\/\/www.viena.es\/ca\/blog\/societat\/parlem-amb-pau-gasol\/\",\"url\":\"https:\/\/www.viena.es\/ca\/blog\/societat\/parlem-amb-pau-gasol\/\",\"name\":\"Parlem amb Pau Gasol - Viena\",\"isPartOf\":{\"@id\":\"https:\/\/www.viena.es\/ca\/#website\"},\"primaryImageOfPage\":{\"@id\":\"https:\/\/www.viena.es\/ca\/blog\/societat\/parlem-amb-pau-gasol\/#primaryimage\"},\"image\":{\"@id\":\"https:\/\/www.viena.es\/ca\/blog\/societat\/parlem-amb-pau-gasol\/#primaryimage\"},\"thumbnailUrl\":\"https:\/\/www.viena.es\/wp-content\/uploads\/2022\/02\/gasol1Blog.jpg\",\"datePublished\":\"2019-06-16T11:16:00+00:00\",\"dateModified\":\"2022-03-19T15:21:57+00:00\",\"breadcrumb\":{\"@id\":\"https:\/\/www.viena.es\/ca\/blog\/societat\/parlem-amb-pau-gasol\/#breadcrumb\"},\"inLanguage\":\"ca\",\"potentialAction\":[{\"@type\":\"ReadAction\",\"target\":[\"https:\/\/www.viena.es\/ca\/blog\/societat\/parlem-amb-pau-gasol\/\"]}]},{\"@type\":\"ImageObject\",\"inLanguage\":\"ca\",\"@id\":\"https:\/\/www.viena.es\/ca\/blog\/societat\/parlem-amb-pau-gasol\/#primaryimage\",\"url\":\"https:\/\/www.viena.es\/wp-content\/uploads\/2022\/02\/gasol1Blog.jpg\",\"contentUrl\":\"https:\/\/www.viena.es\/wp-content\/uploads\/2022\/02\/gasol1Blog.jpg\",\"width\":768,\"height\":768},{\"@type\":\"BreadcrumbList\",\"@id\":\"https:\/\/www.viena.es\/ca\/blog\/societat\/parlem-amb-pau-gasol\/#breadcrumb\",\"itemListElement\":[{\"@type\":\"ListItem\",\"position\":1,\"name\":\"Home\",\"item\":\"https:\/\/www.viena.es\/ca\/\"},{\"@type\":\"ListItem\",\"position\":2,\"name\":\"Parlem amb Pau Gasol\"}]},{\"@type\":\"WebSite\",\"@id\":\"https:\/\/www.viena.es\/ca\/#website\",\"url\":\"https:\/\/www.viena.es\/ca\/\",\"name\":\"Viena\",\"description\":\"\",\"publisher\":{\"@id\":\"https:\/\/www.viena.es\/ca\/#organization\"},\"potentialAction\":[{\"@type\":\"SearchAction\",\"target\":{\"@type\":\"EntryPoint\",\"urlTemplate\":\"https:\/\/www.viena.es\/ca\/?s={search_term_string}\"},\"query-input\":{\"@type\":\"PropertyValueSpecification\",\"valueRequired\":true,\"valueName\":\"search_term_string\"}}],\"inLanguage\":\"ca\"},{\"@type\":\"Organization\",\"@id\":\"https:\/\/www.viena.es\/ca\/#organization\",\"name\":\"Viena\",\"url\":\"https:\/\/www.viena.es\/ca\/\",\"logo\":{\"@type\":\"ImageObject\",\"inLanguage\":\"ca\",\"@id\":\"https:\/\/www.viena.es\/ca\/#\/schema\/logo\/image\/\",\"url\":\"https:\/\/www.viena.es\/wp-content\/uploads\/2022\/06\/viena-logo.png\",\"contentUrl\":\"https:\/\/www.viena.es\/wp-content\/uploads\/2022\/06\/viena-logo.png\",\"width\":256,\"height\":52,\"caption\":\"Viena\"},\"image\":{\"@id\":\"https:\/\/www.viena.es\/ca\/#\/schema\/logo\/image\/\"},\"sameAs\":[\"http:\/\/www.facebook.com\/VienaSocVienes\",\"http:\/\/www.instagram.com\/Vienasocvienes\"]},{\"@type\":\"Person\",\"@id\":\"https:\/\/www.viena.es\/ca\/#\/schema\/person\/bde8bba76a5c238d17a57ba546c0fb31\",\"name\":\"jordi\",\"sameAs\":[\"https:\/\/www.viena.es\"]}]}<\/script>\n<!-- \/ Yoast SEO plugin. -->","yoast_head_json":{"title":"Parlem amb Pau Gasol - Viena","robots":{"index":"index","follow":"follow","max-snippet":"max-snippet:-1","max-image-preview":"max-image-preview:large","max-video-preview":"max-video-preview:-1"},"canonical":"https:\/\/www.viena.es\/ca\/blog\/societat\/parlem-amb-pau-gasol\/","og_locale":"ca_ES","og_type":"article","og_title":"Parlem amb Pau Gasol - Viena","og_description":"Gasol Foundation te la misi\u00f3 d'acabar amb el desenterisme infantil a trav\u00e9s de la implementaci\u00f3 de programes de promoci\u00f3n de la salud.","og_url":"https:\/\/www.viena.es\/ca\/blog\/societat\/parlem-amb-pau-gasol\/","og_site_name":"Viena","article_publisher":"http:\/\/www.facebook.com\/VienaSocVienes","article_published_time":"2019-06-16T11:16:00+00:00","article_modified_time":"2022-03-19T15:21:57+00:00","og_image":[{"width":768,"height":768,"url":"https:\/\/www.viena.es\/wp-content\/uploads\/2022\/02\/gasol1Blog.jpg","type":"image\/jpeg"}],"author":"jordi","twitter_card":"summary_large_image","twitter_misc":{"Escrit per":"jordi","Temps estimat de lectura":"5 minuts"},"schema":{"@context":"https:\/\/schema.org","@graph":[{"@type":"Article","@id":"https:\/\/www.viena.es\/ca\/blog\/societat\/parlem-amb-pau-gasol\/#article","isPartOf":{"@id":"https:\/\/www.viena.es\/ca\/blog\/societat\/parlem-amb-pau-gasol\/"},"author":{"name":"jordi","@id":"https:\/\/www.viena.es\/ca\/#\/schema\/person\/bde8bba76a5c238d17a57ba546c0fb31"},"headline":"Parlem amb Pau Gasol","datePublished":"2019-06-16T11:16:00+00:00","dateModified":"2022-03-19T15:21:57+00:00","mainEntityOfPage":{"@id":"https:\/\/www.viena.es\/ca\/blog\/societat\/parlem-amb-pau-gasol\/"},"wordCount":999,"publisher":{"@id":"https:\/\/www.viena.es\/ca\/#organization"},"image":{"@id":"https:\/\/www.viena.es\/ca\/blog\/societat\/parlem-amb-pau-gasol\/#primaryimage"},"thumbnailUrl":"https:\/\/www.viena.es\/wp-content\/uploads\/2022\/02\/gasol1Blog.jpg","articleSection":["Societat"],"inLanguage":"ca"},{"@type":"WebPage","@id":"https:\/\/www.viena.es\/ca\/blog\/societat\/parlem-amb-pau-gasol\/","url":"https:\/\/www.viena.es\/ca\/blog\/societat\/parlem-amb-pau-gasol\/","name":"Parlem amb Pau Gasol - Viena","isPartOf":{"@id":"https:\/\/www.viena.es\/ca\/#website"},"primaryImageOfPage":{"@id":"https:\/\/www.viena.es\/ca\/blog\/societat\/parlem-amb-pau-gasol\/#primaryimage"},"image":{"@id":"https:\/\/www.viena.es\/ca\/blog\/societat\/parlem-amb-pau-gasol\/#primaryimage"},"thumbnailUrl":"https:\/\/www.viena.es\/wp-content\/uploads\/2022\/02\/gasol1Blog.jpg","datePublished":"2019-06-16T11:16:00+00:00","dateModified":"2022-03-19T15:21:57+00:00","breadcrumb":{"@id":"https:\/\/www.viena.es\/ca\/blog\/societat\/parlem-amb-pau-gasol\/#breadcrumb"},"inLanguage":"ca","potentialAction":[{"@type":"ReadAction","target":["https:\/\/www.viena.es\/ca\/blog\/societat\/parlem-amb-pau-gasol\/"]}]},{"@type":"ImageObject","inLanguage":"ca","@id":"https:\/\/www.viena.es\/ca\/blog\/societat\/parlem-amb-pau-gasol\/#primaryimage","url":"https:\/\/www.viena.es\/wp-content\/uploads\/2022\/02\/gasol1Blog.jpg","contentUrl":"https:\/\/www.viena.es\/wp-content\/uploads\/2022\/02\/gasol1Blog.jpg","width":768,"height":768},{"@type":"BreadcrumbList","@id":"https:\/\/www.viena.es\/ca\/blog\/societat\/parlem-amb-pau-gasol\/#breadcrumb","itemListElement":[{"@type":"ListItem","position":1,"name":"Home","item":"https:\/\/www.viena.es\/ca\/"},{"@type":"ListItem","position":2,"name":"Parlem amb Pau Gasol"}]},{"@type":"WebSite","@id":"https:\/\/www.viena.es\/ca\/#website","url":"https:\/\/www.viena.es\/ca\/","name":"Viena","description":"","publisher":{"@id":"https:\/\/www.viena.es\/ca\/#organization"},"potentialAction":[{"@type":"SearchAction","target":{"@type":"EntryPoint","urlTemplate":"https:\/\/www.viena.es\/ca\/?s={search_term_string}"},"query-input":{"@type":"PropertyValueSpecification","valueRequired":true,"valueName":"search_term_string"}}],"inLanguage":"ca"},{"@type":"Organization","@id":"https:\/\/www.viena.es\/ca\/#organization","name":"Viena","url":"https:\/\/www.viena.es\/ca\/","logo":{"@type":"ImageObject","inLanguage":"ca","@id":"https:\/\/www.viena.es\/ca\/#\/schema\/logo\/image\/","url":"https:\/\/www.viena.es\/wp-content\/uploads\/2022\/06\/viena-logo.png","contentUrl":"https:\/\/www.viena.es\/wp-content\/uploads\/2022\/06\/viena-logo.png","width":256,"height":52,"caption":"Viena"},"image":{"@id":"https:\/\/www.viena.es\/ca\/#\/schema\/logo\/image\/"},"sameAs":["http:\/\/www.facebook.com\/VienaSocVienes","http:\/\/www.instagram.com\/Vienasocvienes"]},{"@type":"Person","@id":"https:\/\/www.viena.es\/ca\/#\/schema\/person\/bde8bba76a5c238d17a57ba546c0fb31","name":"jordi","sameAs":["https:\/\/www.viena.es"]}]}},"_links":{"self":[{"href":"https:\/\/www.viena.es\/ca\/wp-json\/wp\/v2\/posts\/10312","targetHints":{"allow":["GET"]}}],"collection":[{"href":"https:\/\/www.viena.es\/ca\/wp-json\/wp\/v2\/posts"}],"about":[{"href":"https:\/\/www.viena.es\/ca\/wp-json\/wp\/v2\/types\/post"}],"author":[{"embeddable":true,"href":"https:\/\/www.viena.es\/ca\/wp-json\/wp\/v2\/users\/1"}],"replies":[{"embeddable":true,"href":"https:\/\/www.viena.es\/ca\/wp-json\/wp\/v2\/comments?post=10312"}],"version-history":[{"count":49,"href":"https:\/\/www.viena.es\/ca\/wp-json\/wp\/v2\/posts\/10312\/revisions"}],"predecessor-version":[{"id":43134,"href":"https:\/\/www.viena.es\/ca\/wp-json\/wp\/v2\/posts\/10312\/revisions\/43134"}],"wp:featuredmedia":[{"embeddable":true,"href":"https:\/\/www.viena.es\/ca\/wp-json\/wp\/v2\/media\/26340"}],"wp:attachment":[{"href":"https:\/\/www.viena.es\/ca\/wp-json\/wp\/v2\/media?parent=10312"}],"wp:term":[{"taxonomy":"category","embeddable":true,"href":"https:\/\/www.viena.es\/ca\/wp-json\/wp\/v2\/categories?post=10312"}],"curies":[{"name":"wp","href":"https:\/\/api.w.org\/{rel}","templated":true}]}}