 {"id":10309,"date":"2019-09-28T11:58:00","date_gmt":"2019-09-28T09:58:00","guid":{"rendered":"https:\/\/www.viena.es\/?p=10309"},"modified":"2022-03-19T17:19:00","modified_gmt":"2022-03-19T15:19:00","slug":"recaptem-80-000e-per-a-la-gasol-foundation","status":"publish","type":"post","link":"https:\/\/www.viena.es\/ca\/blog\/societat\/recaptem-80-000e-per-a-la-gasol-foundation\/","title":{"rendered":"Recaptem 80.000\u20ac per a la Gasol Foundation"},"content":{"rendered":"\t\t<div data-elementor-type=\"wp-post\" data-elementor-id=\"10309\" class=\"elementor elementor-10309\">\n\t\t\t\t\t\t<section class=\"elementor-section elementor-top-section elementor-element elementor-element-2aa9a34b elementor-section-boxed elementor-section-height-default elementor-section-height-default\" data-id=\"2aa9a34b\" data-element_type=\"section\" data-e-type=\"section\">\n\t\t\t\t\t\t<div class=\"elementor-container elementor-column-gap-default\">\n\t\t\t\t\t<div class=\"elementor-column elementor-col-100 elementor-top-column elementor-element elementor-element-7b2fdecf\" data-id=\"7b2fdecf\" data-element_type=\"column\" data-e-type=\"column\">\n\t\t\t<div class=\"elementor-widget-wrap elementor-element-populated\">\n\t\t\t\t\t\t<div class=\"elementor-element elementor-element-8a71ad6 elementor-widget elementor-widget-video\" data-id=\"8a71ad6\" data-element_type=\"widget\" data-e-type=\"widget\" data-settings=\"{&quot;youtube_url&quot;:&quot;https:\\\/\\\/www.youtube.com\\\/embed\\\/-k9GrFjGls0&quot;,&quot;video_type&quot;:&quot;youtube&quot;,&quot;controls&quot;:&quot;yes&quot;}\" data-widget_type=\"video.default\">\n\t\t\t\t<div class=\"elementor-widget-container\">\n\t\t\t\t\t\t\t<div class=\"elementor-wrapper elementor-open-inline\">\n\t\t\t<div class=\"elementor-video\"><\/div>\t\t<\/div>\n\t\t\t\t\t\t<\/div>\n\t\t\t\t<\/div>\n\t\t\t\t\t<\/div>\n\t\t<\/div>\n\t\t\t\t\t<\/div>\n\t\t<\/section>\n\t\t\t\t<section class=\"elementor-section elementor-top-section elementor-element elementor-element-7ac5886 elementor-section-boxed elementor-section-height-default elementor-section-height-default\" data-id=\"7ac5886\" data-element_type=\"section\" data-e-type=\"section\">\n\t\t\t\t\t\t<div class=\"elementor-container elementor-column-gap-default\">\n\t\t\t\t\t<div class=\"elementor-column elementor-col-16 elementor-top-column elementor-element elementor-element-5917d43\" data-id=\"5917d43\" data-element_type=\"column\" data-e-type=\"column\">\n\t\t\t<div class=\"elementor-widget-wrap\">\n\t\t\t\t\t\t\t<\/div>\n\t\t<\/div>\n\t\t\t\t<div class=\"elementor-column elementor-col-66 elementor-top-column elementor-element elementor-element-4e48aed\" data-id=\"4e48aed\" data-element_type=\"column\" data-e-type=\"column\">\n\t\t\t<div class=\"elementor-widget-wrap elementor-element-populated\">\n\t\t\t\t\t\t<div class=\"elementor-element elementor-element-131cf6b elementor-widget elementor-widget-heading\" data-id=\"131cf6b\" data-element_type=\"widget\" data-e-type=\"widget\" data-widget_type=\"heading.default\">\n\t\t\t\t<div class=\"elementor-widget-container\">\n\t\t\t\t\t<h5 class=\"elementor-heading-title elementor-size-default\">SOCIETAT<\/h5>\t\t\t\t<\/div>\n\t\t\t\t<\/div>\n\t\t\t\t<div class=\"elementor-element elementor-element-90ad8d1 elementor-widget elementor-widget-heading\" data-id=\"90ad8d1\" data-element_type=\"widget\" data-e-type=\"widget\" data-widget_type=\"heading.default\">\n\t\t\t\t<div class=\"elementor-widget-container\">\n\t\t\t\t\t<h2 class=\"elementor-heading-title elementor-size-default\">RECAPTE 80.000E PER A LA <br>GASOL FOUNDATION<\/h2>\t\t\t\t<\/div>\n\t\t\t\t<\/div>\n\t\t\t\t<div class=\"elementor-element elementor-element-1f09381 elementor-widget elementor-widget-text-editor\" data-id=\"1f09381\" data-element_type=\"widget\" data-e-type=\"widget\" data-widget_type=\"text-editor.default\">\n\t\t\t\t<div class=\"elementor-widget-container\">\n\t\t\t\t\t\t\t\t\t<h5><strong>Pau Gasol, president i fundador de la Gasol Foundation agraeix personalment a tots els Vienesos la vostra aportaci\u00f3.<\/strong><\/h5>\t\t\t\t\t\t\t\t<\/div>\n\t\t\t\t<\/div>\n\t\t\t\t\t<\/div>\n\t\t<\/div>\n\t\t\t\t<div class=\"elementor-column elementor-col-16 elementor-top-column elementor-element elementor-element-51c9ac4\" data-id=\"51c9ac4\" data-element_type=\"column\" data-e-type=\"column\">\n\t\t\t<div class=\"elementor-widget-wrap\">\n\t\t\t\t\t\t\t<\/div>\n\t\t<\/div>\n\t\t\t\t\t<\/div>\n\t\t<\/section>\n\t\t\t\t<section class=\"elementor-section elementor-top-section elementor-element elementor-element-103b234 elementor-section-boxed elementor-section-height-default elementor-section-height-default\" data-id=\"103b234\" data-element_type=\"section\" data-e-type=\"section\">\n\t\t\t\t\t\t<div class=\"elementor-container elementor-column-gap-default\">\n\t\t\t\t\t<div class=\"elementor-column elementor-col-16 elementor-top-column elementor-element elementor-element-ffb9f2c\" data-id=\"ffb9f2c\" data-element_type=\"column\" data-e-type=\"column\">\n\t\t\t<div class=\"elementor-widget-wrap\">\n\t\t\t\t\t\t\t<\/div>\n\t\t<\/div>\n\t\t\t\t<div class=\"elementor-column elementor-col-66 elementor-top-column elementor-element elementor-element-30bc8db\" data-id=\"30bc8db\" data-element_type=\"column\" data-e-type=\"column\">\n\t\t\t<div class=\"elementor-widget-wrap elementor-element-populated\">\n\t\t\t\t\t\t<div class=\"elementor-element elementor-element-197c91a elementor-widget elementor-widget-text-editor\" data-id=\"197c91a\" data-element_type=\"widget\" data-e-type=\"widget\" data-widget_type=\"text-editor.default\">\n\t\t\t\t<div class=\"elementor-widget-container\">\n\t\t\t\t\t\t\t\t\t<p>Ho hem tornat a fer, vienesos! Gr\u00e0cies a la vostra solidaritat i col\u00b7laboraci\u00f3, la nostra campanya \u00ab<strong><a href=\"https:\/\/viena.worldcoo.com\/fcd5c4a6-a0e4-4abb-b6d4-a2b42275751d\">C\u00e8ntim a c\u00e8ntim, fem futur<\/a>\u00bb<\/strong>\u00a0ha aconseguit recaptar m\u00e9s de 80.000\u00a0\u20ac, a trav\u00e9s de les microdonacions realitzades als nostres establiments de Catalunya i Val\u00e8ncia.<\/p>\t\t\t\t\t\t\t\t<\/div>\n\t\t\t\t<\/div>\n\t\t\t\t<div class=\"elementor-element elementor-element-9ac0c56 elementor-widget-divider--view-line elementor-widget elementor-widget-divider\" data-id=\"9ac0c56\" data-element_type=\"widget\" data-e-type=\"widget\" data-widget_type=\"divider.default\">\n\t\t\t\t<div class=\"elementor-widget-container\">\n\t\t\t\t\t\t\t<div class=\"elementor-divider\">\n\t\t\t<span class=\"elementor-divider-separator\">\n\t\t\t\t\t\t<\/span>\n\t\t<\/div>\n\t\t\t\t\t\t<\/div>\n\t\t\t\t<\/div>\n\t\t\t\t\t<\/div>\n\t\t<\/div>\n\t\t\t\t<div class=\"elementor-column elementor-col-16 elementor-top-column elementor-element elementor-element-63aa85c\" data-id=\"63aa85c\" data-element_type=\"column\" data-e-type=\"column\">\n\t\t\t<div class=\"elementor-widget-wrap\">\n\t\t\t\t\t\t\t<\/div>\n\t\t<\/div>\n\t\t\t\t\t<\/div>\n\t\t<\/section>\n\t\t\t\t<section class=\"elementor-section elementor-top-section elementor-element elementor-element-1fcc322 elementor-section-boxed elementor-section-height-default elementor-section-height-default\" data-id=\"1fcc322\" data-element_type=\"section\" data-e-type=\"section\">\n\t\t\t\t\t\t<div class=\"elementor-container elementor-column-gap-default\">\n\t\t\t\t\t<div class=\"elementor-column elementor-col-16 elementor-top-column elementor-element elementor-element-bc79b39\" data-id=\"bc79b39\" data-element_type=\"column\" data-e-type=\"column\">\n\t\t\t<div class=\"elementor-widget-wrap\">\n\t\t\t\t\t\t\t<\/div>\n\t\t<\/div>\n\t\t\t\t<div class=\"elementor-column elementor-col-66 elementor-top-column elementor-element elementor-element-cac7fcd\" data-id=\"cac7fcd\" data-element_type=\"column\" data-e-type=\"column\">\n\t\t\t<div class=\"elementor-widget-wrap elementor-element-populated\">\n\t\t\t\t\t\t<div class=\"elementor-element elementor-element-5d12245 elementor-widget elementor-widget-text-editor\" data-id=\"5d12245\" data-element_type=\"widget\" data-e-type=\"widget\" data-widget_type=\"text-editor.default\">\n\t\t\t\t<div class=\"elementor-widget-container\">\n\t\t\t\t\t\t\t\t\t<p><\/p>\n<figure class=\"wp-block-embed is-type-rich is-provider-gestor-del-servei wp-block-embed-gestor-del-servei\"><\/figure>\n<p><span style=\"font-size: 1rem;\">La campanya ha estat vigent durant tot l\u2019estiu, amb l\u2019objectiu de recaptar fons per al projecte d\u2019investigaci\u00f3\u00a0<\/span><a style=\"font-size: 1rem;\" href=\"https:\/\/www.gasolfoundation.org\/es\/estudio-pasos\/\">PASOS<\/a><span style=\"font-size: 1rem;\">, un estudi pioner per avaluar l\u2019activitat f\u00edsica i els estils de vida dels infants i adolescents espanyols de 8 a 16 anys i les seves fam\u00edlies. Els resultats que se n\u2019extreguin ajudaran a establir l\u00ednies d\u2019actuaci\u00f3 en pro d\u2019uns h\u00e0bits saludables que acompanyaran els infants al llarg de la seva vida.<\/span><\/p>\n<p><\/p>\n<p>El 3 de setembre, la\u00a0<a href=\"https:\/\/www.gasolfoundation.org\/ca\/\">Gasol Foundation<\/a>\u00a0va presentar els primers resultats obtinguts amb aquest estudi, que podeu consultar al seu web (<a href=\"http:\/\/www.gasolfoundation.org\/\">www.gasolfoundation.org\/ca\/<\/a>).<\/p>\n<p><\/p>\t\t\t\t\t\t\t\t<\/div>\n\t\t\t\t<\/div>\n\t\t\t\t\t<\/div>\n\t\t<\/div>\n\t\t\t\t<div class=\"elementor-column elementor-col-16 elementor-top-column elementor-element elementor-element-18aa351\" data-id=\"18aa351\" data-element_type=\"column\" data-e-type=\"column\">\n\t\t\t<div class=\"elementor-widget-wrap\">\n\t\t\t\t\t\t\t<\/div>\n\t\t<\/div>\n\t\t\t\t\t<\/div>\n\t\t<\/section>\n\t\t\t\t<section class=\"elementor-section elementor-top-section elementor-element elementor-element-72b1019 elementor-section-boxed elementor-section-height-default elementor-section-height-default\" data-id=\"72b1019\" data-element_type=\"section\" data-e-type=\"section\">\n\t\t\t\t\t\t<div class=\"elementor-container elementor-column-gap-default\">\n\t\t\t\t\t<div class=\"elementor-column elementor-col-100 elementor-top-column elementor-element elementor-element-75c6314\" data-id=\"75c6314\" data-element_type=\"column\" data-e-type=\"column\">\n\t\t\t<div class=\"elementor-widget-wrap elementor-element-populated\">\n\t\t\t\t\t\t<div class=\"elementor-element elementor-element-9f0bdb3 elementor-widget elementor-widget-spacer\" data-id=\"9f0bdb3\" data-element_type=\"widget\" data-e-type=\"widget\" data-widget_type=\"spacer.default\">\n\t\t\t\t<div class=\"elementor-widget-container\">\n\t\t\t\t\t\t\t<div class=\"elementor-spacer\">\n\t\t\t<div class=\"elementor-spacer-inner\"><\/div>\n\t\t<\/div>\n\t\t\t\t\t\t<\/div>\n\t\t\t\t<\/div>\n\t\t\t\t\t<\/div>\n\t\t<\/div>\n\t\t\t\t\t<\/div>\n\t\t<\/section>\n\t\t\t\t<section class=\"elementor-section elementor-top-section elementor-element elementor-element-3b970f6 elementor-section-stretched elementor-section-boxed elementor-section-height-default elementor-section-height-default\" data-id=\"3b970f6\" data-element_type=\"section\" data-e-type=\"section\" data-settings=\"{&quot;stretch_section&quot;:&quot;section-stretched&quot;,&quot;background_background&quot;:&quot;classic&quot;}\">\n\t\t\t\t\t\t<div class=\"elementor-container elementor-column-gap-default\">\n\t\t\t\t\t<div class=\"elementor-column elementor-col-100 elementor-top-column elementor-element elementor-element-72037c7\" data-id=\"72037c7\" data-element_type=\"column\" data-e-type=\"column\">\n\t\t\t<div class=\"elementor-widget-wrap elementor-element-populated\">\n\t\t\t\t\t\t<div class=\"elementor-element elementor-element-ac2bfbc elementor-widget elementor-widget-heading\" data-id=\"ac2bfbc\" data-element_type=\"widget\" data-e-type=\"widget\" data-widget_type=\"heading.default\">\n\t\t\t\t<div class=\"elementor-widget-container\">\n\t\t\t\t\t<h4 class=\"elementor-heading-title elementor-size-default\">L'ENTITAT<\/h4>\t\t\t\t<\/div>\n\t\t\t\t<\/div>\n\t\t\t\t<div class=\"elementor-element elementor-element-022f41b elementor-widget elementor-widget-text-editor\" data-id=\"022f41b\" data-element_type=\"widget\" data-e-type=\"widget\" data-widget_type=\"text-editor.default\">\n\t\t\t\t<div class=\"elementor-widget-container\">\n\t\t\t\t\t\t\t\t\t<p>La <strong>Gasol Foundation<\/strong> centra els seus esfor\u00e7os a desenvolupar activitats i programes amb un objectiu com\u00fa, reduir els \u00edndexs d&#8217;obesitat infantil a trav\u00e9s de la promoci\u00f3 de quatre pilars saludables principals: l&#8217;esport i l&#8217;activitat f\u00edsica, una alimentaci\u00f3 saludable, la import\u00e0ncia del descans i el benestar emocional. Sota el lema Lead by Example (Predica amb l&#8217;exemple) totes les seves iniciatives, activitats i programes a Espanya i els Estats Units involucren als pares i mares, aix\u00ed com als germans\/as per a empoderar a les mateixes fam\u00edlies a fer el canvi cap a una vida saludable per si mateixes.<\/p>\n<p>L&#8217;estudi <strong>PASSOS<\/strong> t\u00e9 com a objectiu establir una gran xarxa d&#8217;entitats que treballin juntes en pro de la salut infantil i que marquin aquesta iniciativa com l&#8217;inici d&#8217;una alian\u00e7a de llarg recorregut.<\/p>\t\t\t\t\t\t\t\t<\/div>\n\t\t\t\t<\/div>\n\t\t\t\t\t<\/div>\n\t\t<\/div>\n\t\t\t\t\t<\/div>\n\t\t<\/section>\n\t\t\t\t<\/div>\n\t\t","protected":false},"excerpt":{"rendered":"<p>Pau Gasol, president i fundador de la Gasol Foundation agraeix a tots els Vienesos la vostra aportaci\u00f3.<\/p>\n","protected":false},"author":1,"featured_media":21986,"comment_status":"closed","ping_status":"closed","sticky":false,"template":"","format":"standard","meta":{"footnotes":""},"categories":[65],"class_list":["post-10309","post","type-post","status-publish","format-standard","has-post-thumbnail","hentry","category-societat"],"yoast_head":"<!-- This site is optimized with the Yoast SEO plugin v24.4 - https:\/\/yoast.com\/wordpress\/plugins\/seo\/ -->\n<title>Recaptem 80.000\u20ac per a la Gasol Foundation - Viena<\/title>\n<meta name=\"robots\" content=\"index, follow, max-snippet:-1, max-image-preview:large, max-video-preview:-1\" \/>\n<link rel=\"canonical\" href=\"https:\/\/www.viena.es\/ca\/blog\/societat\/recaptem-80-000e-per-a-la-gasol-foundation\/\" \/>\n<meta property=\"og:locale\" content=\"ca_ES\" \/>\n<meta property=\"og:type\" content=\"article\" \/>\n<meta property=\"og:title\" content=\"Recaptem 80.000\u20ac per a la Gasol Foundation - Viena\" \/>\n<meta property=\"og:description\" content=\"Pau Gasol, president i fundador de la Gasol Foundation agraeix a tots els Vienesos la vostra aportaci\u00f3.\" \/>\n<meta property=\"og:url\" content=\"https:\/\/www.viena.es\/ca\/blog\/societat\/recaptem-80-000e-per-a-la-gasol-foundation\/\" \/>\n<meta property=\"og:site_name\" content=\"Viena\" \/>\n<meta property=\"article:publisher\" content=\"http:\/\/www.facebook.com\/VienaSocVienes\" \/>\n<meta property=\"article:published_time\" content=\"2019-09-28T09:58:00+00:00\" \/>\n<meta property=\"article:modified_time\" content=\"2022-03-19T15:19:00+00:00\" \/>\n<meta property=\"og:image\" content=\"https:\/\/www.viena.es\/wp-content\/uploads\/2021\/12\/Captura-de-pantalla-2019-09-28-a-las-12.52.40-768x336-1.png\" \/>\n\t<meta property=\"og:image:width\" content=\"768\" \/>\n\t<meta property=\"og:image:height\" content=\"336\" \/>\n\t<meta property=\"og:image:type\" content=\"image\/png\" \/>\n<meta name=\"author\" content=\"jordi\" \/>\n<meta name=\"twitter:card\" content=\"summary_large_image\" \/>\n<meta name=\"twitter:label1\" content=\"Escrit per\" \/>\n\t<meta name=\"twitter:data1\" content=\"jordi\" \/>\n\t<meta name=\"twitter:label2\" content=\"Temps estimat de lectura\" \/>\n\t<meta name=\"twitter:data2\" content=\"2 minuts\" \/>\n<script type=\"application\/ld+json\" class=\"yoast-schema-graph\">{\"@context\":\"https:\/\/schema.org\",\"@graph\":[{\"@type\":\"Article\",\"@id\":\"https:\/\/www.viena.es\/ca\/blog\/societat\/recaptem-80-000e-per-a-la-gasol-foundation\/#article\",\"isPartOf\":{\"@id\":\"https:\/\/www.viena.es\/ca\/blog\/societat\/recaptem-80-000e-per-a-la-gasol-foundation\/\"},\"author\":{\"name\":\"jordi\",\"@id\":\"https:\/\/www.viena.es\/ca\/#\/schema\/person\/bde8bba76a5c238d17a57ba546c0fb31\"},\"headline\":\"Recaptem 80.000\u20ac per a la Gasol Foundation\",\"datePublished\":\"2019-09-28T09:58:00+00:00\",\"dateModified\":\"2022-03-19T15:19:00+00:00\",\"mainEntityOfPage\":{\"@id\":\"https:\/\/www.viena.es\/ca\/blog\/societat\/recaptem-80-000e-per-a-la-gasol-foundation\/\"},\"wordCount\":326,\"publisher\":{\"@id\":\"https:\/\/www.viena.es\/ca\/#organization\"},\"image\":{\"@id\":\"https:\/\/www.viena.es\/ca\/blog\/societat\/recaptem-80-000e-per-a-la-gasol-foundation\/#primaryimage\"},\"thumbnailUrl\":\"https:\/\/www.viena.es\/wp-content\/uploads\/2021\/12\/Captura-de-pantalla-2019-09-28-a-las-12.52.40-768x336-1.png\",\"articleSection\":[\"Societat\"],\"inLanguage\":\"ca\"},{\"@type\":\"WebPage\",\"@id\":\"https:\/\/www.viena.es\/ca\/blog\/societat\/recaptem-80-000e-per-a-la-gasol-foundation\/\",\"url\":\"https:\/\/www.viena.es\/ca\/blog\/societat\/recaptem-80-000e-per-a-la-gasol-foundation\/\",\"name\":\"Recaptem 80.000\u20ac per a la Gasol Foundation - Viena\",\"isPartOf\":{\"@id\":\"https:\/\/www.viena.es\/ca\/#website\"},\"primaryImageOfPage\":{\"@id\":\"https:\/\/www.viena.es\/ca\/blog\/societat\/recaptem-80-000e-per-a-la-gasol-foundation\/#primaryimage\"},\"image\":{\"@id\":\"https:\/\/www.viena.es\/ca\/blog\/societat\/recaptem-80-000e-per-a-la-gasol-foundation\/#primaryimage\"},\"thumbnailUrl\":\"https:\/\/www.viena.es\/wp-content\/uploads\/2021\/12\/Captura-de-pantalla-2019-09-28-a-las-12.52.40-768x336-1.png\",\"datePublished\":\"2019-09-28T09:58:00+00:00\",\"dateModified\":\"2022-03-19T15:19:00+00:00\",\"breadcrumb\":{\"@id\":\"https:\/\/www.viena.es\/ca\/blog\/societat\/recaptem-80-000e-per-a-la-gasol-foundation\/#breadcrumb\"},\"inLanguage\":\"ca\",\"potentialAction\":[{\"@type\":\"ReadAction\",\"target\":[\"https:\/\/www.viena.es\/ca\/blog\/societat\/recaptem-80-000e-per-a-la-gasol-foundation\/\"]}]},{\"@type\":\"ImageObject\",\"inLanguage\":\"ca\",\"@id\":\"https:\/\/www.viena.es\/ca\/blog\/societat\/recaptem-80-000e-per-a-la-gasol-foundation\/#primaryimage\",\"url\":\"https:\/\/www.viena.es\/wp-content\/uploads\/2021\/12\/Captura-de-pantalla-2019-09-28-a-las-12.52.40-768x336-1.png\",\"contentUrl\":\"https:\/\/www.viena.es\/wp-content\/uploads\/2021\/12\/Captura-de-pantalla-2019-09-28-a-las-12.52.40-768x336-1.png\",\"width\":768,\"height\":336},{\"@type\":\"BreadcrumbList\",\"@id\":\"https:\/\/www.viena.es\/ca\/blog\/societat\/recaptem-80-000e-per-a-la-gasol-foundation\/#breadcrumb\",\"itemListElement\":[{\"@type\":\"ListItem\",\"position\":1,\"name\":\"Home\",\"item\":\"https:\/\/www.viena.es\/ca\/\"},{\"@type\":\"ListItem\",\"position\":2,\"name\":\"Recaptem 80.000\u20ac per a la Gasol Foundation\"}]},{\"@type\":\"WebSite\",\"@id\":\"https:\/\/www.viena.es\/ca\/#website\",\"url\":\"https:\/\/www.viena.es\/ca\/\",\"name\":\"Viena\",\"description\":\"\",\"publisher\":{\"@id\":\"https:\/\/www.viena.es\/ca\/#organization\"},\"potentialAction\":[{\"@type\":\"SearchAction\",\"target\":{\"@type\":\"EntryPoint\",\"urlTemplate\":\"https:\/\/www.viena.es\/ca\/?s={search_term_string}\"},\"query-input\":{\"@type\":\"PropertyValueSpecification\",\"valueRequired\":true,\"valueName\":\"search_term_string\"}}],\"inLanguage\":\"ca\"},{\"@type\":\"Organization\",\"@id\":\"https:\/\/www.viena.es\/ca\/#organization\",\"name\":\"Viena\",\"url\":\"https:\/\/www.viena.es\/ca\/\",\"logo\":{\"@type\":\"ImageObject\",\"inLanguage\":\"ca\",\"@id\":\"https:\/\/www.viena.es\/ca\/#\/schema\/logo\/image\/\",\"url\":\"https:\/\/www.viena.es\/wp-content\/uploads\/2022\/06\/viena-logo.png\",\"contentUrl\":\"https:\/\/www.viena.es\/wp-content\/uploads\/2022\/06\/viena-logo.png\",\"width\":256,\"height\":52,\"caption\":\"Viena\"},\"image\":{\"@id\":\"https:\/\/www.viena.es\/ca\/#\/schema\/logo\/image\/\"},\"sameAs\":[\"http:\/\/www.facebook.com\/VienaSocVienes\",\"http:\/\/www.instagram.com\/Vienasocvienes\"]},{\"@type\":\"Person\",\"@id\":\"https:\/\/www.viena.es\/ca\/#\/schema\/person\/bde8bba76a5c238d17a57ba546c0fb31\",\"name\":\"jordi\",\"sameAs\":[\"https:\/\/www.viena.es\"]}]}<\/script>\n<!-- \/ Yoast SEO plugin. -->","yoast_head_json":{"title":"Recaptem 80.000\u20ac per a la Gasol Foundation - Viena","robots":{"index":"index","follow":"follow","max-snippet":"max-snippet:-1","max-image-preview":"max-image-preview:large","max-video-preview":"max-video-preview:-1"},"canonical":"https:\/\/www.viena.es\/ca\/blog\/societat\/recaptem-80-000e-per-a-la-gasol-foundation\/","og_locale":"ca_ES","og_type":"article","og_title":"Recaptem 80.000\u20ac per a la Gasol Foundation - Viena","og_description":"Pau Gasol, president i fundador de la Gasol Foundation agraeix a tots els Vienesos la vostra aportaci\u00f3.","og_url":"https:\/\/www.viena.es\/ca\/blog\/societat\/recaptem-80-000e-per-a-la-gasol-foundation\/","og_site_name":"Viena","article_publisher":"http:\/\/www.facebook.com\/VienaSocVienes","article_published_time":"2019-09-28T09:58:00+00:00","article_modified_time":"2022-03-19T15:19:00+00:00","og_image":[{"width":768,"height":336,"url":"https:\/\/www.viena.es\/wp-content\/uploads\/2021\/12\/Captura-de-pantalla-2019-09-28-a-las-12.52.40-768x336-1.png","type":"image\/png"}],"author":"jordi","twitter_card":"summary_large_image","twitter_misc":{"Escrit per":"jordi","Temps estimat de lectura":"2 minuts"},"schema":{"@context":"https:\/\/schema.org","@graph":[{"@type":"Article","@id":"https:\/\/www.viena.es\/ca\/blog\/societat\/recaptem-80-000e-per-a-la-gasol-foundation\/#article","isPartOf":{"@id":"https:\/\/www.viena.es\/ca\/blog\/societat\/recaptem-80-000e-per-a-la-gasol-foundation\/"},"author":{"name":"jordi","@id":"https:\/\/www.viena.es\/ca\/#\/schema\/person\/bde8bba76a5c238d17a57ba546c0fb31"},"headline":"Recaptem 80.000\u20ac per a la Gasol Foundation","datePublished":"2019-09-28T09:58:00+00:00","dateModified":"2022-03-19T15:19:00+00:00","mainEntityOfPage":{"@id":"https:\/\/www.viena.es\/ca\/blog\/societat\/recaptem-80-000e-per-a-la-gasol-foundation\/"},"wordCount":326,"publisher":{"@id":"https:\/\/www.viena.es\/ca\/#organization"},"image":{"@id":"https:\/\/www.viena.es\/ca\/blog\/societat\/recaptem-80-000e-per-a-la-gasol-foundation\/#primaryimage"},"thumbnailUrl":"https:\/\/www.viena.es\/wp-content\/uploads\/2021\/12\/Captura-de-pantalla-2019-09-28-a-las-12.52.40-768x336-1.png","articleSection":["Societat"],"inLanguage":"ca"},{"@type":"WebPage","@id":"https:\/\/www.viena.es\/ca\/blog\/societat\/recaptem-80-000e-per-a-la-gasol-foundation\/","url":"https:\/\/www.viena.es\/ca\/blog\/societat\/recaptem-80-000e-per-a-la-gasol-foundation\/","name":"Recaptem 80.000\u20ac per a la Gasol Foundation - Viena","isPartOf":{"@id":"https:\/\/www.viena.es\/ca\/#website"},"primaryImageOfPage":{"@id":"https:\/\/www.viena.es\/ca\/blog\/societat\/recaptem-80-000e-per-a-la-gasol-foundation\/#primaryimage"},"image":{"@id":"https:\/\/www.viena.es\/ca\/blog\/societat\/recaptem-80-000e-per-a-la-gasol-foundation\/#primaryimage"},"thumbnailUrl":"https:\/\/www.viena.es\/wp-content\/uploads\/2021\/12\/Captura-de-pantalla-2019-09-28-a-las-12.52.40-768x336-1.png","datePublished":"2019-09-28T09:58:00+00:00","dateModified":"2022-03-19T15:19:00+00:00","breadcrumb":{"@id":"https:\/\/www.viena.es\/ca\/blog\/societat\/recaptem-80-000e-per-a-la-gasol-foundation\/#breadcrumb"},"inLanguage":"ca","potentialAction":[{"@type":"ReadAction","target":["https:\/\/www.viena.es\/ca\/blog\/societat\/recaptem-80-000e-per-a-la-gasol-foundation\/"]}]},{"@type":"ImageObject","inLanguage":"ca","@id":"https:\/\/www.viena.es\/ca\/blog\/societat\/recaptem-80-000e-per-a-la-gasol-foundation\/#primaryimage","url":"https:\/\/www.viena.es\/wp-content\/uploads\/2021\/12\/Captura-de-pantalla-2019-09-28-a-las-12.52.40-768x336-1.png","contentUrl":"https:\/\/www.viena.es\/wp-content\/uploads\/2021\/12\/Captura-de-pantalla-2019-09-28-a-las-12.52.40-768x336-1.png","width":768,"height":336},{"@type":"BreadcrumbList","@id":"https:\/\/www.viena.es\/ca\/blog\/societat\/recaptem-80-000e-per-a-la-gasol-foundation\/#breadcrumb","itemListElement":[{"@type":"ListItem","position":1,"name":"Home","item":"https:\/\/www.viena.es\/ca\/"},{"@type":"ListItem","position":2,"name":"Recaptem 80.000\u20ac per a la Gasol Foundation"}]},{"@type":"WebSite","@id":"https:\/\/www.viena.es\/ca\/#website","url":"https:\/\/www.viena.es\/ca\/","name":"Viena","description":"","publisher":{"@id":"https:\/\/www.viena.es\/ca\/#organization"},"potentialAction":[{"@type":"SearchAction","target":{"@type":"EntryPoint","urlTemplate":"https:\/\/www.viena.es\/ca\/?s={search_term_string}"},"query-input":{"@type":"PropertyValueSpecification","valueRequired":true,"valueName":"search_term_string"}}],"inLanguage":"ca"},{"@type":"Organization","@id":"https:\/\/www.viena.es\/ca\/#organization","name":"Viena","url":"https:\/\/www.viena.es\/ca\/","logo":{"@type":"ImageObject","inLanguage":"ca","@id":"https:\/\/www.viena.es\/ca\/#\/schema\/logo\/image\/","url":"https:\/\/www.viena.es\/wp-content\/uploads\/2022\/06\/viena-logo.png","contentUrl":"https:\/\/www.viena.es\/wp-content\/uploads\/2022\/06\/viena-logo.png","width":256,"height":52,"caption":"Viena"},"image":{"@id":"https:\/\/www.viena.es\/ca\/#\/schema\/logo\/image\/"},"sameAs":["http:\/\/www.facebook.com\/VienaSocVienes","http:\/\/www.instagram.com\/Vienasocvienes"]},{"@type":"Person","@id":"https:\/\/www.viena.es\/ca\/#\/schema\/person\/bde8bba76a5c238d17a57ba546c0fb31","name":"jordi","sameAs":["https:\/\/www.viena.es"]}]}},"_links":{"self":[{"href":"https:\/\/www.viena.es\/ca\/wp-json\/wp\/v2\/posts\/10309","targetHints":{"allow":["GET"]}}],"collection":[{"href":"https:\/\/www.viena.es\/ca\/wp-json\/wp\/v2\/posts"}],"about":[{"href":"https:\/\/www.viena.es\/ca\/wp-json\/wp\/v2\/types\/post"}],"author":[{"embeddable":true,"href":"https:\/\/www.viena.es\/ca\/wp-json\/wp\/v2\/users\/1"}],"replies":[{"embeddable":true,"href":"https:\/\/www.viena.es\/ca\/wp-json\/wp\/v2\/comments?post=10309"}],"version-history":[{"count":40,"href":"https:\/\/www.viena.es\/ca\/wp-json\/wp\/v2\/posts\/10309\/revisions"}],"predecessor-version":[{"id":32662,"href":"https:\/\/www.viena.es\/ca\/wp-json\/wp\/v2\/posts\/10309\/revisions\/32662"}],"wp:featuredmedia":[{"embeddable":true,"href":"https:\/\/www.viena.es\/ca\/wp-json\/wp\/v2\/media\/21986"}],"wp:attachment":[{"href":"https:\/\/www.viena.es\/ca\/wp-json\/wp\/v2\/media?parent=10309"}],"wp:term":[{"taxonomy":"category","embeddable":true,"href":"https:\/\/www.viena.es\/ca\/wp-json\/wp\/v2\/categories?post=10309"}],"curies":[{"name":"wp","href":"https:\/\/api.w.org\/{rel}","templated":true}]}}