 {"id":10307,"date":"2019-09-30T14:20:00","date_gmt":"2019-09-30T12:20:00","guid":{"rendered":"https:\/\/www.viena.es\/?p=10307"},"modified":"2022-03-23T11:59:25","modified_gmt":"2022-03-23T09:59:25","slug":"centim-a-centim-creem-oportunitats","status":"publish","type":"post","link":"https:\/\/www.viena.es\/ca\/blog\/societat\/centim-a-centim-creem-oportunitats\/","title":{"rendered":"C\u00e8ntim a c\u00e8ntim, creem oportunitats"},"content":{"rendered":"\t\t<div data-elementor-type=\"wp-post\" data-elementor-id=\"10307\" class=\"elementor elementor-10307\">\n\t\t\t\t\t\t<section class=\"elementor-section elementor-top-section elementor-element elementor-element-55ef69c9 elementor-section-boxed elementor-section-height-default elementor-section-height-default\" data-id=\"55ef69c9\" data-element_type=\"section\" data-e-type=\"section\">\n\t\t\t\t\t\t<div class=\"elementor-container elementor-column-gap-default\">\n\t\t\t\t\t<div class=\"elementor-column elementor-col-100 elementor-top-column elementor-element elementor-element-2cc5336e\" data-id=\"2cc5336e\" data-element_type=\"column\" data-e-type=\"column\">\n\t\t\t<div class=\"elementor-widget-wrap\">\n\t\t\t\t\t\t\t<\/div>\n\t\t<\/div>\n\t\t\t\t\t<\/div>\n\t\t<\/section>\n\t\t\t\t<section class=\"elementor-section elementor-top-section elementor-element elementor-element-761a73e elementor-section-boxed elementor-section-height-default elementor-section-height-default\" data-id=\"761a73e\" data-element_type=\"section\" data-e-type=\"section\">\n\t\t\t\t\t\t<div class=\"elementor-container elementor-column-gap-default\">\n\t\t\t\t\t<div class=\"elementor-column elementor-col-100 elementor-top-column elementor-element elementor-element-86a9244\" data-id=\"86a9244\" data-element_type=\"column\" data-e-type=\"column\">\n\t\t\t<div class=\"elementor-widget-wrap elementor-element-populated\">\n\t\t\t\t\t\t<div class=\"elementor-element elementor-element-8adc89b elementor-widget elementor-widget-image\" data-id=\"8adc89b\" data-element_type=\"widget\" data-e-type=\"widget\" data-widget_type=\"image.default\">\n\t\t\t\t<div class=\"elementor-widget-container\">\n\t\t\t\t\t\t\t\t\t\t\t\t\t\t\t<img fetchpriority=\"high\" decoding=\"async\" width=\"1150\" height=\"690\" src=\"https:\/\/www.viena.es\/wp-content\/uploads\/2022\/03\/foto_ampans_1150x690.jpg\" class=\"attachment-large size-large wp-image-32780 img-fluid \" alt=\"\" srcset=\"https:\/\/www.viena.es\/wp-content\/uploads\/2022\/03\/foto_ampans_1150x690.jpg 1150w, https:\/\/www.viena.es\/wp-content\/uploads\/2022\/03\/foto_ampans_1150x690-768x461.jpg 768w\" sizes=\"(max-width: 1150px) 100vw, 1150px\" \/>\t\t\t\t\t\t\t\t\t\t\t\t\t\t\t<\/div>\n\t\t\t\t<\/div>\n\t\t\t\t\t<\/div>\n\t\t<\/div>\n\t\t\t\t\t<\/div>\n\t\t<\/section>\n\t\t\t\t<section class=\"elementor-section elementor-top-section elementor-element elementor-element-cfc64d4 elementor-section-boxed elementor-section-height-default elementor-section-height-default\" data-id=\"cfc64d4\" data-element_type=\"section\" data-e-type=\"section\">\n\t\t\t\t\t\t<div class=\"elementor-container elementor-column-gap-default\">\n\t\t\t\t\t\t<\/div>\n\t\t<\/section>\n\t\t\t\t<section class=\"elementor-section elementor-top-section elementor-element elementor-element-7579198 elementor-section-boxed elementor-section-height-default elementor-section-height-default\" data-id=\"7579198\" data-element_type=\"section\" data-e-type=\"section\">\n\t\t\t\t\t\t<div class=\"elementor-container elementor-column-gap-default\">\n\t\t\t\t\t<div class=\"elementor-column elementor-col-33 elementor-top-column elementor-element elementor-element-3d5660e\" data-id=\"3d5660e\" data-element_type=\"column\" data-e-type=\"column\">\n\t\t\t<div class=\"elementor-widget-wrap\">\n\t\t\t\t\t\t\t<\/div>\n\t\t<\/div>\n\t\t\t\t<div class=\"elementor-column elementor-col-33 elementor-top-column elementor-element elementor-element-d077a33\" data-id=\"d077a33\" data-element_type=\"column\" data-e-type=\"column\">\n\t\t\t<div class=\"elementor-widget-wrap elementor-element-populated\">\n\t\t\t\t\t\t<div class=\"elementor-element elementor-element-f08165a elementor-widget elementor-widget-heading\" data-id=\"f08165a\" data-element_type=\"widget\" data-e-type=\"widget\" data-widget_type=\"heading.default\">\n\t\t\t\t<div class=\"elementor-widget-container\">\n\t\t\t\t\t<h5 class=\"elementor-heading-title elementor-size-default\">SOCIETAT<\/h5>\t\t\t\t<\/div>\n\t\t\t\t<\/div>\n\t\t\t\t<div class=\"elementor-element elementor-element-e9a4620 elementor-widget elementor-widget-heading\" data-id=\"e9a4620\" data-element_type=\"widget\" data-e-type=\"widget\" data-widget_type=\"heading.default\">\n\t\t\t\t<div class=\"elementor-widget-container\">\n\t\t\t\t\t<h2 class=\"elementor-heading-title elementor-size-default\">C\u00c8NTIM A C\u00c8NTIM, CREEM OPORTUNITATS<\/h2>\t\t\t\t<\/div>\n\t\t\t\t<\/div>\n\t\t\t\t<div class=\"elementor-element elementor-element-338f021 elementor-widget elementor-widget-text-editor\" data-id=\"338f021\" data-element_type=\"widget\" data-e-type=\"widget\" data-widget_type=\"text-editor.default\">\n\t\t\t\t<div class=\"elementor-widget-container\">\n\t\t\t\t\t\t\t\t\t<h5><strong>Viena impulsa una nova iniciativa solid\u00e0ria amb la col\u00b7laboraci\u00f3 de la Fundaci\u00f3 AMPANS.<\/strong><\/h5>\t\t\t\t\t\t\t\t<\/div>\n\t\t\t\t<\/div>\n\t\t\t\t\t<\/div>\n\t\t<\/div>\n\t\t\t\t<div class=\"elementor-column elementor-col-33 elementor-top-column elementor-element elementor-element-a0c264f\" data-id=\"a0c264f\" data-element_type=\"column\" data-e-type=\"column\">\n\t\t\t<div class=\"elementor-widget-wrap\">\n\t\t\t\t\t\t\t<\/div>\n\t\t<\/div>\n\t\t\t\t\t<\/div>\n\t\t<\/section>\n\t\t\t\t<section class=\"elementor-section elementor-top-section elementor-element elementor-element-c9e4b1f elementor-section-boxed elementor-section-height-default elementor-section-height-default\" data-id=\"c9e4b1f\" data-element_type=\"section\" data-e-type=\"section\">\n\t\t\t\t\t\t<div class=\"elementor-container elementor-column-gap-default\">\n\t\t\t\t\t<div class=\"elementor-column elementor-col-16 elementor-top-column elementor-element elementor-element-bec5ddc\" data-id=\"bec5ddc\" data-element_type=\"column\" data-e-type=\"column\">\n\t\t\t<div class=\"elementor-widget-wrap\">\n\t\t\t\t\t\t\t<\/div>\n\t\t<\/div>\n\t\t\t\t<div class=\"elementor-column elementor-col-66 elementor-top-column elementor-element elementor-element-d208414\" data-id=\"d208414\" data-element_type=\"column\" data-e-type=\"column\">\n\t\t\t<div class=\"elementor-widget-wrap elementor-element-populated\">\n\t\t\t\t\t\t<div class=\"elementor-element elementor-element-c2438f5 elementor-widget elementor-widget-text-editor\" data-id=\"c2438f5\" data-element_type=\"widget\" data-e-type=\"widget\" data-widget_type=\"text-editor.default\">\n\t\t\t\t<div class=\"elementor-widget-container\">\n\t\t\t\t\t\t\t\t\t<p>Iniciem temporada amb una nova campanya d\u2019arrodoniment solidari per impulsar la inserci\u00f3 laboral de les persones amb discapacitat intel\u00b7lectual o en situaci\u00f3 de vulnerabilitat.<\/p>\t\t\t\t\t\t\t\t<\/div>\n\t\t\t\t<\/div>\n\t\t\t\t<div class=\"elementor-element elementor-element-0784c42 elementor-widget-divider--view-line elementor-widget elementor-widget-divider\" data-id=\"0784c42\" data-element_type=\"widget\" data-e-type=\"widget\" data-widget_type=\"divider.default\">\n\t\t\t\t<div class=\"elementor-widget-container\">\n\t\t\t\t\t\t\t<div class=\"elementor-divider\">\n\t\t\t<span class=\"elementor-divider-separator\">\n\t\t\t\t\t\t<\/span>\n\t\t<\/div>\n\t\t\t\t\t\t<\/div>\n\t\t\t\t<\/div>\n\t\t\t\t<div class=\"elementor-element elementor-element-8771728 elementor-widget elementor-widget-text-editor\" data-id=\"8771728\" data-element_type=\"widget\" data-e-type=\"widget\" data-widget_type=\"text-editor.default\">\n\t\t\t\t<div class=\"elementor-widget-container\">\n\t\t\t\t\t\t\t\t\t<p>Des del Viena posem en marxa el repte solidari \u00ab<a href=\"https:\/\/viena.worldcoo.com\/bb9cb03c-6e81-4efc-abe1-d901a00443c2\">C\u00e8ntim a c\u00e8ntim, creem oportunitats<\/a><strong>\u00bb\u00a0<\/strong>amb la<a href=\"https:\/\/www.ampans.cat\/\"><strong>\u00a0Fundaci\u00f3 AMPANS<\/strong><\/a>. L\u2019objectiu \u00e9s recaptar fons per a la creaci\u00f3 d\u2019oportunitats laborals per a les persones amb discapacitat intel\u00b7lectual o en situaci\u00f3 de vulnerabilitat, perqu\u00e8 puguin accedir al mercat laboral i disposar dels suports necessaris per fer-ho.<\/p><p><strong>AMPANS<\/strong>\u00a0treballa en pro d\u2019una societat m\u00e9s inclusiva. Aix\u00ed, fomenta l\u2019autonomia personal i la igualtat d\u2019oportunitats creant llocs de treball adaptats, amb un ampli ventall de possibilitats, per tal de trobar la feina m\u00e9s adequada a cada persona. La diversificaci\u00f3 de projectes laborals, des d\u2019un\u00a0<em>garden<\/em>\u00a0fins a una formatgeria, entre molts altres sectors, permet a la fundaci\u00f3 generar ocupaci\u00f3 per a perfils molt diversos de persones amb discapacitat intel\u00b7lectual o en situaci\u00f3 de vulnerabilitat.<\/p>\t\t\t\t\t\t\t\t<\/div>\n\t\t\t\t<\/div>\n\t\t\t\t<div class=\"elementor-element elementor-element-35a65de elementor-widget elementor-widget-text-editor\" data-id=\"35a65de\" data-element_type=\"widget\" data-e-type=\"widget\" data-widget_type=\"text-editor.default\">\n\t\t\t\t<div class=\"elementor-widget-container\">\n\t\t\t\t\t\t\t\t\t<p>Totes les aportacions es destinaran a impulsar la inserci\u00f3<br \/>laboral de persones amb discapacitat intel\u00b7lectual o en situaci\u00f3 de vulnerabilitat.<\/p>\t\t\t\t\t\t\t\t<\/div>\n\t\t\t\t<\/div>\n\t\t\t\t<div class=\"elementor-element elementor-element-d4f2e60 elementor-widget elementor-widget-text-editor\" data-id=\"d4f2e60\" data-element_type=\"widget\" data-e-type=\"widget\" data-widget_type=\"text-editor.default\">\n\t\t\t\t<div class=\"elementor-widget-container\">\n\t\t\t\t\t\t\t\t\t<div class=\"vc_row wpb_row vc_row-fluid\"><div class=\"wpb_column vc_column_container vc_col-sm-12\"><div class=\"vc_column-inner \"><div class=\"wpb_wrapper\"><div class=\"wpb_text_column wpb_content_element \"><div class=\"wpb_wrapper\"><p>La suma de totes les donacions fetes pels clients de Viena es destinaran \u00edntegrament al\u00a0<strong>projecte de turisme agrosocial<\/strong>\u00a0que AMPANS desenvolupa\u00a0<strong>a la finca Urpina<\/strong>. En els propers anys\u00a0<strong>donar\u00e0 feina a 40 persones amb necessitats especials<\/strong>\u00a0i\u00a0<strong>fomentar\u00e0 projectes i accions de sensibilitzaci\u00f3 per a la inclusi\u00f3 sociolaboral<\/strong> de les persones amb discapacitat intel\u00b7lectual als 20.000 visitants que es preveu que passin cada any per la finca.<\/p><\/div><\/div><\/div><\/div><\/div><\/div>\t\t\t\t\t\t\t\t<\/div>\n\t\t\t\t<\/div>\n\t\t\t\t\t<\/div>\n\t\t<\/div>\n\t\t\t\t<div class=\"elementor-column elementor-col-16 elementor-top-column elementor-element elementor-element-76e77de\" data-id=\"76e77de\" data-element_type=\"column\" data-e-type=\"column\">\n\t\t\t<div class=\"elementor-widget-wrap\">\n\t\t\t\t\t\t\t<\/div>\n\t\t<\/div>\n\t\t\t\t\t<\/div>\n\t\t<\/section>\n\t\t\t\t<section class=\"elementor-section elementor-top-section elementor-element elementor-element-575568c elementor-section-boxed elementor-section-height-default elementor-section-height-default\" data-id=\"575568c\" data-element_type=\"section\" data-e-type=\"section\">\n\t\t\t\t\t\t<div class=\"elementor-container elementor-column-gap-default\">\n\t\t\t\t\t<div class=\"elementor-column elementor-col-33 elementor-top-column elementor-element elementor-element-4ed606d\" data-id=\"4ed606d\" data-element_type=\"column\" data-e-type=\"column\">\n\t\t\t<div class=\"elementor-widget-wrap elementor-element-populated\">\n\t\t\t\t\t\t<div class=\"elementor-element elementor-element-8c35199 elementor-widget elementor-widget-spacer\" data-id=\"8c35199\" data-element_type=\"widget\" data-e-type=\"widget\" data-widget_type=\"spacer.default\">\n\t\t\t\t<div class=\"elementor-widget-container\">\n\t\t\t\t\t\t\t<div class=\"elementor-spacer\">\n\t\t\t<div class=\"elementor-spacer-inner\"><\/div>\n\t\t<\/div>\n\t\t\t\t\t\t<\/div>\n\t\t\t\t<\/div>\n\t\t\t\t<div class=\"elementor-element elementor-element-a46c6eb elementor-widget elementor-widget-image\" data-id=\"a46c6eb\" data-element_type=\"widget\" data-e-type=\"widget\" data-widget_type=\"image.default\">\n\t\t\t\t<div class=\"elementor-widget-container\">\n\t\t\t\t\t\t\t\t\t\t\t\t\t\t\t<img decoding=\"async\" width=\"1200\" height=\"803\" src=\"https:\/\/www.viena.es\/wp-content\/uploads\/2019\/09\/Panoramica-llar-1200x803.jpg\" class=\"attachment-large size-large wp-image-18880 img-fluid \" alt=\"\" srcset=\"https:\/\/www.viena.es\/wp-content\/uploads\/2019\/09\/Panoramica-llar-1200x803.jpg 1200w, https:\/\/www.viena.es\/wp-content\/uploads\/2019\/09\/Panoramica-llar-768x514.jpg 768w, https:\/\/www.viena.es\/wp-content\/uploads\/2019\/09\/Panoramica-llar-1536x1028.jpg 1536w, https:\/\/www.viena.es\/wp-content\/uploads\/2019\/09\/Panoramica-llar-2048x1370.jpg 2048w\" sizes=\"(max-width: 1200px) 100vw, 1200px\" \/>\t\t\t\t\t\t\t\t\t\t\t\t\t\t\t<\/div>\n\t\t\t\t<\/div>\n\t\t\t\t\t<\/div>\n\t\t<\/div>\n\t\t\t\t<div class=\"elementor-column elementor-col-66 elementor-top-column elementor-element elementor-element-4c5f163\" data-id=\"4c5f163\" data-element_type=\"column\" data-e-type=\"column\">\n\t\t\t<div class=\"elementor-widget-wrap elementor-element-populated\">\n\t\t\t\t\t\t<div class=\"elementor-element elementor-element-952be5a elementor-widget elementor-widget-spacer\" data-id=\"952be5a\" data-element_type=\"widget\" data-e-type=\"widget\" data-widget_type=\"spacer.default\">\n\t\t\t\t<div class=\"elementor-widget-container\">\n\t\t\t\t\t\t\t<div class=\"elementor-spacer\">\n\t\t\t<div class=\"elementor-spacer-inner\"><\/div>\n\t\t<\/div>\n\t\t\t\t\t\t<\/div>\n\t\t\t\t<\/div>\n\t\t\t\t<div class=\"elementor-element elementor-element-519a3c2 elementor-widget elementor-widget-spacer\" data-id=\"519a3c2\" data-element_type=\"widget\" data-e-type=\"widget\" data-widget_type=\"spacer.default\">\n\t\t\t\t<div class=\"elementor-widget-container\">\n\t\t\t\t\t\t\t<div class=\"elementor-spacer\">\n\t\t\t<div class=\"elementor-spacer-inner\"><\/div>\n\t\t<\/div>\n\t\t\t\t\t\t<\/div>\n\t\t\t\t<\/div>\n\t\t\t\t<div class=\"elementor-element elementor-element-544b148 elementor-widget elementor-widget-heading\" data-id=\"544b148\" data-element_type=\"widget\" data-e-type=\"widget\" data-widget_type=\"heading.default\">\n\t\t\t\t<div class=\"elementor-widget-container\">\n\t\t\t\t\t<h2 class=\"elementor-heading-title elementor-size-default\">AJUDEM A IMPULSAR LA FINCA URPINA<\/h2>\t\t\t\t<\/div>\n\t\t\t\t<\/div>\n\t\t\t\t<div class=\"elementor-element elementor-element-7d1ef3d elementor-widget elementor-widget-text-editor\" data-id=\"7d1ef3d\" data-element_type=\"widget\" data-e-type=\"widget\" data-widget_type=\"text-editor.default\">\n\t\t\t\t<div class=\"elementor-widget-container\">\n\t\t\t\t\t\t\t\t\t<p>La finca Urpina, situada a Sant Salvador de Guardiola, \u00e9s un dels projectes d\u2019inserci\u00f3 laboral que AMPANS porta a terme des de l\u2019any 2008. A la finca s\u2019hi elaboren els formatges Muntanyola i els vins Urpina. Alhora, acull una de les llars resid\u00e8ncia d\u2019AMPANS, en qu\u00e8 hi viuen 24 persones amb discapacitat intel\u00b7lectual, un projecte integrat en la natura que dona oportunitats i reconeixement social a les persones que acull.<\/p>\t\t\t\t\t\t\t\t<\/div>\n\t\t\t\t<\/div>\n\t\t\t\t\t<\/div>\n\t\t<\/div>\n\t\t\t\t\t<\/div>\n\t\t<\/section>\n\t\t\t\t<section class=\"elementor-section elementor-top-section elementor-element elementor-element-02846c7 elementor-section-boxed elementor-section-height-default elementor-section-height-default\" data-id=\"02846c7\" data-element_type=\"section\" data-e-type=\"section\">\n\t\t\t\t\t\t<div class=\"elementor-container elementor-column-gap-default\">\n\t\t\t\t\t<div class=\"elementor-column elementor-col-33 elementor-top-column elementor-element elementor-element-7ef72af\" data-id=\"7ef72af\" data-element_type=\"column\" data-e-type=\"column\">\n\t\t\t<div class=\"elementor-widget-wrap elementor-element-populated\">\n\t\t\t\t\t\t<div class=\"elementor-element elementor-element-28eccaa elementor-widget elementor-widget-text-editor\" data-id=\"28eccaa\" data-element_type=\"widget\" data-e-type=\"widget\" data-widget_type=\"text-editor.default\">\n\t\t\t\t<div class=\"elementor-widget-container\">\n\t\t\t\t\t\t\t\t\t<p>La nostra missi\u00f3 \u00e9s trobar oportunitats i sinergies perqu\u00e8 les persones puguin treballar en entorns normalitzats, i quan aix\u00f2 no \u00e9s possible, impulsem projectes molt diversos que generin feina. D\u2019aqu\u00ed neixen els vins Urpina i els formatges Muntanyola, el restaurant Canonge, el Garden AMPANS, o l\u2019Art de Viure, un taller d\u2019art que \u00e9s un dels projectes m\u00e9s recents.<\/p>\t\t\t\t\t\t\t\t<\/div>\n\t\t\t\t<\/div>\n\t\t\t\t\t<\/div>\n\t\t<\/div>\n\t\t\t\t<div class=\"elementor-column elementor-col-66 elementor-top-column elementor-element elementor-element-6055266\" data-id=\"6055266\" data-element_type=\"column\" data-e-type=\"column\">\n\t\t\t<div class=\"elementor-widget-wrap elementor-element-populated\">\n\t\t\t\t\t\t<div class=\"elementor-element elementor-element-dd3ad32 elementor-widget elementor-widget-image\" data-id=\"dd3ad32\" data-element_type=\"widget\" data-e-type=\"widget\" data-widget_type=\"image.default\">\n\t\t\t\t<div class=\"elementor-widget-container\">\n\t\t\t\t\t\t\t\t\t\t\t\t\t\t\t<img decoding=\"async\" width=\"819\" height=\"1200\" src=\"https:\/\/www.viena.es\/wp-content\/uploads\/2019\/09\/vinyes-Urpina-2-819x1200.jpg\" class=\"attachment-large size-large wp-image-18883 img-fluid \" alt=\"\" srcset=\"https:\/\/www.viena.es\/wp-content\/uploads\/2019\/09\/vinyes-Urpina-2-819x1200.jpg 819w, https:\/\/www.viena.es\/wp-content\/uploads\/2019\/09\/vinyes-Urpina-2-524x768.jpg 524w, https:\/\/www.viena.es\/wp-content\/uploads\/2019\/09\/vinyes-Urpina-2-768x1125.jpg 768w, https:\/\/www.viena.es\/wp-content\/uploads\/2019\/09\/vinyes-Urpina-2.jpg 871w\" sizes=\"(max-width: 819px) 100vw, 819px\" \/>\t\t\t\t\t\t\t\t\t\t\t\t\t\t\t<\/div>\n\t\t\t\t<\/div>\n\t\t\t\t\t<\/div>\n\t\t<\/div>\n\t\t\t\t\t<\/div>\n\t\t<\/section>\n\t\t\t\t<section class=\"elementor-section elementor-top-section elementor-element elementor-element-52fc080 elementor-section-boxed elementor-section-height-default elementor-section-height-default\" data-id=\"52fc080\" data-element_type=\"section\" data-e-type=\"section\">\n\t\t\t\t\t\t<div class=\"elementor-container elementor-column-gap-default\">\n\t\t\t\t\t<div class=\"elementor-column elementor-col-50 elementor-top-column elementor-element elementor-element-930f08b\" data-id=\"930f08b\" data-element_type=\"column\" data-e-type=\"column\">\n\t\t\t<div class=\"elementor-widget-wrap elementor-element-populated\">\n\t\t\t\t\t\t<div class=\"elementor-element elementor-element-ef4ff25 elementor-widget elementor-widget-image\" data-id=\"ef4ff25\" data-element_type=\"widget\" data-e-type=\"widget\" data-widget_type=\"image.default\">\n\t\t\t\t<div class=\"elementor-widget-container\">\n\t\t\t\t\t\t\t\t\t\t\t\t\t\t\t<img loading=\"lazy\" decoding=\"async\" width=\"1200\" height=\"801\" src=\"https:\/\/www.viena.es\/wp-content\/uploads\/2019\/09\/Granja-cabres-1200x801.jpg\" class=\"attachment-large size-large wp-image-18877 img-fluid \" alt=\"\" srcset=\"https:\/\/www.viena.es\/wp-content\/uploads\/2019\/09\/Granja-cabres-1200x801.jpg 1200w, https:\/\/www.viena.es\/wp-content\/uploads\/2019\/09\/Granja-cabres-768x513.jpg 768w, https:\/\/www.viena.es\/wp-content\/uploads\/2019\/09\/Granja-cabres-1536x1025.jpg 1536w, https:\/\/www.viena.es\/wp-content\/uploads\/2019\/09\/Granja-cabres-2048x1367.jpg 2048w\" sizes=\"(max-width: 1200px) 100vw, 1200px\" \/>\t\t\t\t\t\t\t\t\t\t\t\t\t\t\t<\/div>\n\t\t\t\t<\/div>\n\t\t\t\t\t<\/div>\n\t\t<\/div>\n\t\t\t\t<div class=\"elementor-column elementor-col-50 elementor-top-column elementor-element elementor-element-8861f7e\" data-id=\"8861f7e\" data-element_type=\"column\" data-e-type=\"column\">\n\t\t\t<div class=\"elementor-widget-wrap elementor-element-populated\">\n\t\t\t\t\t\t<div class=\"elementor-element elementor-element-65e4805 elementor-widget elementor-widget-spacer\" data-id=\"65e4805\" data-element_type=\"widget\" data-e-type=\"widget\" data-widget_type=\"spacer.default\">\n\t\t\t\t<div class=\"elementor-widget-container\">\n\t\t\t\t\t\t\t<div class=\"elementor-spacer\">\n\t\t\t<div class=\"elementor-spacer-inner\"><\/div>\n\t\t<\/div>\n\t\t\t\t\t\t<\/div>\n\t\t\t\t<\/div>\n\t\t\t\t<div class=\"elementor-element elementor-element-df5d209 elementor-widget elementor-widget-spacer\" data-id=\"df5d209\" data-element_type=\"widget\" data-e-type=\"widget\" data-widget_type=\"spacer.default\">\n\t\t\t\t<div class=\"elementor-widget-container\">\n\t\t\t\t\t\t\t<div class=\"elementor-spacer\">\n\t\t\t<div class=\"elementor-spacer-inner\"><\/div>\n\t\t<\/div>\n\t\t\t\t\t\t<\/div>\n\t\t\t\t<\/div>\n\t\t\t\t<div class=\"elementor-element elementor-element-f445a97 elementor-widget elementor-widget-text-editor\" data-id=\"f445a97\" data-element_type=\"widget\" data-e-type=\"widget\" data-widget_type=\"text-editor.default\">\n\t\t\t\t<div class=\"elementor-widget-container\">\n\t\t\t\t\t\t\t\t\t<p>Un garden, un restaurant i una formatgeria, projectes d&#8217;\u00e8xit per a la inserci\u00f3 laboral.<\/p>\t\t\t\t\t\t\t\t<\/div>\n\t\t\t\t<\/div>\n\t\t\t\t\t<\/div>\n\t\t<\/div>\n\t\t\t\t\t<\/div>\n\t\t<\/section>\n\t\t\t\t<section class=\"elementor-section elementor-top-section elementor-element elementor-element-1c9ea77 elementor-section-stretched elementor-section-boxed elementor-section-height-default elementor-section-height-default\" data-id=\"1c9ea77\" data-element_type=\"section\" data-e-type=\"section\" data-settings=\"{&quot;stretch_section&quot;:&quot;section-stretched&quot;,&quot;background_background&quot;:&quot;classic&quot;}\">\n\t\t\t\t\t\t<div class=\"elementor-container elementor-column-gap-default\">\n\t\t\t\t\t<div class=\"elementor-column elementor-col-33 elementor-top-column elementor-element elementor-element-5703d78\" data-id=\"5703d78\" data-element_type=\"column\" data-e-type=\"column\">\n\t\t\t<div class=\"elementor-widget-wrap elementor-element-populated\">\n\t\t\t\t\t\t<div class=\"elementor-element elementor-element-12bb5cb elementor-widget elementor-widget-heading\" data-id=\"12bb5cb\" data-element_type=\"widget\" data-e-type=\"widget\" data-widget_type=\"heading.default\">\n\t\t\t\t<div class=\"elementor-widget-container\">\n\t\t\t\t\t<h4 class=\"elementor-heading-title elementor-size-default\">PARLEM AMB TONI ESPINAL\n<\/h4>\t\t\t\t<\/div>\n\t\t\t\t<\/div>\n\t\t\t\t<div class=\"elementor-element elementor-element-a876e6d elementor-widget elementor-widget-text-editor\" data-id=\"a876e6d\" data-element_type=\"widget\" data-e-type=\"widget\" data-widget_type=\"text-editor.default\">\n\t\t\t\t<div class=\"elementor-widget-container\">\n\t\t\t\t\t\t\t\t\t<h5>Director General de Ampans<\/h5>\t\t\t\t\t\t\t\t<\/div>\n\t\t\t\t<\/div>\n\t\t\t\t<div class=\"elementor-element elementor-element-eadbef1 elementor-widget-divider--view-line elementor-widget elementor-widget-divider\" data-id=\"eadbef1\" data-element_type=\"widget\" data-e-type=\"widget\" data-widget_type=\"divider.default\">\n\t\t\t\t<div class=\"elementor-widget-container\">\n\t\t\t\t\t\t\t<div class=\"elementor-divider\">\n\t\t\t<span class=\"elementor-divider-separator\">\n\t\t\t\t\t\t<\/span>\n\t\t<\/div>\n\t\t\t\t\t\t<\/div>\n\t\t\t\t<\/div>\n\t\t\t\t<div class=\"elementor-element elementor-element-43e2275 elementor-widget elementor-widget-heading\" data-id=\"43e2275\" data-element_type=\"widget\" data-e-type=\"widget\" data-widget_type=\"heading.default\">\n\t\t\t\t<div class=\"elementor-widget-container\">\n\t\t\t\t\t<h4 class=\"elementor-heading-title elementor-size-default\">Quin ha estat el secret del creixament de la Finca Urpina<\/h4>\t\t\t\t<\/div>\n\t\t\t\t<\/div>\n\t\t\t\t<div class=\"elementor-element elementor-element-12de495 elementor-widget elementor-widget-text-editor\" data-id=\"12de495\" data-element_type=\"widget\" data-e-type=\"widget\" data-widget_type=\"text-editor.default\">\n\t\t\t\t<div class=\"elementor-widget-container\">\n\t\t\t\t\t\t\t\t\t<p>El secret del creixement d\u2019Urpina \u00e9s el mateix que el d\u2019AMPANS en general: haver sabut transformar la solidaritat de les persones en oportunitats per a d\u2019altres.<\/p>\t\t\t\t\t\t\t\t<\/div>\n\t\t\t\t<\/div>\n\t\t\t\t<div class=\"elementor-element elementor-element-39080a1 elementor-widget elementor-widget-text-editor\" data-id=\"39080a1\" data-element_type=\"widget\" data-e-type=\"widget\" data-widget_type=\"text-editor.default\">\n\t\t\t\t<div class=\"elementor-widget-container\">\n\t\t\t\t\t\t\t\t\t<p><em>&#8220;LA FEINA \u00c9S UNA ACTIVITAT FONAMENTAL EN LA VIDA DE QUALSEVOL PERSONA.&#8221;<\/em><\/p>\t\t\t\t\t\t\t\t<\/div>\n\t\t\t\t<\/div>\n\t\t\t\t\t<\/div>\n\t\t<\/div>\n\t\t\t\t<div class=\"elementor-column elementor-col-33 elementor-top-column elementor-element elementor-element-f8d08c0\" data-id=\"f8d08c0\" data-element_type=\"column\" data-e-type=\"column\">\n\t\t\t<div class=\"elementor-widget-wrap elementor-element-populated\">\n\t\t\t\t\t\t<div class=\"elementor-element elementor-element-e707e87 elementor-widget elementor-widget-heading\" data-id=\"e707e87\" data-element_type=\"widget\" data-e-type=\"widget\" data-widget_type=\"heading.default\">\n\t\t\t\t<div class=\"elementor-widget-container\">\n\t\t\t\t\t<h4 class=\"elementor-heading-title elementor-size-default\">Quines accions de sensibilitzaci\u00f3 social porteu a terme?<\/h4>\t\t\t\t<\/div>\n\t\t\t\t<\/div>\n\t\t\t\t<div class=\"elementor-element elementor-element-6a4c02e elementor-widget elementor-widget-text-editor\" data-id=\"6a4c02e\" data-element_type=\"widget\" data-e-type=\"widget\" data-widget_type=\"text-editor.default\">\n\t\t\t\t<div class=\"elementor-widget-container\">\n\t\t\t\t\t\t\t\t\t<p>Amb tot all\u00f2 que fem estem sensibilitzant perqu\u00e8, per dur a terme la nostra missi\u00f3, necessitem el suport d\u2019una societat sensible que valori les capacitats i el talent de les persones per damunt de la discapacitat.<\/p><p>Per exemple, en l\u2019\u00e0mbit empresarial, organitzem una jornada en la qual compartim pr\u00e0ctiques empresarials responsables, donem un premi a la creaci\u00f3 audiovisual de persones amb discapacitat intel\u00b7lectual, fem un gran concert de Nadal, una cursa popular, tallers escolars, etc.<\/p>\t\t\t\t\t\t\t\t<\/div>\n\t\t\t\t<\/div>\n\t\t\t\t\t<\/div>\n\t\t<\/div>\n\t\t\t\t<div class=\"elementor-column elementor-col-33 elementor-top-column elementor-element elementor-element-fae95a7\" data-id=\"fae95a7\" data-element_type=\"column\" data-e-type=\"column\">\n\t\t\t<div class=\"elementor-widget-wrap elementor-element-populated\">\n\t\t\t\t\t\t<div class=\"elementor-element elementor-element-5a4cbe6 elementor-widget elementor-widget-heading\" data-id=\"5a4cbe6\" data-element_type=\"widget\" data-e-type=\"widget\" data-widget_type=\"heading.default\">\n\t\t\t\t<div class=\"elementor-widget-container\">\n\t\t\t\t\t<h4 class=\"elementor-heading-title elementor-size-default\">Qu\u00e8 significa per a Ampans aquesta col\u00b7laboraci\u00f3 amb Viea?<\/h4>\t\t\t\t<\/div>\n\t\t\t\t<\/div>\n\t\t\t\t<div class=\"elementor-element elementor-element-7f20602 elementor-widget elementor-widget-text-editor\" data-id=\"7f20602\" data-element_type=\"widget\" data-e-type=\"widget\" data-widget_type=\"text-editor.default\">\n\t\t\t\t<div class=\"elementor-widget-container\">\n\t\t\t\t\t\t\t\t\t<p>\u00c9s una gran oportunitat per compartir el nostre projecte amb la societat i fer-la part\u00edcip de la tasca que duem a terme al costat de les persones amb discapacitat intel\u00b7lectual. Ens sentim del tot privilegiats que Viena i Worldcoo hagin estat sensibles a la nostra tasca i hagin apostat per fer d\u2019altaveu d\u2019un programa solidari que \u00abc\u00e8ntim a c\u00e8ntim\u00bb ajuda a transformar projectes en oportunitats.<\/p>\t\t\t\t\t\t\t\t<\/div>\n\t\t\t\t<\/div>\n\t\t\t\t\t<\/div>\n\t\t<\/div>\n\t\t\t\t\t<\/div>\n\t\t<\/section>\n\t\t\t\t<section class=\"elementor-section elementor-top-section elementor-element elementor-element-9310417 elementor-section-boxed elementor-section-height-default elementor-section-height-default\" data-id=\"9310417\" data-element_type=\"section\" data-e-type=\"section\">\n\t\t\t\t\t\t<div class=\"elementor-container elementor-column-gap-default\">\n\t\t\t\t\t<div class=\"elementor-column elementor-col-33 elementor-top-column elementor-element elementor-element-46b7161\" data-id=\"46b7161\" data-element_type=\"column\" data-e-type=\"column\">\n\t\t\t<div class=\"elementor-widget-wrap elementor-element-populated\">\n\t\t\t\t\t\t<div class=\"elementor-element elementor-element-2f517bf elementor-widget elementor-widget-text-editor\" data-id=\"2f517bf\" data-element_type=\"widget\" data-e-type=\"widget\" data-widget_type=\"text-editor.default\">\n\t\t\t\t<div class=\"elementor-widget-container\">\n\t\t\t\t\t\t\t\t\t<p>Aquesta nova campanya es posa en marxa en tots els nostres establiments de Catalunya i Val\u00e8ncia per als clients que paguin amb targeta, gr\u00e0cies a la tecnologia desenvolupada per Worldcoo que permet connectar ONG, empresa i ciutadans per a la cooperaci\u00f3. A trav\u00e9s de la web www. viena.es, podreu veure la suma de totes les recaptacions, aix\u00ed com contribuir a aquesta campanya amb un donatiu.<\/p>\t\t\t\t\t\t\t\t<\/div>\n\t\t\t\t<\/div>\n\t\t\t\t\t<\/div>\n\t\t<\/div>\n\t\t\t\t<div class=\"elementor-column elementor-col-66 elementor-top-column elementor-element elementor-element-556e3a7\" data-id=\"556e3a7\" data-element_type=\"column\" data-e-type=\"column\">\n\t\t\t<div class=\"elementor-widget-wrap elementor-element-populated\">\n\t\t\t\t\t\t<div class=\"elementor-element elementor-element-c4617f7 elementor-widget elementor-widget-spacer\" data-id=\"c4617f7\" data-element_type=\"widget\" data-e-type=\"widget\" data-widget_type=\"spacer.default\">\n\t\t\t\t<div class=\"elementor-widget-container\">\n\t\t\t\t\t\t\t<div class=\"elementor-spacer\">\n\t\t\t<div class=\"elementor-spacer-inner\"><\/div>\n\t\t<\/div>\n\t\t\t\t\t\t<\/div>\n\t\t\t\t<\/div>\n\t\t\t\t<div class=\"elementor-element elementor-element-935cee0 elementor-widget elementor-widget-image\" data-id=\"935cee0\" data-element_type=\"widget\" data-e-type=\"widget\" data-widget_type=\"image.default\">\n\t\t\t\t<div class=\"elementor-widget-container\">\n\t\t\t\t\t\t\t\t\t\t\t\t\t\t\t<img loading=\"lazy\" decoding=\"async\" width=\"1200\" height=\"800\" src=\"https:\/\/www.viena.es\/wp-content\/uploads\/2019\/06\/MG_5157-1200x800.jpg\" class=\"attachment-large size-large wp-image-18866 img-fluid \" alt=\"\" srcset=\"https:\/\/www.viena.es\/wp-content\/uploads\/2019\/06\/MG_5157-1200x800.jpg 1200w, https:\/\/www.viena.es\/wp-content\/uploads\/2019\/06\/MG_5157-768x512.jpg 768w, https:\/\/www.viena.es\/wp-content\/uploads\/2019\/06\/MG_5157-1536x1024.jpg 1536w, https:\/\/www.viena.es\/wp-content\/uploads\/2019\/06\/MG_5157-2048x1365.jpg 2048w\" sizes=\"(max-width: 1200px) 100vw, 1200px\" \/>\t\t\t\t\t\t\t\t\t\t\t\t\t\t\t<\/div>\n\t\t\t\t<\/div>\n\t\t\t\t\t<\/div>\n\t\t<\/div>\n\t\t\t\t\t<\/div>\n\t\t<\/section>\n\t\t\t\t<section class=\"elementor-section elementor-top-section elementor-element elementor-element-247090f elementor-section-stretched elementor-section-boxed elementor-section-height-default elementor-section-height-default\" data-id=\"247090f\" data-element_type=\"section\" data-e-type=\"section\" data-settings=\"{&quot;stretch_section&quot;:&quot;section-stretched&quot;,&quot;background_background&quot;:&quot;classic&quot;,&quot;shape_divider_top&quot;:&quot;opacity-tilt&quot;}\">\n\t\t\t\t\t<div class=\"elementor-shape elementor-shape-top\" aria-hidden=\"true\" data-negative=\"false\">\n\t\t\t<svg xmlns=\"http:\/\/www.w3.org\/2000\/svg\" viewBox=\"0 0 2600 131.1\" preserveAspectRatio=\"none\">\n\t<path class=\"elementor-shape-fill\" d=\"M0 0L2600 0 2600 69.1 0 0z\"\/>\n\t<path class=\"elementor-shape-fill\" style=\"opacity:0.5\" d=\"M0 0L2600 0 2600 69.1 0 69.1z\"\/>\n\t<path class=\"elementor-shape-fill\" style=\"opacity:0.25\" d=\"M2600 0L0 0 0 130.1 2600 69.1z\"\/>\n<\/svg>\t\t<\/div>\n\t\t\t\t\t<div class=\"elementor-container elementor-column-gap-default\">\n\t\t\t\t\t<div class=\"elementor-column elementor-col-100 elementor-top-column elementor-element elementor-element-27de331\" data-id=\"27de331\" data-element_type=\"column\" data-e-type=\"column\">\n\t\t\t<div class=\"elementor-widget-wrap elementor-element-populated\">\n\t\t\t\t\t\t<div class=\"elementor-element elementor-element-8e55071 elementor-widget elementor-widget-heading\" data-id=\"8e55071\" data-element_type=\"widget\" data-e-type=\"widget\" data-widget_type=\"heading.default\">\n\t\t\t\t<div class=\"elementor-widget-container\">\n\t\t\t\t\t<h3 class=\"elementor-heading-title elementor-size-default\">COM PUC ARRODONIR LA MEVA COMANDA?<br>\u00c9s tan f\u00e0cil com dir \u00abs\u00ed\u00bb.<\/h3>\t\t\t\t<\/div>\n\t\t\t\t<\/div>\n\t\t\t\t\t<\/div>\n\t\t<\/div>\n\t\t\t\t\t<\/div>\n\t\t<\/section>\n\t\t\t\t<section class=\"elementor-section elementor-top-section elementor-element elementor-element-32801d0 elementor-section-boxed elementor-section-height-default elementor-section-height-default\" data-id=\"32801d0\" data-element_type=\"section\" data-e-type=\"section\">\n\t\t\t\t\t\t<div class=\"elementor-container elementor-column-gap-default\">\n\t\t\t\t\t<div class=\"elementor-column elementor-col-25 elementor-top-column elementor-element elementor-element-a7f52b5\" data-id=\"a7f52b5\" data-element_type=\"column\" data-e-type=\"column\">\n\t\t\t<div class=\"elementor-widget-wrap\">\n\t\t\t\t\t\t\t<\/div>\n\t\t<\/div>\n\t\t\t\t<div class=\"elementor-column elementor-col-50 elementor-top-column elementor-element elementor-element-50721b8\" data-id=\"50721b8\" data-element_type=\"column\" data-e-type=\"column\">\n\t\t\t<div class=\"elementor-widget-wrap elementor-element-populated\">\n\t\t\t\t\t\t<div class=\"elementor-element elementor-element-9c47ded elementor-widget elementor-widget-spacer\" data-id=\"9c47ded\" data-element_type=\"widget\" data-e-type=\"widget\" data-widget_type=\"spacer.default\">\n\t\t\t\t<div class=\"elementor-widget-container\">\n\t\t\t\t\t\t\t<div class=\"elementor-spacer\">\n\t\t\t<div class=\"elementor-spacer-inner\"><\/div>\n\t\t<\/div>\n\t\t\t\t\t\t<\/div>\n\t\t\t\t<\/div>\n\t\t\t\t<div class=\"elementor-element elementor-element-d1a8b23 elementor-widget elementor-widget-text-editor\" data-id=\"d1a8b23\" data-element_type=\"widget\" data-e-type=\"widget\" data-widget_type=\"text-editor.default\">\n\t\t\t\t<div class=\"elementor-widget-container\">\n\t\t\t\t\t\t\t\t\t<p>1. Fes la teva comanda a caixa.<\/p><p>2. Digues que pagues amb targeta.<\/p><p>3. Clica \u00abs\u00ed\u00bb a la pantalla del dat\u00e0fon quan et demani si vols arrodonir la teva comanda.<\/p><p>4. Paga amb normalitat.<\/p>\t\t\t\t\t\t\t\t<\/div>\n\t\t\t\t<\/div>\n\t\t\t\t<div class=\"elementor-element elementor-element-d6ea533 elementor-widget-divider--view-line elementor-widget elementor-widget-divider\" data-id=\"d6ea533\" data-element_type=\"widget\" data-e-type=\"widget\" data-widget_type=\"divider.default\">\n\t\t\t\t<div class=\"elementor-widget-container\">\n\t\t\t\t\t\t\t<div class=\"elementor-divider\">\n\t\t\t<span class=\"elementor-divider-separator\">\n\t\t\t\t\t\t<\/span>\n\t\t<\/div>\n\t\t\t\t\t\t<\/div>\n\t\t\t\t<\/div>\n\t\t\t\t<div class=\"elementor-element elementor-element-66a346c elementor-widget elementor-widget-text-editor\" data-id=\"66a346c\" data-element_type=\"widget\" data-e-type=\"widget\" data-widget_type=\"text-editor.default\">\n\t\t\t\t<div class=\"elementor-widget-container\">\n\t\t\t\t\t\t\t\t\t<p><strong>Portem a terme aquesta iniciativa amb la col\u00b7laboraci\u00f3 de:<\/strong><\/p>\t\t\t\t\t\t\t\t<\/div>\n\t\t\t\t<\/div>\n\t\t\t\t<div class=\"elementor-element elementor-element-815c6a6 elementor-widget elementor-widget-image\" data-id=\"815c6a6\" data-element_type=\"widget\" data-e-type=\"widget\" data-widget_type=\"image.default\">\n\t\t\t\t<div class=\"elementor-widget-container\">\n\t\t\t\t\t\t\t\t\t\t\t\t\t\t\t<img loading=\"lazy\" decoding=\"async\" width=\"768\" height=\"448\" src=\"https:\/\/www.viena.es\/wp-content\/uploads\/2019\/09\/VIENA-AMPANS-WORLDCOO-768X448-768x448-1.jpg\" class=\"attachment-medium size-medium wp-image-10564 img-fluid \" alt=\"\" \/>\t\t\t\t\t\t\t\t\t\t\t\t\t\t\t<\/div>\n\t\t\t\t<\/div>\n\t\t\t\t\t<\/div>\n\t\t<\/div>\n\t\t\t\t<div class=\"elementor-column elementor-col-25 elementor-top-column elementor-element elementor-element-c48b8e4\" data-id=\"c48b8e4\" data-element_type=\"column\" data-e-type=\"column\">\n\t\t\t<div class=\"elementor-widget-wrap\">\n\t\t\t\t\t\t\t<\/div>\n\t\t<\/div>\n\t\t\t\t\t<\/div>\n\t\t<\/section>\n\t\t\t\t<\/div>\n\t\t","protected":false},"excerpt":{"rendered":"<p>Impulsem una nova iniciativa solid\u00e0ria amb la col\u00b7laboraci\u00f3 de la Fundaci\u00f3 AMPANS, en pro d\u2019una societat m\u00e9s inclusiva. <\/p>\n","protected":false},"author":1,"featured_media":26328,"comment_status":"closed","ping_status":"closed","sticky":false,"template":"","format":"standard","meta":{"footnotes":""},"categories":[65],"class_list":["post-10307","post","type-post","status-publish","format-standard","has-post-thumbnail","hentry","category-societat"],"yoast_head":"<!-- This site is optimized with the Yoast SEO plugin v24.4 - https:\/\/yoast.com\/wordpress\/plugins\/seo\/ -->\n<title>C\u00e8ntim a c\u00e8ntim, creem oportunitats - Viena<\/title>\n<meta name=\"robots\" content=\"index, follow, max-snippet:-1, max-image-preview:large, max-video-preview:-1\" \/>\n<link rel=\"canonical\" href=\"https:\/\/www.viena.es\/ca\/blog\/societat\/centim-a-centim-creem-oportunitats\/\" \/>\n<meta property=\"og:locale\" content=\"ca_ES\" \/>\n<meta property=\"og:type\" content=\"article\" \/>\n<meta property=\"og:title\" content=\"C\u00e8ntim a c\u00e8ntim, creem oportunitats - Viena\" \/>\n<meta property=\"og:description\" content=\"Impulsem una nova iniciativa solid\u00e0ria amb la col\u00b7laboraci\u00f3 de la Fundaci\u00f3 AMPANS, en pro d\u2019una societat m\u00e9s inclusiva.\" \/>\n<meta property=\"og:url\" content=\"https:\/\/www.viena.es\/ca\/blog\/societat\/centim-a-centim-creem-oportunitats\/\" \/>\n<meta property=\"og:site_name\" content=\"Viena\" \/>\n<meta property=\"article:publisher\" content=\"http:\/\/www.facebook.com\/VienaSocVienes\" \/>\n<meta property=\"article:published_time\" content=\"2019-09-30T12:20:00+00:00\" \/>\n<meta property=\"article:modified_time\" content=\"2022-03-23T09:59:25+00:00\" \/>\n<meta property=\"og:image\" content=\"https:\/\/www.viena.es\/wp-content\/uploads\/2022\/02\/ampansBlog.jpg\" \/>\n\t<meta property=\"og:image:width\" content=\"768\" \/>\n\t<meta property=\"og:image:height\" content=\"768\" \/>\n\t<meta property=\"og:image:type\" content=\"image\/jpeg\" \/>\n<meta name=\"author\" content=\"jordi\" \/>\n<meta name=\"twitter:card\" content=\"summary_large_image\" \/>\n<meta name=\"twitter:label1\" content=\"Escrit per\" \/>\n\t<meta name=\"twitter:data1\" content=\"jordi\" \/>\n\t<meta name=\"twitter:label2\" content=\"Temps estimat de lectura\" \/>\n\t<meta name=\"twitter:data2\" content=\"4 minuts\" \/>\n<script type=\"application\/ld+json\" class=\"yoast-schema-graph\">{\"@context\":\"https:\/\/schema.org\",\"@graph\":[{\"@type\":\"Article\",\"@id\":\"https:\/\/www.viena.es\/ca\/blog\/societat\/centim-a-centim-creem-oportunitats\/#article\",\"isPartOf\":{\"@id\":\"https:\/\/www.viena.es\/ca\/blog\/societat\/centim-a-centim-creem-oportunitats\/\"},\"author\":{\"name\":\"jordi\",\"@id\":\"https:\/\/www.viena.es\/ca\/#\/schema\/person\/bde8bba76a5c238d17a57ba546c0fb31\"},\"headline\":\"C\u00e8ntim a c\u00e8ntim, creem oportunitats\",\"datePublished\":\"2019-09-30T12:20:00+00:00\",\"dateModified\":\"2022-03-23T09:59:25+00:00\",\"mainEntityOfPage\":{\"@id\":\"https:\/\/www.viena.es\/ca\/blog\/societat\/centim-a-centim-creem-oportunitats\/\"},\"wordCount\":793,\"publisher\":{\"@id\":\"https:\/\/www.viena.es\/ca\/#organization\"},\"image\":{\"@id\":\"https:\/\/www.viena.es\/ca\/blog\/societat\/centim-a-centim-creem-oportunitats\/#primaryimage\"},\"thumbnailUrl\":\"https:\/\/www.viena.es\/wp-content\/uploads\/2022\/02\/ampansBlog.jpg\",\"articleSection\":[\"Societat\"],\"inLanguage\":\"ca\"},{\"@type\":\"WebPage\",\"@id\":\"https:\/\/www.viena.es\/ca\/blog\/societat\/centim-a-centim-creem-oportunitats\/\",\"url\":\"https:\/\/www.viena.es\/ca\/blog\/societat\/centim-a-centim-creem-oportunitats\/\",\"name\":\"C\u00e8ntim a c\u00e8ntim, creem oportunitats - Viena\",\"isPartOf\":{\"@id\":\"https:\/\/www.viena.es\/ca\/#website\"},\"primaryImageOfPage\":{\"@id\":\"https:\/\/www.viena.es\/ca\/blog\/societat\/centim-a-centim-creem-oportunitats\/#primaryimage\"},\"image\":{\"@id\":\"https:\/\/www.viena.es\/ca\/blog\/societat\/centim-a-centim-creem-oportunitats\/#primaryimage\"},\"thumbnailUrl\":\"https:\/\/www.viena.es\/wp-content\/uploads\/2022\/02\/ampansBlog.jpg\",\"datePublished\":\"2019-09-30T12:20:00+00:00\",\"dateModified\":\"2022-03-23T09:59:25+00:00\",\"breadcrumb\":{\"@id\":\"https:\/\/www.viena.es\/ca\/blog\/societat\/centim-a-centim-creem-oportunitats\/#breadcrumb\"},\"inLanguage\":\"ca\",\"potentialAction\":[{\"@type\":\"ReadAction\",\"target\":[\"https:\/\/www.viena.es\/ca\/blog\/societat\/centim-a-centim-creem-oportunitats\/\"]}]},{\"@type\":\"ImageObject\",\"inLanguage\":\"ca\",\"@id\":\"https:\/\/www.viena.es\/ca\/blog\/societat\/centim-a-centim-creem-oportunitats\/#primaryimage\",\"url\":\"https:\/\/www.viena.es\/wp-content\/uploads\/2022\/02\/ampansBlog.jpg\",\"contentUrl\":\"https:\/\/www.viena.es\/wp-content\/uploads\/2022\/02\/ampansBlog.jpg\",\"width\":768,\"height\":768},{\"@type\":\"BreadcrumbList\",\"@id\":\"https:\/\/www.viena.es\/ca\/blog\/societat\/centim-a-centim-creem-oportunitats\/#breadcrumb\",\"itemListElement\":[{\"@type\":\"ListItem\",\"position\":1,\"name\":\"Home\",\"item\":\"https:\/\/www.viena.es\/ca\/\"},{\"@type\":\"ListItem\",\"position\":2,\"name\":\"C\u00e8ntim a c\u00e8ntim, creem oportunitats\"}]},{\"@type\":\"WebSite\",\"@id\":\"https:\/\/www.viena.es\/ca\/#website\",\"url\":\"https:\/\/www.viena.es\/ca\/\",\"name\":\"Viena\",\"description\":\"\",\"publisher\":{\"@id\":\"https:\/\/www.viena.es\/ca\/#organization\"},\"potentialAction\":[{\"@type\":\"SearchAction\",\"target\":{\"@type\":\"EntryPoint\",\"urlTemplate\":\"https:\/\/www.viena.es\/ca\/?s={search_term_string}\"},\"query-input\":{\"@type\":\"PropertyValueSpecification\",\"valueRequired\":true,\"valueName\":\"search_term_string\"}}],\"inLanguage\":\"ca\"},{\"@type\":\"Organization\",\"@id\":\"https:\/\/www.viena.es\/ca\/#organization\",\"name\":\"Viena\",\"url\":\"https:\/\/www.viena.es\/ca\/\",\"logo\":{\"@type\":\"ImageObject\",\"inLanguage\":\"ca\",\"@id\":\"https:\/\/www.viena.es\/ca\/#\/schema\/logo\/image\/\",\"url\":\"https:\/\/www.viena.es\/wp-content\/uploads\/2022\/06\/viena-logo.png\",\"contentUrl\":\"https:\/\/www.viena.es\/wp-content\/uploads\/2022\/06\/viena-logo.png\",\"width\":256,\"height\":52,\"caption\":\"Viena\"},\"image\":{\"@id\":\"https:\/\/www.viena.es\/ca\/#\/schema\/logo\/image\/\"},\"sameAs\":[\"http:\/\/www.facebook.com\/VienaSocVienes\",\"http:\/\/www.instagram.com\/Vienasocvienes\"]},{\"@type\":\"Person\",\"@id\":\"https:\/\/www.viena.es\/ca\/#\/schema\/person\/bde8bba76a5c238d17a57ba546c0fb31\",\"name\":\"jordi\",\"sameAs\":[\"https:\/\/www.viena.es\"]}]}<\/script>\n<!-- \/ Yoast SEO plugin. -->","yoast_head_json":{"title":"C\u00e8ntim a c\u00e8ntim, creem oportunitats - Viena","robots":{"index":"index","follow":"follow","max-snippet":"max-snippet:-1","max-image-preview":"max-image-preview:large","max-video-preview":"max-video-preview:-1"},"canonical":"https:\/\/www.viena.es\/ca\/blog\/societat\/centim-a-centim-creem-oportunitats\/","og_locale":"ca_ES","og_type":"article","og_title":"C\u00e8ntim a c\u00e8ntim, creem oportunitats - Viena","og_description":"Impulsem una nova iniciativa solid\u00e0ria amb la col\u00b7laboraci\u00f3 de la Fundaci\u00f3 AMPANS, en pro d\u2019una societat m\u00e9s inclusiva.","og_url":"https:\/\/www.viena.es\/ca\/blog\/societat\/centim-a-centim-creem-oportunitats\/","og_site_name":"Viena","article_publisher":"http:\/\/www.facebook.com\/VienaSocVienes","article_published_time":"2019-09-30T12:20:00+00:00","article_modified_time":"2022-03-23T09:59:25+00:00","og_image":[{"width":768,"height":768,"url":"https:\/\/www.viena.es\/wp-content\/uploads\/2022\/02\/ampansBlog.jpg","type":"image\/jpeg"}],"author":"jordi","twitter_card":"summary_large_image","twitter_misc":{"Escrit per":"jordi","Temps estimat de lectura":"4 minuts"},"schema":{"@context":"https:\/\/schema.org","@graph":[{"@type":"Article","@id":"https:\/\/www.viena.es\/ca\/blog\/societat\/centim-a-centim-creem-oportunitats\/#article","isPartOf":{"@id":"https:\/\/www.viena.es\/ca\/blog\/societat\/centim-a-centim-creem-oportunitats\/"},"author":{"name":"jordi","@id":"https:\/\/www.viena.es\/ca\/#\/schema\/person\/bde8bba76a5c238d17a57ba546c0fb31"},"headline":"C\u00e8ntim a c\u00e8ntim, creem oportunitats","datePublished":"2019-09-30T12:20:00+00:00","dateModified":"2022-03-23T09:59:25+00:00","mainEntityOfPage":{"@id":"https:\/\/www.viena.es\/ca\/blog\/societat\/centim-a-centim-creem-oportunitats\/"},"wordCount":793,"publisher":{"@id":"https:\/\/www.viena.es\/ca\/#organization"},"image":{"@id":"https:\/\/www.viena.es\/ca\/blog\/societat\/centim-a-centim-creem-oportunitats\/#primaryimage"},"thumbnailUrl":"https:\/\/www.viena.es\/wp-content\/uploads\/2022\/02\/ampansBlog.jpg","articleSection":["Societat"],"inLanguage":"ca"},{"@type":"WebPage","@id":"https:\/\/www.viena.es\/ca\/blog\/societat\/centim-a-centim-creem-oportunitats\/","url":"https:\/\/www.viena.es\/ca\/blog\/societat\/centim-a-centim-creem-oportunitats\/","name":"C\u00e8ntim a c\u00e8ntim, creem oportunitats - Viena","isPartOf":{"@id":"https:\/\/www.viena.es\/ca\/#website"},"primaryImageOfPage":{"@id":"https:\/\/www.viena.es\/ca\/blog\/societat\/centim-a-centim-creem-oportunitats\/#primaryimage"},"image":{"@id":"https:\/\/www.viena.es\/ca\/blog\/societat\/centim-a-centim-creem-oportunitats\/#primaryimage"},"thumbnailUrl":"https:\/\/www.viena.es\/wp-content\/uploads\/2022\/02\/ampansBlog.jpg","datePublished":"2019-09-30T12:20:00+00:00","dateModified":"2022-03-23T09:59:25+00:00","breadcrumb":{"@id":"https:\/\/www.viena.es\/ca\/blog\/societat\/centim-a-centim-creem-oportunitats\/#breadcrumb"},"inLanguage":"ca","potentialAction":[{"@type":"ReadAction","target":["https:\/\/www.viena.es\/ca\/blog\/societat\/centim-a-centim-creem-oportunitats\/"]}]},{"@type":"ImageObject","inLanguage":"ca","@id":"https:\/\/www.viena.es\/ca\/blog\/societat\/centim-a-centim-creem-oportunitats\/#primaryimage","url":"https:\/\/www.viena.es\/wp-content\/uploads\/2022\/02\/ampansBlog.jpg","contentUrl":"https:\/\/www.viena.es\/wp-content\/uploads\/2022\/02\/ampansBlog.jpg","width":768,"height":768},{"@type":"BreadcrumbList","@id":"https:\/\/www.viena.es\/ca\/blog\/societat\/centim-a-centim-creem-oportunitats\/#breadcrumb","itemListElement":[{"@type":"ListItem","position":1,"name":"Home","item":"https:\/\/www.viena.es\/ca\/"},{"@type":"ListItem","position":2,"name":"C\u00e8ntim a c\u00e8ntim, creem oportunitats"}]},{"@type":"WebSite","@id":"https:\/\/www.viena.es\/ca\/#website","url":"https:\/\/www.viena.es\/ca\/","name":"Viena","description":"","publisher":{"@id":"https:\/\/www.viena.es\/ca\/#organization"},"potentialAction":[{"@type":"SearchAction","target":{"@type":"EntryPoint","urlTemplate":"https:\/\/www.viena.es\/ca\/?s={search_term_string}"},"query-input":{"@type":"PropertyValueSpecification","valueRequired":true,"valueName":"search_term_string"}}],"inLanguage":"ca"},{"@type":"Organization","@id":"https:\/\/www.viena.es\/ca\/#organization","name":"Viena","url":"https:\/\/www.viena.es\/ca\/","logo":{"@type":"ImageObject","inLanguage":"ca","@id":"https:\/\/www.viena.es\/ca\/#\/schema\/logo\/image\/","url":"https:\/\/www.viena.es\/wp-content\/uploads\/2022\/06\/viena-logo.png","contentUrl":"https:\/\/www.viena.es\/wp-content\/uploads\/2022\/06\/viena-logo.png","width":256,"height":52,"caption":"Viena"},"image":{"@id":"https:\/\/www.viena.es\/ca\/#\/schema\/logo\/image\/"},"sameAs":["http:\/\/www.facebook.com\/VienaSocVienes","http:\/\/www.instagram.com\/Vienasocvienes"]},{"@type":"Person","@id":"https:\/\/www.viena.es\/ca\/#\/schema\/person\/bde8bba76a5c238d17a57ba546c0fb31","name":"jordi","sameAs":["https:\/\/www.viena.es"]}]}},"_links":{"self":[{"href":"https:\/\/www.viena.es\/ca\/wp-json\/wp\/v2\/posts\/10307","targetHints":{"allow":["GET"]}}],"collection":[{"href":"https:\/\/www.viena.es\/ca\/wp-json\/wp\/v2\/posts"}],"about":[{"href":"https:\/\/www.viena.es\/ca\/wp-json\/wp\/v2\/types\/post"}],"author":[{"embeddable":true,"href":"https:\/\/www.viena.es\/ca\/wp-json\/wp\/v2\/users\/1"}],"replies":[{"embeddable":true,"href":"https:\/\/www.viena.es\/ca\/wp-json\/wp\/v2\/comments?post=10307"}],"version-history":[{"count":52,"href":"https:\/\/www.viena.es\/ca\/wp-json\/wp\/v2\/posts\/10307\/revisions"}],"predecessor-version":[{"id":42667,"href":"https:\/\/www.viena.es\/ca\/wp-json\/wp\/v2\/posts\/10307\/revisions\/42667"}],"wp:featuredmedia":[{"embeddable":true,"href":"https:\/\/www.viena.es\/ca\/wp-json\/wp\/v2\/media\/26328"}],"wp:attachment":[{"href":"https:\/\/www.viena.es\/ca\/wp-json\/wp\/v2\/media?parent=10307"}],"wp:term":[{"taxonomy":"category","embeddable":true,"href":"https:\/\/www.viena.es\/ca\/wp-json\/wp\/v2\/categories?post=10307"}],"curies":[{"name":"wp","href":"https:\/\/api.w.org\/{rel}","templated":true}]}}